{"id":11647,"date":"2016-10-17T14:08:59","date_gmt":"2016-10-17T13:08:59","guid":{"rendered":"http:\/\/www.team-outdoor.fr\/blog\/?p=11647"},"modified":"2021-12-31T06:54:43","modified_gmt":"2021-12-31T05:54:43","slug":"quand-le-pyramidal-sen-mele-ou-comment-se-defaire-dune-fausse-sciatique-par-agnes-duhail","status":"publish","type":"post","link":"https:\/\/www.team-outdoor.fr\/blog\/quand-le-pyramidal-sen-mele-ou-comment-se-defaire-dune-fausse-sciatique-par-agnes-duhail\/","title":{"rendered":"Quand le pyramidal s&rsquo;en m\u00eale ou comment se d\u00e9faire d&rsquo;une fausse sciatique par Agn\u00e8s DUHAIL"},"content":{"rendered":"<p style=\"text-align: justify;\"><br class=\"none\"><br class=\"none\"><span style=\"color: #000000;\"><strong><span style=\"font-size: 14pt;\">1. Pr\u00e9ambule.<\/span><\/strong><\/span><\/p>\n<p style=\"text-align: justify;\"><span style=\"color: #000000; font-size: 12pt;\"><strong>Aout 2015, la pr\u00e9paration sp\u00e9cifique pour les 100 kilom\u00e8tres de Millau commence.<\/strong> En mai, j&rsquo;ai boucl\u00e9 le marathon de Sauternes vallonn\u00e9 et exigeant apr\u00e8s une belle pr\u00e9pa. Je reviens \u00e9galement fin juillet de l&rsquo;ascension du Ventoux lors du semi qui porte le m\u00eame nom. Tous les voyants sont au vert. Et en plus, ce sont les vacances, sans contraintes professionnelles, la montagne et des belles siestes pour se reposer! Les 3 premi\u00e8res semaines d\u2019entra\u00eenement se passent \u00e0 merveille. Une semaine en r\u00e9gion parisienne en attendant les vacances, puis quelques belles ascensions de cols (pour se pr\u00e9parer aux c\u00f4tes de Millau) et autres s\u00e9ances de rythme dans les Pyr\u00e9n\u00e9es. Puis, une semaine dans le sud de la France en alternant course et v\u00e9lo avec quelques fois du biquotidien pour monter un peu en volume. Tout se passe bien. La fatigue est pr\u00e9sente mais c&rsquo;est normal, c&rsquo;est une pr\u00e9pa 100 bornes. <\/span><br class=\"none\"><br class=\"none\"><span style=\"color: #000000; font-size: 12pt;\"><strong><a style=\"color: #000000;\" href=\"http:\/\/www.team-outdoor.fr\/blog\/wp-content\/uploads\/2015\/09\/2015-08-29-10.53.53.jpg\"><img loading=\"lazy\" decoding=\"async\" class=\"alignleft size-medium wp-image-8981\" src=\"http:\/\/www.team-outdoor.fr\/blog\/wp-content\/uploads\/2015\/09\/2015-08-29-10.53.53-219x300.jpg\" alt=\"2015-08-29 10.53.53\" width=\"219\" height=\"300\" srcset=\"https:\/\/www.team-outdoor.fr\/blog\/wp-content\/uploads\/2015\/09\/2015-08-29-10.53.53-219x300.jpg 219w, https:\/\/www.team-outdoor.fr\/blog\/wp-content\/uploads\/2015\/09\/2015-08-29-10.53.53-748x1024.jpg 748w, https:\/\/www.team-outdoor.fr\/blog\/wp-content\/uploads\/2015\/09\/2015-08-29-10.53.53-600x821.jpg 600w, https:\/\/www.team-outdoor.fr\/blog\/wp-content\/uploads\/2015\/09\/2015-08-29-10.53.53.jpg 1911w\" sizes=\"auto, (max-width: 219px) 100vw, 219px\" \/><\/a>Puis, arrive la derni\u00e8re semaine de vacances au Ventoux.<\/strong> Je continue \u00e0 suivre le plan d&rsquo;entra\u00eenement. Les allures sont faciles mais je ressens quelque chose de pas normal dans toute ma jambe droite. Elle est comme ankylos\u00e9e, sans tonicit\u00e9 et sans r\u00e9pondant. Je sens quasiment \u00e0 toutes les s\u00e9ances une sensation de jambe lourde et comme une tension permanente. Je ne peux pas dire que cela me fais mal mais c&rsquo;est tr\u00e8s d\u00e9routant. Il y a quelque chose de pas normal. Apr\u00e8s, c&rsquo;est la quatri\u00e8me semaine cons\u00e9cutive d&rsquo;entra\u00eenement sp\u00e9cifique donc c&rsquo;est peut \u00eatre normal d&rsquo;avoir des tensions musculaires avec le volume engrang\u00e9. Je n&rsquo;en sais rien, je n&rsquo;ai jamais fait de pr\u00e9pa 100 bornes. La fin des vacances arrive non sans laisser la place \u00e0 la derni\u00e8re course de pr\u00e9pa : les 50 kilom\u00e8tres des \u00e9tangs de Sologne. Je les ferais sur la fatigue de l\u2019entra\u00eenement de la semaine en ayant quand m\u00eame rel\u00e2ch\u00e9 le vendredi, avant-veille de la course. J&rsquo;ai h\u00e2te. Surtout que je vais partager cela avec Jonathan comme suiveur, une premi\u00e8re exp\u00e9rience dans le monde du 50\/100 kilom\u00e8tres ;)<\/span><br class=\"none\"><br class=\"none\"><span style=\"color: #000000; font-size: 12pt;\"><strong>La forme est bien pr\u00e9sente, confirm\u00e9e par des allures tr\u00e8s facilement tenues. <\/strong>Cependant<strong>,<\/strong> malgr\u00e9 la victoire, cette course me confirme que quelque chose n&rsquo;est pas normal. D\u00e8s les premiers kilom\u00e8tres, je ressens comme des sortes de d\u00e9charges \u00e9lectriques dans la jambe droite :&nbsp;<a style=\"color: #000000;\" href=\"http:\/\/www.team-outdoor.fr\/blog\/entree-dans-le-monde-de-lultra-sur-route-par-agnes-herve\/\" target=\"_blank\" rel=\"noopener\">http:\/\/www.team-outdoor.fr\/blog\/entree-dans-le-monde-de-lultra-sur-route-par-agnes-herve\/<\/a> J&rsquo;arrive \u00e0 les maitriser en posant mon pied autrement mais bon c&rsquo;est pas normal ce truc. Puis, apr\u00e8s la course, je ressens une tr\u00e8s forte douleur \u00e0 la fesse, c\u00f4t\u00e9 droit. Tr\u00e8s forte au point de ne plus pouvoir poser ma jambe droite correctement. Et de temps en temps, je ressens aussi les m\u00eames d\u00e9charges \u00e9lectriques que celles ressenties pendant la course&#8230; Je mets cela sur le compte de la fatigue musculaire bien l\u00e9gitime apr\u00e8s plus de 4h de course et apr\u00e8s l\u2019entra\u00eenement de la semaine. <\/span><\/p>\n<p style=\"text-align: justify;\"><span style=\"color: #000000; font-size: 12pt;\"><strong><a style=\"color: #000000;\" href=\"http:\/\/www.team-outdoor.fr\/blog\/wp-content\/uploads\/2015\/10\/2015-09-26-11.35.50.jpg\"><img loading=\"lazy\" decoding=\"async\" class=\"alignright size-medium wp-image-9167\" src=\"http:\/\/www.team-outdoor.fr\/blog\/wp-content\/uploads\/2015\/10\/2015-09-26-11.35.50-300x225.jpg\" alt=\"2015-09-26 11.35.50\" width=\"300\" height=\"225\" srcset=\"https:\/\/www.team-outdoor.fr\/blog\/wp-content\/uploads\/2015\/10\/2015-09-26-11.35.50-300x225.jpg 300w, https:\/\/www.team-outdoor.fr\/blog\/wp-content\/uploads\/2015\/10\/2015-09-26-11.35.50-1024x768.jpg 1024w, https:\/\/www.team-outdoor.fr\/blog\/wp-content\/uploads\/2015\/10\/2015-09-26-11.35.50-600x450.jpg 600w\" sizes=\"auto, (max-width: 300px) 100vw, 300px\" \/><\/a>Mais ces d\u00e9charges \u00e9lectriques et cette sensation de jambe lourde ne me quitteront plus jusqu&rsquo;\u00e0 Millau,<\/strong> 4 semaines plus tard. Et ce malgr\u00e9 l\u2019arr\u00eat de l\u2019entra\u00eenement. M\u00eame au quotidien, il m&rsquo;est difficile de rester assiste plus d&rsquo;une 1h que cela soit au travail (bon j&rsquo;avoue c&rsquo;est rare!!!) ou en voiture. Les si\u00e8ges du m\u00e9tro de la ligne 6 sont juste insupportables! La douleur s&rsquo;accentue lors des grosses journ\u00e9es au mag pass\u00e9es \u00e0 pi\u00e9tiner. Certes, ce repos de 4 semaines fait que les douleurs se sont transform\u00e9es en petite g\u00e8ne lors des quelques footings que je fais &#8211; \u00e7a fait m\u00eame moins mal que de rester debout \u00e0 pi\u00e9tiner ou assise en voiture!!! -&#8230; mais cette g\u00e8ne s&rsquo;amplifiera au fur et \u00e0 mesure des kilom\u00e8tres lors de ce fameux jour J. Et les d\u00e9charges \u00e9lectriques referont leur apparition d\u00e8s la premi\u00e8re vraie descente, une fois le viaduc de Millau pass\u00e9.&nbsp;<a style=\"color: #000000;\" href=\"http:\/\/www.team-outdoor.fr\/blog\/100-km-de-millau-france-de-trail-2-courses-a-quatre-jambes-un-recit-a-4-mains\/\" target=\"_blank\" rel=\"noopener\">http:\/\/www.team-outdoor.fr\/blog\/100-km-de-millau-france-de-trail-2-courses-a-quatre-jambes-un-recit-a-4-mains\/<\/a> Je ne peux plus courir sans douleur. J&rsquo;arr\u00eaterai l\u00e0 au 50\u00e8me&#8230;. Et c&rsquo;est le d\u00e9but d&rsquo;une longue et tr\u00e8s longue blessure bien relou : la fausse sciatique du coureur&#8230;<br class=\"none\"><br class=\"none\"><a style=\"color: #000000;\" href=\"http:\/\/www.team-outdoor.fr\/blog\/wp-content\/uploads\/2015\/10\/156.jpg\"><img loading=\"lazy\" decoding=\"async\" class=\"aligncenter size-full wp-image-9201\" src=\"http:\/\/www.team-outdoor.fr\/blog\/wp-content\/uploads\/2015\/10\/156.jpg\" alt=\"156\" width=\"474\" height=\"239\" srcset=\"https:\/\/www.team-outdoor.fr\/blog\/wp-content\/uploads\/2015\/10\/156.jpg 474w, https:\/\/www.team-outdoor.fr\/blog\/wp-content\/uploads\/2015\/10\/156-300x151.jpg 300w\" sizes=\"auto, (max-width: 474px) 100vw, 474px\" \/><\/a><br class=\"none\"><br class=\"none\"><span style=\"font-size: 14pt;\"><strong>2. La fausse sciatique du coureur<\/strong><\/span><\/span><br class=\"none\"><br class=\"none\"><span style=\"font-size: 14pt; color: #000000;\"><strong>2.1. Qu&rsquo;appelle-t-on une sciatique?<\/strong><\/span><\/p>\n<p style=\"text-align: justify;\"><span style=\"font-size: 12pt; color: #000000;\"><strong>Le nerf sciatique<a style=\"color: #000000;\" href=\"http:\/\/www.team-outdoor.fr\/blog\/wp-content\/uploads\/2016\/10\/sant\u00e9-nerf-sciatique-gp3.gif\"><img loading=\"lazy\" decoding=\"async\" class=\"alignleft size-medium wp-image-11652\" src=\"http:\/\/www.team-outdoor.fr\/blog\/wp-content\/uploads\/2016\/10\/sant\u00e9-nerf-sciatique-gp3-218x300.gif\" alt=\"sante-nerf-sciatique-gp3\" width=\"218\" height=\"300\"><\/a> relie la colonne vert\u00e9brale aux orteils.<\/strong> Il joue un r\u00f4le primordial dans la sensibilit\u00e9 et la motricit\u00e9 du membre inf\u00e9rieur. C\u2019est le plus long et le plus large nerf du corps humain. La n\u00e9vralgie sciatique est li\u00e9e \u00e0 une irritation du nerf sciatique. Cela peut \u00eatre caus\u00e9e par diff\u00e9rents facteurs :<\/span><\/p>\n<p style=\"text-align: justify;\"><span style=\"font-size: 12pt; color: #000000;\"><strong>&#8211; l\u2019\u00e2ge :<\/strong> chez les personnes \u00e2g\u00e9es, le r\u00e9tr\u00e9cissement du canal lombaire o\u00f9 passe le nerf dans son trajet initial peut cr\u00e9er une irritation du nerf sciatique qui produira une douleur localis\u00e9e dans le bas du dos.<br class=\"none\"><\/span><br \/>\n<span style=\"font-size: 12pt; color: #000000;\"> <strong>&#8211; une hernie discale<\/strong> : le pincement des vert\u00e8bres peut venir comprimer l\u2019une des racines du nerf sciatique provoquant une douleur dans le bas du dos.<br class=\"none\"><br class=\"none\"><\/span><\/p>\n<figure id=\"attachment_11649\" aria-describedby=\"caption-attachment-11649\" style=\"width: 500px\" class=\"wp-caption aligncenter\"><a style=\"color: #000000;\" href=\"http:\/\/www.team-outdoor.fr\/blog\/wp-content\/uploads\/2016\/10\/sciatique.jpg\"><img loading=\"lazy\" decoding=\"async\" class=\"wp-image-11649 size-full\" src=\"http:\/\/www.team-outdoor.fr\/blog\/wp-content\/uploads\/2016\/10\/sciatique.jpg\" alt=\"sciatique\" width=\"500\" height=\"587\" srcset=\"https:\/\/www.team-outdoor.fr\/blog\/wp-content\/uploads\/2016\/10\/sciatique.jpg 500w, https:\/\/www.team-outdoor.fr\/blog\/wp-content\/uploads\/2016\/10\/sciatique-256x300.jpg 256w\" sizes=\"auto, (max-width: 500px) 100vw, 500px\" \/><\/a><figcaption id=\"caption-attachment-11649\" class=\"wp-caption-text\"><span style=\"color: #000000;\"><em>la sciatique due \u00e0 une hernie discale<\/em><\/span><\/figcaption><\/figure>\n<p style=\"text-align: justify;\"><span style=\"font-size: 12pt; color: #000000;\"><br class=\"none\"><\/span><br \/>\n<span style=\"font-size: 12pt; color: #000000;\"> <strong>&#8211; le syndrome du piriforme :<\/strong> c\u2019est la cause la plus commune chez l\u2019athl\u00e8te. Le muscle piriforme (ou pyramidal) peut, sous l\u2019action d\u2019une inflammation ou d\u2019un volume d&rsquo;exercices trop important, venir comprimer le nerf sciatique sur son trajet et donc, provoquer une douleur aig\u00fce au niveau de la fesse, de la hanche et sur l&rsquo;arri\u00e8re de la jambe jusqu&rsquo;au genou.<br class=\"none\"><br class=\"none\"><\/span><\/p>\n<p style=\"text-align: justify;\"><span style=\"font-size: 12pt; color: #000000;\"><br class=\"none\"><span style=\"font-size: 14pt;\"><strong>2.2. Enfin, un diagnostique!<\/strong><\/span><\/span><\/p>\n<p style=\"text-align: justify;\"><span style=\"font-size: 12pt; color: #000000;\"><strong>A force de chercher sur le net<\/strong> ce que pouvaient \u00eatre ces d\u00e9charges \u00e9lectriques et cette sensation de jambe sans motricit\u00e9 li\u00e9es \u00e0 la douleur \u00e0 la fesses ainsi qu&rsquo;\u00e0 l&rsquo;ischio jambier, je suis tomb\u00e9e sur l&rsquo;\u00e9vidence du diagnostic. C&rsquo;est une sciatique. Mon ami et podologue Fabrice Millet me confirme que cela doit \u00eatre cela, puisqu&rsquo;il est pass\u00e9 par l\u00e0 tout r\u00e9cemment. A ce moment-l\u00e0, je ne connais pas du tout la possibilit\u00e9 des deux origines de la sciatalgie. Apr\u00e8s 4 semaines sans am\u00e9liorations, je me d\u00e9cide \u00e0 aller consulter mon m\u00e9decin du sport qui me prescrit un scanner pour d\u00e9tecter une hernie lombaire L4\/L5. Rien n&rsquo;est remarqu\u00e9 par le radiologue mis \u00e0 part un canal \u00e9troit qui peut ne pas arranger les choses en cas de hernie mais, \u00e0 priori, pas de hernie (c&rsquo;est d\u00e9j\u00e0 \u00e7a!!!). Apr\u00e8s 4 semaines de traitement anti-inflammatoire et arr\u00eat de toute course \u00e0 pied (juste de la marche nordique), la douleur est toujours pr\u00e9sente voire pire qu&rsquo;avant l&rsquo;arr\u00eat de la course. Le v\u00e9lo est juste inenvisageable vue la douleur occasionn\u00e9e sur la fesse.&nbsp; Le quotidien est difficilement g\u00e9rable entre les transports en train\/m\u00e9tro assise dans de mauvaises conditions et le pi\u00e9tinement au magasin. Mon m\u00e9decin me prescrit alors une IRM car certaines hernies discales ne sont pas d\u00e9tectables au scanner. <\/span><\/p>\n<p style=\"text-align: justify;\"><span style=\"font-size: 12pt; color: #000000;\"><strong>Entre temps, j&rsquo;ai \u00e9pluch\u00e9 toute la documentation possible sur internet<\/strong> et je suis tomb\u00e9e sur cette pathologie touchant particuli\u00e8rement les coureurs \u00e0 pied et encore plus les centbornards : le syndrome du pyramidal. Le r\u00e9sultat le l&rsquo;IRM \u00e9tat n\u00e9gatif quant \u00e0 la pr\u00e9sence d&rsquo;une hernie discale. je parle de ma pr\u00e9somption de fausse sciatique au m\u00e9decin qui me re\u00e7oit et je lui expose ce que je pense avoir. C&rsquo;est un coureur \u00e0 pied aussi. Il me dit qu&rsquo;en effet, cela peut tr\u00e8s bien correspondre \u00e0 ce type de sciatalgie. Il me conseille de faire des s\u00e9ances de kin\u00e9 en MTP, et de changer ma foul\u00e9e en attaque \u00e0 plat pour moins solliciter la chaine arri\u00e8re et donc la fesse. Je comprends d\u00e8s lors, mieux pourquoi, j&rsquo;avais de plus en plus mal malgr\u00e9 le fait d&rsquo;avoir remplac\u00e9 la course par la marche nordique: \u00e0 force de faire de la marche nordique qui sollicite les fessiers bien plus que la course!!!<\/span><\/p>\n<p style=\"text-align: justify;\"><span style=\"font-size: 12pt; color: #000000;\">Du coup, voici comment une contracture du muscle piriforme ou pyramidal peut provoquer une sciatalgie<br class=\"none\"><br class=\"none\"><\/span><\/p>\n<p style=\"text-align: justify;\"><span style=\"color: #000000;\"><strong><span style=\"font-size: 14pt;\">2.3. Le syndrome du pyramidale ou sciatique tronqu\u00e9e<\/span><\/strong><\/span><\/p>\n<p style=\"text-align: justify;\"><span style=\"color: #000000;\"><span style=\"font-size: 14pt;\"><strong>2.3.1. Le muscle piriforme quesaquo?<br class=\"none\"><br class=\"none\"><\/strong><\/span><span style=\"font-size: 12pt;\"><a href=\"http:\/\/www.team-outdoor.fr\/blog\/wp-content\/uploads\/2016\/10\/Sacroiliac-Joint-nerves-piriformis.jpg\"><img loading=\"lazy\" decoding=\"async\" class=\"alignright size-medium wp-image-11681\" src=\"http:\/\/www.team-outdoor.fr\/blog\/wp-content\/uploads\/2016\/10\/Sacroiliac-Joint-nerves-piriformis-300x244.jpg\" alt=\"sacroiliac-joint-nerves-piriformis\" width=\"300\" height=\"244\" srcset=\"https:\/\/www.team-outdoor.fr\/blog\/wp-content\/uploads\/2016\/10\/Sacroiliac-Joint-nerves-piriformis-300x244.jpg 300w, https:\/\/www.team-outdoor.fr\/blog\/wp-content\/uploads\/2016\/10\/Sacroiliac-Joint-nerves-piriformis.jpg 519w\" sizes=\"auto, (max-width: 300px) 100vw, 300px\" \/><\/a>Ce petit muscle part du sacrum, l\u2019os en c\u00f4ne situ\u00e9 \u00e0 la base de la colonne vert\u00e9brale et qui s\u2019encastre dans le bassin. Il rejoint le haut du f\u00e9mur, l\u2019os de la cuisse. Ainsi, il contribue \u00e0 stabiliser et \u00e0 contr\u00f4ler la position de l\u2019articulation dite \u00ab sacro-iliaque \u00bb. Quand il se contracte, il fait aussi tourner le membre inf\u00e9rieur et le pied vers l\u2019ext\u00e9rieur.<\/span><\/span><\/p>\n<p style=\"text-align: justify;\"><span style=\"font-size: 12pt; color: #000000;\"><strong>Ce muscle piriforme a donc plusieurs fonctions. Il est :<\/strong> <\/span><\/p>\n<p><span style=\"font-size: 12pt; color: #000000;\">&#8211; Abducteur de la cuisse sur le bassin<\/span><br \/>\n<span style=\"color: #000000;\"> &#8211; <span style=\"font-size: 12pt;\">Rotateur externe de la cuisse entre 0 et 60\u00b0 de flexion de hanche.<\/span><\/span><br \/>\n<span style=\"font-size: 12pt; color: #000000;\"> &#8211; Rotateur interne de la cuisse apr\u00e8s 60\u00b0 de flexion de hanche.<br class=\"none\"><\/span><br class=\"none\"><br class=\"none\"><span style=\"font-size: 14pt; color: #000000;\"><strong>2.3.2 Les sympt\u00f4mes<br class=\"none\"><\/strong><\/span><br class=\"none\"><span style=\"font-size: 12pt; color: #000000;\"><a href=\"http:\/\/www.team-outdoor.fr\/blog\/wp-content\/uploads\/2016\/10\/2016-10-17_14-36-50.jpg\"><img loading=\"lazy\" decoding=\"async\" class=\"alignleft wp-image-11682 size-medium\" src=\"http:\/\/www.team-outdoor.fr\/blog\/wp-content\/uploads\/2016\/10\/2016-10-17_14-36-50-300x246.jpg\" alt=\"2016-10-17_14-36-50\" width=\"300\" height=\"246\" srcset=\"https:\/\/www.team-outdoor.fr\/blog\/wp-content\/uploads\/2016\/10\/2016-10-17_14-36-50-300x246.jpg 300w, https:\/\/www.team-outdoor.fr\/blog\/wp-content\/uploads\/2016\/10\/2016-10-17_14-36-50.jpg 487w\" sizes=\"auto, (max-width: 300px) 100vw, 300px\" \/><\/a>La douleur ressentie lors d&rsquo;un syndrome du piriforme est sourde et profonde, diffuse, situ\u00e9e dans la r\u00e9gion de la fesse et irradiant principalement derri\u00e8re la cuisse, parfois au mollet et plus rarement jusqu&rsquo;\u00e0 l&rsquo;arri\u00e8re de la cheville et au pied. (notion de bascule) La douleur peut aussi \u00eatre ressentie dans le bas du dos, \u00e0 la hanche, \u00e0 l&rsquo;articulation sacroiliaque et, dans certains cas, \u00e0 l&rsquo;aine.<\/span><\/p>\n<p style=\"text-align: justify;\"><span style=\"font-size: 12pt; color: #000000;\">Bref tout ce que je ressentais!<br class=\"none\"><br class=\"none\"><\/span><\/p>\n<p style=\"text-align: justify;\"><span style=\"font-size: 14pt; color: #000000;\"><strong>2.3.3. L&rsquo;origine<\/strong><\/span><\/p>\n<p style=\"text-align: justify;\"><span style=\"font-size: 12pt; color: #000000;\"><strong>Une sciatalgie appel\u00e9e syndrome du pyramidal<\/strong> peut \u00eatre provoqu\u00e9e par compression du nerf sciatique par le muscle pyramidal car chez 60 % des individus, le nerf sciatique passe sous le pyramidal lors de leur court trajet commun (cas 1), tandis que pour 40 % le nerf sciatique passe \u00e0 travers ce muscle&nbsp;(cas 2 et 4) totalement ou en partie voir sch\u00e9ma) ou l&rsquo;entoure (cas 3), se rendant ainsi susceptible d&rsquo;\u00eatre compress\u00e9 par ce dernier. Une forte pronation, une augmentation de l&rsquo;entra\u00eenement sur surface dure peuvent amener spasmes et contractures dans le pyramidal et dans les muscles environnants et, par ricochet, une compression du nerf sciatique. Le syndrome du pyramidal mime alors une sciatique tronqu\u00e9e S1 qui se manifeste par une douleur ressentie d&rsquo;un seul c\u00f4t\u00e9 du corps, dans une fesse et, dans certains cas rares, tout le long de la jambe jusqu&rsquo;au pied. Une sciatique est aussi dite tronqu\u00e9e, quand la douleur s&rsquo;arr\u00eate le long du trajet en \u00e9tant \u00e9ventuellement remplac\u00e9e par des fourmillements. les fourmillements, cela me parle : c&rsquo;\u00e9tait devenu mon quotidien!<br class=\"none\"><br class=\"none\">&nbsp;<a style=\"color: #000000;\" href=\"http:\/\/www.team-outdoor.fr\/blog\/wp-content\/uploads\/2016\/10\/v1-1.jpg\"><img loading=\"lazy\" decoding=\"async\" class=\"aligncenter size-full wp-image-11656\" src=\"http:\/\/www.team-outdoor.fr\/blog\/wp-content\/uploads\/2016\/10\/v1-1.jpg\" alt=\"v1\" width=\"776\" height=\"247\" srcset=\"https:\/\/www.team-outdoor.fr\/blog\/wp-content\/uploads\/2016\/10\/v1-1.jpg 776w, https:\/\/www.team-outdoor.fr\/blog\/wp-content\/uploads\/2016\/10\/v1-1-300x95.jpg 300w, https:\/\/www.team-outdoor.fr\/blog\/wp-content\/uploads\/2016\/10\/v1-1-768x244.jpg 768w, https:\/\/www.team-outdoor.fr\/blog\/wp-content\/uploads\/2016\/10\/v1-1-600x191.jpg 600w\" sizes=\"auto, (max-width: 776px) 100vw, 776px\" \/><br class=\"none\"><\/a><strong><span style=\"font-size: 14pt;\">2.3.4. Les facteurs potentiels de blessure en plus des raisons anatomiques<\/span><\/strong><br class=\"none\"><br class=\"none\">&#8211; augmentation de l&rsquo;entra\u00eenement<br class=\"none\">&#8211; forte pronation, voire hyperpronation, li\u00e9e \u00e0 des chaussures et\/ou des orth\u00e8ses podologiques us\u00e9es<br class=\"none\">&#8211; manque de gainage<br class=\"none\">&#8211; manque d&rsquo;\u00e9tirements de la chaine arri\u00e8re<br class=\"none\">&#8211; manque de rotation de la hanche<br class=\"none\">&#8211; hyper sollicitation du muscle fessier (course lente, marche)<br class=\"none\">-attaque talon prononc\u00e9e (course, marche)<br \/>\n<\/span><\/p>\n<p style=\"text-align: justify;\"><span style=\"font-size: 12pt; color: #000000;\"><br class=\"none\">Bref, tout ce que j&rsquo;ai eu! L&rsquo;augmentation de l&rsquo;entra\u00eenement due \u00e0 la pr\u00e9paration du 100 kilom\u00e8tres, une forte pronation d&rsquo;autant plus pr\u00e9sente que l&rsquo;allure de course se r\u00e9duit, des chaussures en fin de vie et une semelle en fin de vie. Arr\u00eat des s\u00e9ances de gainage depuis 2 ans par manque de temps et une vie chang\u00e9e. Plus d&rsquo;\u00e9tirements pour les m\u00eames raisons. Et marche nordique intensive sollicitant le fessier pendant la phase d&rsquo;arr\u00eat de la course \u00e0 pied!<br \/>\n<\/span><\/p>\n<p style=\"text-align: justify;\"><br class=\"none\"><span style=\"color: #000000;\"><strong><span style=\"font-size: 14pt;\">3. Vers la gu\u00e9rison&#8230;<\/span><br class=\"none\"><br class=\"none\"><\/strong><span style=\"font-size: 12pt;\">En tout premier lieu, vous devez vous armer de patience car cela peut \u00eatre tr\u00e8s long.<br class=\"none\"><br class=\"none\"><\/span><\/span><\/p>\n<p style=\"text-align: justify;\"><span style=\"font-size: 14pt;\"><strong><span style=\"color: #000000;\">3.1. Prise en charge du suivi par un ost\u00e9opathe Kin\u00e9 sp\u00e9cialis\u00e9 dans la course \u00e0 pied<\/span><\/strong><\/span><\/p>\n<p style=\"text-align: justify;\"><span style=\"color: #000000; font-size: 12pt;\">L&rsquo;hypoth\u00e8se de la hernie discale \u00e9loign\u00e9e et le syndrome pyramidal identifi\u00e9, mon m\u00e9decin me prescrit des s\u00e9ances de kin\u00e9. On me conseille un kin\u00e9 ost\u00e9o sp\u00e9cialis\u00e9 en course \u00e0 pied qui a son cabinet \u00e0 Ville d&rsquo;Avray : <a href=\"http:\/\/www.pagesjaunes.fr\/pros\/55179292\" target=\"_blank\" rel=\"noopener\"><strong>Mathieu OLIVREAU<\/strong><\/a>. Je dois vous avouer que, gr\u00e2ce \u00e0 Matthieu et son professionnalisme, et malgr\u00e9 les tortures endur\u00e9es une fois par semaine au course des s\u00e9ances de MTP et de renfo musculaire, mon quotidien redevient vivable. Je peux m\u00eame reprendre la pratique sportive, sans grosse douleur. Avec Mathieu, nous avons ax\u00e9 le travail sur plusieurs points abord\u00e9s au cours du protocole de suivi (10 mois \u00e0 raison d&rsquo;une s\u00e9ance par semaine avec des exercices \u00e0 faire \u00e0 la maison tout au long de la semaine) : <br class=\"none\"><br class=\"none\"><a href=\"http:\/\/www.team-outdoor.fr\/blog\/wp-content\/uploads\/2016\/10\/2016-10-17_14-38-45.jpg\"><img loading=\"lazy\" decoding=\"async\" class=\"aligncenter size-full wp-image-11683\" src=\"http:\/\/www.team-outdoor.fr\/blog\/wp-content\/uploads\/2016\/10\/2016-10-17_14-38-45.jpg\" alt=\"2016-10-17_14-38-45\" width=\"371\" height=\"476\" srcset=\"https:\/\/www.team-outdoor.fr\/blog\/wp-content\/uploads\/2016\/10\/2016-10-17_14-38-45.jpg 371w, https:\/\/www.team-outdoor.fr\/blog\/wp-content\/uploads\/2016\/10\/2016-10-17_14-38-45-234x300.jpg 234w\" sizes=\"auto, (max-width: 371px) 100vw, 371px\" \/><\/a><\/span><\/p>\n<p><span style=\"color: #000000; font-size: 12pt;\">1. <strong>Massage des muscles fessiers<\/strong> notamment le muscle moyen glut\u00e9alet en associant des massages transverses profonds (MTP Massage transversal profond) du muscle piriforme.<\/span><\/p>\n<p><span style=\"color: #000000; font-size: 12pt;\">2. <strong>Travail myotensif du muscle piriforme<\/strong> par une technique de contract\u00e9 rel\u00e2ch\u00e9.<\/span><\/p>\n<p><span style=\"color: #000000; font-size: 12pt;\">3. <strong>\u00c9tirements des muscles pelviens<\/strong> en insistant plus particuli\u00e8rement sur le muscle piriforme pendant la s\u00e9ance. enseigner des exercices \u00e0 refaire \u00e0 la maison. <\/span><\/p>\n<p><span style=\"color: #000000; font-size: 12pt;\">5. <strong>Accompagnement sur un&nbsp; travail de gainage abdominal<\/strong> et sur la reprise d\u2019une activit\u00e9 vari\u00e9e et progressive<\/span><\/p>\n<p><span style=\"color: #000000; font-size: 12pt;\">6. <strong>Assouplissements supra pelviens avec un travail<\/strong><\/span><br \/>\n<span style=\"color: #000000; font-size: 12pt;\">&#8211; analytique passif dans les 3 plans.<\/span><br \/>\n<span style=\"color: #000000; font-size: 12pt;\">&#8211; actif contrari\u00e9 par une technique de contract\u00e9\/rel\u00e2ch\u00e9.<\/span><br \/>\n<span style=\"color: #000000; font-size: 12pt;\">&#8211; bas\u00e9&nbsp; sur&nbsp; les techniques&nbsp; de Mc&nbsp; Kenzie&nbsp; soit&nbsp; en&nbsp; position debout&nbsp; mains&nbsp; sur&nbsp; les&nbsp; fesses soit couch\u00e9 sur le ventre sur une table inclin\u00e9 \u00e0 30\u00b0.<\/span><br \/>\n<span style=\"color: #000000; font-size: 12pt;\">&#8211; associant la lutte&nbsp; contre&nbsp; l\u2019enraidissement&nbsp; des articulations sacro-iliaques<\/span><\/p>\n<p style=\"text-align: justify;\"><span style=\"color: #000000; font-size: 12pt;\">7. <strong>Renforcement des ischio-jambiers et des adducteurs<\/strong>, trop faibles par rapport aux quadricepts (sale de rendorcement au cabinet et exercices \u00e0 faire chez soi)<\/span><br class=\"none\"><br class=\"none\"><span style=\"color: #000000; font-size: 12pt;\">J&rsquo;ai suivi les s\u00e9ances de kin\u00e9\/ost\u00e9o pendant 10 mois. Je fais les exercices propos\u00e9s par Mathieu \u00e0 raison de une \u00e0 deux fois par semaine (environ 1h chaque lundi) en alliant renforcement, gainage et \u00e9tirements. et j&rsquo;ai d\u00e9cid\u00e9 de revoir Mathieu r\u00e9guli\u00e8rement 1 fois par mois pour faire un bilan. Quelques \u00e9tirements, le mieux \u00e9tant de se faire accompagner par votre kin\u00e9 : <a href=\"https:\/\/www.team-outdoor.fr\/blog\/wp-content\/uploads\/2021\/12\/reeducation-etirements-syndrome-piriforme.pdf\">https:\/\/www.team-outdoor.fr\/blog\/wp-content\/uploads\/2021\/12\/reeducation-etirements-syndrome-piriforme.pdf<\/a><\/span><\/p>\n<p style=\"text-align: justify;\"><br class=\"none\"><span style=\"font-size: 14pt;\"><strong><span style=\"color: #000000;\">3.2 Parall\u00e8lement, travailler sa foul\u00e9e pour attaquer m\u00e9dio-pied et diminuer ainsi la phase de pronation<\/span><\/strong><\/span><br class=\"none\"><br class=\"none\"><span style=\"color: #000000; font-size: 12pt;\">En effet, ma <strong>foul\u00e9e hyper pronatrice<\/strong> ainsi que <strong>ma forte attaque talon<\/strong> sont des \u00e9l\u00e9ments d\u00e9clencheurs du syndrome du piriforme, notamment sur des longues distances courues avec des appuis identiques \u00e0 chaque foul\u00e9e et avec une vitesse d&rsquo;\u00e9volution r\u00e9duite (allure 100 kilom\u00e8tres). Selon les conseils du m\u00e9decin de l&rsquo;IRM, et avec le suivi de Jonathan, je d\u00e9cide donc de travailler ma foul\u00e9e pour r\u00e9duire l&rsquo;impact des chocs sur la chaine arri\u00e8re et donc sur la fesse. <br class=\"none\"><br class=\"none\">Tr\u00e8s flemmarde, ou plus exactement, ne disposant pas d&rsquo;un max de temps pour faire encore des exercices suppl\u00e9mentaires \u00e0 ceux de renforcement\/\u00e9tirements\/gainage, je choisis la solution de facilit\u00e9 : opter pour une chaussure qui favorise naturellement la pose du pied \u00e0 plat en excluant automatiquement l&rsquo;attaque talon. C&rsquo;est ainsi que je m&rsquo;ach\u00e8te ma toute premi\u00e8re paire de HOKA. Je choisis la <strong>HOKA ONE ONE CONQUEST<\/strong>. Chaussure d&rsquo;entrainement, pas des plus dynamiques &#8211; mais bon, vue la forme dans laquelle je suis, le dynamisme, on s&rsquo;en moque un peu!&nbsp; &#8211; mais mod\u00e8le particuli\u00e8rement adapt\u00e9 au coureurs pronateurs. Le choix d&rsquo;une OVERSIZE et non d&rsquo;une chaussure en drop r\u00e9duit de type minimaliste est li\u00e9 \u00e0 la volont\u00e9 de diminuer les chocs avec le sol.<br class=\"none\"><br class=\"none\"><\/span><\/p>\n<div id='gallery-1' class='gallery galleryid-11647 gallery-columns-3 gallery-size-thumbnail'><figure class='gallery-item'>\n\t\t\t<div class='gallery-icon landscape'>\n\t\t\t\t<a href='https:\/\/www.team-outdoor.fr\/blog\/wp-content\/uploads\/2016\/10\/2015-11-04-14.22.25.jpg'><img loading=\"lazy\" decoding=\"async\" width=\"150\" height=\"150\" src=\"https:\/\/www.team-outdoor.fr\/blog\/wp-content\/uploads\/2016\/10\/2015-11-04-14.22.25-150x150.jpg\" class=\"attachment-thumbnail size-thumbnail\" alt=\"\" \/><\/a>\n\t\t\t<\/div><\/figure><figure class='gallery-item'>\n\t\t\t<div class='gallery-icon landscape'>\n\t\t\t\t<a href='https:\/\/www.team-outdoor.fr\/blog\/wp-content\/uploads\/2016\/10\/2015-11-04-14.22.31.jpg'><img loading=\"lazy\" decoding=\"async\" width=\"150\" height=\"150\" src=\"https:\/\/www.team-outdoor.fr\/blog\/wp-content\/uploads\/2016\/10\/2015-11-04-14.22.31-150x150.jpg\" class=\"attachment-thumbnail size-thumbnail\" alt=\"\" \/><\/a>\n\t\t\t<\/div><\/figure><figure class='gallery-item'>\n\t\t\t<div class='gallery-icon landscape'>\n\t\t\t\t<a href='https:\/\/www.team-outdoor.fr\/blog\/wp-content\/uploads\/2016\/10\/2015-11-04-14.22.34.jpg'><img loading=\"lazy\" decoding=\"async\" width=\"150\" height=\"150\" src=\"https:\/\/www.team-outdoor.fr\/blog\/wp-content\/uploads\/2016\/10\/2015-11-04-14.22.34-150x150.jpg\" class=\"attachment-thumbnail size-thumbnail\" alt=\"\" \/><\/a>\n\t\t\t<\/div><\/figure><figure class='gallery-item'>\n\t\t\t<div class='gallery-icon portrait'>\n\t\t\t\t<a href='https:\/\/www.team-outdoor.fr\/blog\/wp-content\/uploads\/2016\/10\/2015-11-04-14.22.54.jpg'><img loading=\"lazy\" decoding=\"async\" width=\"150\" height=\"150\" src=\"https:\/\/www.team-outdoor.fr\/blog\/wp-content\/uploads\/2016\/10\/2015-11-04-14.22.54-150x150.jpg\" class=\"attachment-thumbnail size-thumbnail\" alt=\"\" \/><\/a>\n\t\t\t<\/div><\/figure><figure class='gallery-item'>\n\t\t\t<div class='gallery-icon landscape'>\n\t\t\t\t<a href='https:\/\/www.team-outdoor.fr\/blog\/wp-content\/uploads\/2016\/10\/2015-11-04-14.23.35.jpg'><img loading=\"lazy\" decoding=\"async\" width=\"150\" height=\"150\" src=\"https:\/\/www.team-outdoor.fr\/blog\/wp-content\/uploads\/2016\/10\/2015-11-04-14.23.35-150x150.jpg\" class=\"attachment-thumbnail size-thumbnail\" alt=\"\" \/><\/a>\n\t\t\t<\/div><\/figure><figure class='gallery-item'>\n\t\t\t<div class='gallery-icon landscape'>\n\t\t\t\t<a href='https:\/\/www.team-outdoor.fr\/blog\/wp-content\/uploads\/2016\/10\/2015-11-04-14.25.25.jpg'><img loading=\"lazy\" decoding=\"async\" width=\"150\" height=\"150\" src=\"https:\/\/www.team-outdoor.fr\/blog\/wp-content\/uploads\/2016\/10\/2015-11-04-14.25.25-150x150.jpg\" class=\"attachment-thumbnail size-thumbnail\" alt=\"\" \/><\/a>\n\t\t\t<\/div><\/figure><figure class='gallery-item'>\n\t\t\t<div class='gallery-icon landscape'>\n\t\t\t\t<a href='https:\/\/www.team-outdoor.fr\/blog\/wp-content\/uploads\/2016\/01\/2015-11-04-14.22.17.jpg'><img loading=\"lazy\" decoding=\"async\" width=\"150\" height=\"150\" src=\"https:\/\/www.team-outdoor.fr\/blog\/wp-content\/uploads\/2016\/01\/2015-11-04-14.22.17-150x150.jpg\" class=\"attachment-thumbnail size-thumbnail\" alt=\"\" \/><\/a>\n\t\t\t<\/div><\/figure><figure class='gallery-item'>\n\t\t\t<div class='gallery-icon portrait'>\n\t\t\t\t<a href='https:\/\/www.team-outdoor.fr\/blog\/wp-content\/uploads\/2016\/01\/2015-11-04-14.22.44.jpg'><img loading=\"lazy\" decoding=\"async\" width=\"150\" height=\"150\" src=\"https:\/\/www.team-outdoor.fr\/blog\/wp-content\/uploads\/2016\/01\/2015-11-04-14.22.44-150x150.jpg\" class=\"attachment-thumbnail size-thumbnail\" alt=\"\" \/><\/a>\n\t\t\t<\/div><\/figure>\n\t\t<\/div>\n\n<p style=\"text-align: justify;\"><span style=\"color: #000000; font-size: 12pt;\">&nbsp;<\/span><\/p>\n<p style=\"text-align: justify;\"><span style=\"color: #000000; font-size: 12pt;\">Pour planter le d\u00e9cors, je suis une adepte des chaussures avec lesquelles on sent bien le sol, des chaussures donc assez rigides et dynamiques. <strong>La DS TRAINER de chez ASICS<\/strong> m&rsquo;accompagne ainsi depuis 20 ans de course \u00e0 pied. Je crains donc de ne pas me sentir bien \u00e0 l&rsquo;aise avec ce genre de chaussures tr\u00e8s&nbsp; hautes et de vite les ranger au placard. Je dois dire que je suis agr\u00e9ablement surprise, car contrairement \u00e0 ce que je craignais, la CONQUEST n&rsquo;est pas si pataude que cela! Elle r\u00e9agit bien (en tous les cas bien mieux que mes muscles apr\u00e8s cette longue p\u00e9riode d\u2019arr\u00eat de la course! &#8211; \u00e0 l&rsquo;acc\u00e9l\u00e9ration que cela soit sur route (que je limite juste aux 150m de trottoirs me menant \u00e0 la for\u00eat) que sur les chemins surplombant de l&rsquo;all\u00e9e royale de Villepreux le jour de ma reprise (le 25 d\u00e9cembre, beau cadeau de No\u00ebl!!!) ou sur ceux de la pi\u00e8ce d&rsquo;eau des Suisses par la suite. <\/span><br class=\"none\"><br class=\"none\"><span style=\"color: #000000; font-size: 12pt;\"><strong><a href=\"http:\/\/www.team-outdoor.fr\/blog\/wp-content\/uploads\/2016\/01\/2015-11-04-14.22.27.jpg\"><img loading=\"lazy\" decoding=\"async\" class=\"alignleft size-medium wp-image-10444\" src=\"http:\/\/www.team-outdoor.fr\/blog\/wp-content\/uploads\/2016\/01\/2015-11-04-14.22.27-300x225.jpg\" alt=\"2015-11-04 14.22.27\" width=\"300\" height=\"225\" srcset=\"https:\/\/www.team-outdoor.fr\/blog\/wp-content\/uploads\/2016\/01\/2015-11-04-14.22.27-300x225.jpg 300w, https:\/\/www.team-outdoor.fr\/blog\/wp-content\/uploads\/2016\/01\/2015-11-04-14.22.27-768x576.jpg 768w, https:\/\/www.team-outdoor.fr\/blog\/wp-content\/uploads\/2016\/01\/2015-11-04-14.22.27-1024x768.jpg 1024w, https:\/\/www.team-outdoor.fr\/blog\/wp-content\/uploads\/2016\/01\/2015-11-04-14.22.27-600x450.jpg 600w\" sizes=\"auto, (max-width: 300px) 100vw, 300px\" \/><\/a>Pendant 1 mois,<\/strong> je ferais des s\u00e9ances d&rsquo;environ 1h en alternant des 5 minutes de marche et 5 minutes de course pour commencer, puis 5 minutes de course \/ 3 minutes de marche, puis 8 minutes de course \/ 3 minutes de marche. toute cela \u00e0 raison de 2ou 3 fois par semaine avant de faire mon premier vrai footing de 2 x 20 minutes de courses entrecoup\u00e9es de 5 minutes de marche. &#8211; Bon aussi les Dep de cross \u00e0 l&rsquo;arrache mais pas en HOKA! -. Jonathan m&rsquo;accompagne au moins une fois sur les trois s\u00e9ances hebdomadaires pour \u00e9valuer les progr\u00e8s dans le changement de foul\u00e9e. Je dois dire que c&rsquo;est assez spectaculaire. M\u00eame si je m&rsquo;efforce de penser \u00e0 bien attaquer plat du pied, en fait, cela se fait naturellement gr\u00e2ce \u00e0 la <strong>construction de la chaussure en mode &lsquo;rockingchair\u00a0\u00bb<\/strong> favorisant cette attaque plat du pied! Et l&rsquo;impacte sur la fesse se fait beaucoup moins ressentir. <\/span><br class=\"none\"><br class=\"none\"><span style=\"color: #000000; font-size: 12pt;\"><a href=\"http:\/\/www.team-outdoor.fr\/blog\/wp-content\/uploads\/2016\/04\/2016-02-26-15.03.34.jpg\"><img loading=\"lazy\" decoding=\"async\" class=\"alignright size-medium wp-image-10832\" src=\"http:\/\/www.team-outdoor.fr\/blog\/wp-content\/uploads\/2016\/04\/2016-02-26-15.03.34-201x300.jpg\" alt=\"2016-02-26 15.03.34\" width=\"201\" height=\"300\" srcset=\"https:\/\/www.team-outdoor.fr\/blog\/wp-content\/uploads\/2016\/04\/2016-02-26-15.03.34-201x300.jpg 201w, https:\/\/www.team-outdoor.fr\/blog\/wp-content\/uploads\/2016\/04\/2016-02-26-15.03.34-768x1144.jpg 768w, https:\/\/www.team-outdoor.fr\/blog\/wp-content\/uploads\/2016\/04\/2016-02-26-15.03.34-688x1024.jpg 688w, https:\/\/www.team-outdoor.fr\/blog\/wp-content\/uploads\/2016\/04\/2016-02-26-15.03.34-600x894.jpg 600w, https:\/\/www.team-outdoor.fr\/blog\/wp-content\/uploads\/2016\/04\/2016-02-26-15.03.34.jpg 930w\" sizes=\"auto, (max-width: 201px) 100vw, 201px\" \/><\/a>En f\u00e9vrier, alors que j&rsquo;ai repris un entrainement un peu plus actif sans \u00eatre encore un entra\u00eenement que j&rsquo;estime \u00eatre digne de ce nom, convaincue par les HOKA pour ce travail de foul\u00e9e, je d\u00e9cide d&rsquo;opter pour <strong>la SPEEDGOAT pour le trail<\/strong>. C&rsquo;est assez bluffant. J&rsquo;ai maintenant une foul\u00e9e attaque plat du pied beaucoup moins traumatisante que l&rsquo;attaque talon. <\/span><br class=\"none\"><br class=\"none\"><span style=\"color: #000000; font-size: 12pt;\"><strong>Mars, c&rsquo;est le retour des s\u00e9ances de piste typ\u00e9es 1000\/2000\/3000m (mais pas de s\u00e9ances de VMA estim\u00e9es trop violentes pour le moment).<\/strong> Je trouve la CONQUEST assez pataude et pas forc\u00e9ment agr\u00e9able pour ce genre de s\u00e9ances. Mais, pour le moment, je n&rsquo;ai pas envie de passer \u00e0 la CLIFTON, certes plus dynamique mais aussi tr\u00e8s universelle. en effet, la fesse est toujours fragile et la douleur latente. Je d\u00e9cide de remettre mes DS TRAINER en portant une attention toute particuli\u00e8re \u00e0 la pose de pied pendant la course m\u00eame si ce n&rsquo;est pas \u00e9vident lors de s\u00e9ances un peu plus rapides (15 kil\/h max pour le moment). Jonathan me confirme que m\u00eame avec la DS TRAINER, la foul\u00e9e est bien m\u00e9dio-pied. Wahou! \u00c7a c&rsquo;est TOP! Bon, l&rsquo;attaque talon revient tout de m\u00eame avec la fatigue, en fin de s\u00e9ance ou en fin de semaine. C&rsquo;est la raison pour laquelle, je fais tous mes footings et sorties longues en HOKA jusqu&rsquo;en juin. <\/span><br class=\"none\"><br class=\"none\"><span style=\"color: #000000; font-size: 12pt;\"><strong>A partir de juin, je me tourne surtout vers le trail car la route entraine encore des douleurs au niveau du piriforme<\/strong> malgr\u00e9 tout le protocole. Pas de 100 kilom\u00e8tres en 2016 donc; et retrouvailles non pr\u00e9vues avec les chemins et la montagne. Bien qu&rsquo;appr\u00e9ciant la SPEEDGOAT sur des trails courts (trail du Josas), je privil\u00e9gie une chaussure \u00e0 bidensit\u00e9 pour les trails un peu plus longs. Apr\u00e8s 2 ans sans les avoir rechausser, me revoici donc avec mes RIOT 3 (une nouvelle paire!!!) et son drop de 12mm. J&rsquo;y ajoute une nouvelle paire de semelles faites par Fabrice (MILLET); mon podologue. La question est : vais-je garder une attaque m\u00e9dio-pied malgr\u00e9 le gros drop de la RIOT? La r\u00e9ponse est oui \u00e0 80%. Les 20% restant d&rsquo;attaque plut\u00f4t talon \u00e9tant dus \u00e0 la fatigue de fin de course. <\/span><br class=\"none\"><br class=\"none\"><span style=\"font-size: 12pt;\"><strong><span style=\"color: #000000;\">4. Et aujourd&rsquo;hui 1 an apr\u00e8s la blessure?<\/span><\/strong><\/span><br class=\"none\"><br class=\"none\"><span style=\"color: #000000; font-size: 12pt;\"><strong>Il m&rsquo;a fallu 1 an pour pouvoir retrouver un entra\u00eenement quasi normal<\/strong>, \u00e0 raison de 5 s\u00e9ances de course \u00e0 pied par semaine, 1 s\u00e9ance de v\u00e9lo et 1 s\u00e9ance de renfo muscu, gainage et \u00e9tirements depuis un petit mois. depuis, juin, j&rsquo;ai refait 3 trails typ\u00e9 montagne sans douleur \u00e0 la fesse pendant la course : le trail des lacs de G\u00e9rardmer (29 kilom\u00e8tres), Le trail de la Vesubie (55 kilom\u00e8tres 38mm D+ et le trail du Sancy (60 km, 3300mD+). Ceci en plus de quelques belles sorties en montagne avec Jonathan pendant les vacances. J&rsquo;ai m\u00eame pu faire deux ascensions de cols sur route d&rsquo;environ 7 kilom\u00e8tres chacune sans lancement dans ma jambe (juste une g\u00e8ne en fin de col). J&rsquo;ai <strong>r\u00e9introduit le v\u00e9lo<\/strong> depuis le mois d&rsquo;aout sans douleur \u00e0 la fesse. J&rsquo;ai fait ma premi\u00e8re s\u00e9ance de fractionn\u00e9 court la semaine derni\u00e8re sur piste sans douleur pendant la s\u00e9ance. Si la douleur ne se fait pas ressentir pendant la course (des fois, je ressens une g\u00e8ne comme une sorte de tension lors des mont\u00e9es en fin de course mais plus de d\u00e9charge), les lendemains de course, la jambe est quand m\u00eame bien raide et quelques d\u00e9charges peuvent avoir lieu malgr\u00e9 les \u00e9tirements.<\/span><br class=\"none\"><br class=\"none\"><span style=\"color: #000000; font-size: 12pt;\"><strong>Dans la vie quotidienne \u00e9galement, le syndrome du pyramidal demeure latent.<\/strong> Je sens encore des d\u00e9charges \u00e9lectriques&nbsp; \u00e0 la fin d&rsquo;une grosse journ\u00e9e au magasin pass\u00e9e \u00e0 pi\u00e9tiner, par exemple. La conduite demeure tr\u00e8s douloureuse quand elle d\u00e9passe 1h30 et m&rsquo;oblige \u00e0 faire des pauses r\u00e9guli\u00e8res afin de laisser passer les d\u00e9charges. je dois \u00e9galement observer 2 jours de repos apr\u00e8s chaque trajet si je ne veux pas ressentir de g\u00e8ne, voire de d\u00e9charge, dans ma jambe. et ce malgr\u00e9 le coussin de voiture achet\u00e9 pour mes petites fesses! Les si\u00e8ges de la ligne 6 sont toujours le pire du pire! Au moins, cela rappelle quotidiennement que je dois faire mes exercices r\u00e9guli\u00e8rement si je ne veux pas me reblesser!<br class=\"none\"><br class=\"none\"><a href=\"http:\/\/www.team-outdoor.fr\/blog\/wp-content\/uploads\/2016\/10\/2016-10-17_15-06-22.jpg\"><img loading=\"lazy\" decoding=\"async\" class=\"aligncenter size-full wp-image-11692\" src=\"http:\/\/www.team-outdoor.fr\/blog\/wp-content\/uploads\/2016\/10\/2016-10-17_15-06-22.jpg\" alt=\"2016-10-17_15-06-22\" width=\"564\" height=\"296\" srcset=\"https:\/\/www.team-outdoor.fr\/blog\/wp-content\/uploads\/2016\/10\/2016-10-17_15-06-22.jpg 564w, https:\/\/www.team-outdoor.fr\/blog\/wp-content\/uploads\/2016\/10\/2016-10-17_15-06-22-300x157.jpg 300w\" sizes=\"auto, (max-width: 564px) 100vw, 564px\" \/><\/a><br class=\"none\"><br class=\"none\"><br class=\"none\"><strong><span style=\"font-size: 14pt;\">Agn\u00e8s<\/span><\/strong><\/span><\/p>\n","protected":false},"excerpt":{"rendered":"<p>1. Pr\u00e9ambule. Aout 2015, la pr\u00e9paration sp\u00e9cifique pour les 100 kilom\u00e8tres de Millau commence. En mai, j&rsquo;ai boucl\u00e9 le marathon de Sauternes vallonn\u00e9 et exigeant apr\u00e8s une belle pr\u00e9pa. Je reviens \u00e9galement fin juillet de l&rsquo;ascension du Ventoux lors du semi qui porte le m\u00eame nom. Tous les voyants sont au vert. Et en plus, [&hellip;]<\/p>\n","protected":false},"author":1,"featured_media":11682,"comment_status":"open","ping_status":"open","sticky":false,"template":"","format":"standard","meta":{"ngg_post_thumbnail":0,"footnotes":""},"categories":[55,10,11],"tags":[],"class_list":["post-11647","post","type-post","status-publish","format-standard","has-post-thumbnail","hentry","category-coin-conseils","category-on-a-teste-pour-vous","category-on-l-a-fait","has-post-title","has-post-date","has-post-category","has-post-tag","has-post-comment","has-post-author",""],"_links":{"self":[{"href":"https:\/\/www.team-outdoor.fr\/blog\/wp-json\/wp\/v2\/posts\/11647","targetHints":{"allow":["GET"]}}],"collection":[{"href":"https:\/\/www.team-outdoor.fr\/blog\/wp-json\/wp\/v2\/posts"}],"about":[{"href":"https:\/\/www.team-outdoor.fr\/blog\/wp-json\/wp\/v2\/types\/post"}],"author":[{"embeddable":true,"href":"https:\/\/www.team-outdoor.fr\/blog\/wp-json\/wp\/v2\/users\/1"}],"replies":[{"embeddable":true,"href":"https:\/\/www.team-outdoor.fr\/blog\/wp-json\/wp\/v2\/comments?post=11647"}],"version-history":[{"count":17,"href":"https:\/\/www.team-outdoor.fr\/blog\/wp-json\/wp\/v2\/posts\/11647\/revisions"}],"predecessor-version":[{"id":16132,"href":"https:\/\/www.team-outdoor.fr\/blog\/wp-json\/wp\/v2\/posts\/11647\/revisions\/16132"}],"wp:featuredmedia":[{"embeddable":true,"href":"https:\/\/www.team-outdoor.fr\/blog\/wp-json\/wp\/v2\/media\/11682"}],"wp:attachment":[{"href":"https:\/\/www.team-outdoor.fr\/blog\/wp-json\/wp\/v2\/media?parent=11647"}],"wp:term":[{"taxonomy":"category","embeddable":true,"href":"https:\/\/www.team-outdoor.fr\/blog\/wp-json\/wp\/v2\/categories?post=11647"},{"taxonomy":"post_tag","embeddable":true,"href":"https:\/\/www.team-outdoor.fr\/blog\/wp-json\/wp\/v2\/tags?post=11647"}],"curies":[{"name":"wp","href":"https:\/\/api.w.org\/{rel}","templated":true}]}}