{"id":13152,"date":"2018-02-21T14:27:41","date_gmt":"2018-02-21T13:27:41","guid":{"rendered":"http:\/\/www.team-outdoor.fr\/blog\/?p=13152"},"modified":"2018-09-17T14:08:08","modified_gmt":"2018-09-17T13:08:08","slug":"au-top-en-2017-au-top-pour-2018-agnes-duhail","status":"publish","type":"post","link":"https:\/\/www.team-outdoor.fr\/blog\/au-top-en-2017-au-top-pour-2018-agnes-duhail\/","title":{"rendered":"Au TOP en 2017, au TOP pour 2018, agn\u00e8s DUHAIL"},"content":{"rendered":"<p style=\"text-align: justify;\"><span style=\"color: #000000; font-size: 12pt;\"><a href=\"http:\/\/www.team-outdoor.fr\/blog\/wp-content\/uploads\/2018\/03\/26112024_1225295120904316_8150603943923675576_n.jpg\"><br class=\"none\"><br class=\"none\"><img loading=\"lazy\" decoding=\"async\" class=\"aligncenter size-full wp-image-13158\" src=\"http:\/\/www.team-outdoor.fr\/blog\/wp-content\/uploads\/2018\/03\/26112024_1225295120904316_8150603943923675576_n.jpg\" alt=\"\" width=\"711\" height=\"474\" srcset=\"https:\/\/www.team-outdoor.fr\/blog\/wp-content\/uploads\/2018\/03\/26112024_1225295120904316_8150603943923675576_n.jpg 711w, https:\/\/www.team-outdoor.fr\/blog\/wp-content\/uploads\/2018\/03\/26112024_1225295120904316_8150603943923675576_n-300x200.jpg 300w\" sizes=\"auto, (max-width: 711px) 100vw, 711px\" \/><\/a><br class=\"none\"><br class=\"none\"><strong><span style=\"font-size: 14pt;\">Et l\u2019introduction inimitable d\u2019<a href=\"http:\/\/www.team-outdoor.fr\/blog\/au-top-en-2017-au-top-pour-2018-arnaud-dethorey\/\" target=\"_blank\" rel=\"noopener\">Arnaud DETHOREY<\/a><\/span><\/strong><\/span><\/p>\n<p style=\"text-align: justify;\"><span style=\"color: #000000; font-size: 12pt;\"><strong><a href=\"http:\/\/www.team-outdoor.fr\/blog\/wp-content\/uploads\/2018\/03\/26115996_1225290640904764_8426940500221256127_o.jpg\"><img loading=\"lazy\" decoding=\"async\" class=\"alignleft size-medium wp-image-13159\" src=\"http:\/\/www.team-outdoor.fr\/blog\/wp-content\/uploads\/2018\/03\/26115996_1225290640904764_8426940500221256127_o-200x300.jpg\" alt=\"\" width=\"200\" height=\"300\" srcset=\"https:\/\/www.team-outdoor.fr\/blog\/wp-content\/uploads\/2018\/03\/26115996_1225290640904764_8426940500221256127_o-200x300.jpg 200w, https:\/\/www.team-outdoor.fr\/blog\/wp-content\/uploads\/2018\/03\/26115996_1225290640904764_8426940500221256127_o-683x1024.jpg 683w, https:\/\/www.team-outdoor.fr\/blog\/wp-content\/uploads\/2018\/03\/26115996_1225290640904764_8426940500221256127_o.jpg 720w\" sizes=\"auto, (max-width: 200px) 100vw, 200px\" \/><\/a>2 cm.<\/strong> C\u2019est la diff\u00e9rence de tour de cuisse entre Agn\u00e8s et moi. Je la laisse se la raconter avec ses cuissots parce que \u00e7a lui fait plaisir mais je sais qu\u2019au fond d\u2019elle-m\u00eame elle sait tr\u00e8s bien qu\u2019on sait tous les deux que c\u2019est moi qui ai les plus grosses.<br class=\"none\"><br class=\"none\"><\/span><\/p>\n<p style=\"text-align: justify;\"><span style=\"font-size: 14pt;\"><strong><span style=\"color: #000000;\">1. Le souvenir de course le plus marquant en 2017<\/span><\/strong><\/span><\/p>\n<p style=\"text-align: justify;\"><span style=\"color: #000000; font-size: 12pt;\"><strong>4 comme le relais \u00e0 4 de la MaxiRace<\/strong> remport\u00e9 par mes gars en mai dernier. C&rsquo;\u00e9tait le regroupement TEAM. Au lancement, Adrien \u00e0 l&rsquo;attaque du Semnoz, il passe le relais \u00e0 Matt, Jo enquillera derri\u00e8re et c&rsquo;est Arnaud qui terminera avec son Mont Veyrier. 4 visages heureux, nos clien<a href=\"http:\/\/www.team-outdoor.fr\/blog\/wp-content\/uploads\/2018\/03\/25790959_1225297527570742_945799978400815701_o.jpg\"><img loading=\"lazy\" decoding=\"async\" class=\"alignright size-medium wp-image-13153\" src=\"http:\/\/www.team-outdoor.fr\/blog\/wp-content\/uploads\/2018\/03\/25790959_1225297527570742_945799978400815701_o-300x196.jpg\" alt=\"\" width=\"300\" height=\"196\" srcset=\"https:\/\/www.team-outdoor.fr\/blog\/wp-content\/uploads\/2018\/03\/25790959_1225297527570742_945799978400815701_o-300x196.jpg 300w, https:\/\/www.team-outdoor.fr\/blog\/wp-content\/uploads\/2018\/03\/25790959_1225297527570742_945799978400815701_o-768x501.jpg 768w, https:\/\/www.team-outdoor.fr\/blog\/wp-content\/uploads\/2018\/03\/25790959_1225297527570742_945799978400815701_o-1024x668.jpg 1024w, https:\/\/www.team-outdoor.fr\/blog\/wp-content\/uploads\/2018\/03\/25790959_1225297527570742_945799978400815701_o.jpg 1104w\" sizes=\"auto, (max-width: 300px) 100vw, 300px\" \/><\/a>ts heureux, nos marques partenaires pr\u00e9sentes sur place heureuses. Je filme leur arriv\u00e9e. A mes c\u00f4t\u00e9s Fred BOUSSEAU de Trail Endurance Mag : \u00ab\u00a0tu peux \u00eatre fi\u00e8re, Agn\u00e8s, \u00e7a c&rsquo;est une \u00e9quipe!\u00a0\u00bb&#8230; Des vainqueurs, tout de jaune v\u00eatus, arborant un large sourire et repr\u00e9sentant TEAM OUTDOOR sur la plus haute marche du podium. Le kiff!<br class=\"none\"><br class=\"none\"><\/span><\/p>\n<p style=\"text-align: justify;\"><span style=\"font-size: 14pt;\"><strong><span style=\"color: #000000;\">2. Une anecdote sportive<\/span><\/strong><\/span><\/p>\n<p style=\"text-align: justify;\"><span style=\"color: #000000; font-size: 12pt;\"><strong><a href=\"http:\/\/www.team-outdoor.fr\/blog\/wp-content\/uploads\/2018\/03\/26059993_1225278147572680_1344086708067814390_o.jpg\"><img loading=\"lazy\" decoding=\"async\" class=\"alignleft size-medium wp-image-13155\" src=\"http:\/\/www.team-outdoor.fr\/blog\/wp-content\/uploads\/2018\/03\/26059993_1225278147572680_1344086708067814390_o-300x200.jpg\" alt=\"\" width=\"300\" height=\"200\" srcset=\"https:\/\/www.team-outdoor.fr\/blog\/wp-content\/uploads\/2018\/03\/26059993_1225278147572680_1344086708067814390_o-300x200.jpg 300w, https:\/\/www.team-outdoor.fr\/blog\/wp-content\/uploads\/2018\/03\/26059993_1225278147572680_1344086708067814390_o-768x512.jpg 768w, https:\/\/www.team-outdoor.fr\/blog\/wp-content\/uploads\/2018\/03\/26059993_1225278147572680_1344086708067814390_o-1024x682.jpg 1024w, https:\/\/www.team-outdoor.fr\/blog\/wp-content\/uploads\/2018\/03\/26059993_1225278147572680_1344086708067814390_o-1024x682-200x133.jpg 200w, https:\/\/www.team-outdoor.fr\/blog\/wp-content\/uploads\/2018\/03\/26059993_1225278147572680_1344086708067814390_o.jpg 1081w\" sizes=\"auto, (max-width: 300px) 100vw, 300px\" \/><\/a>400m&#8230;.<\/strong> c&rsquo;est \u00e0 seulement 400m de la ligne d&rsquo;arriv\u00e9e, lanc\u00e9e \u00e0 plus 14 km\/h depuis 5 kilom\u00e8tres, que je rattrape Julie, alors en t\u00eate des 100 kilom\u00e8tres de Savoie. Elle m&rsquo;avait d\u00e9pass\u00e9e \u00e0 tr\u00e8s grande vitesse 10 kilom\u00e8tres plus haut. Peu apr\u00e8s que Mich\u00e8le ne me d\u00e9passe. J&rsquo;\u00e9tais donc pass\u00e9e de la 1\u00e8re place \u00e0 la 3\u00e8me en moins de 10 minutes et \u00e0 10 kilom\u00e8tres de l&rsquo;arriv\u00e9e. Ne rien l\u00e2cher. Sous les encouragements de mon mari et accompagnateur v\u00e9lo ce jour. Y croire toujours. 5 kilom\u00e8tres. Je repasse 2 et on pousse les cuissots \u00e0 fond malgr\u00e9 la fatigue. 400m. Je passe. Sprint final. 17 km\/h et Victoire!<br class=\"none\"><br class=\"none\"><\/span><\/p>\n<p style=\"text-align: justify;\"><span style=\"font-size: 14pt;\"><strong><span style=\"color: #000000;\">3. La pire exp\u00e9rience de course en 2017<\/span><\/strong><\/span><\/p>\n<p style=\"text-align: justify;\"><span style=\"color: #000000; font-size: 12pt;\"><strong><a href=\"http:\/\/www.team-outdoor.fr\/blog\/wp-content\/uploads\/2018\/03\/26171828_1225279490905879_4654645842444809944_o.jpg\"><img loading=\"lazy\" decoding=\"async\" class=\"alignright size-medium wp-image-13161\" src=\"http:\/\/www.team-outdoor.fr\/blog\/wp-content\/uploads\/2018\/03\/26171828_1225279490905879_4654645842444809944_o-300x226.jpg\" alt=\"\" width=\"300\" height=\"226\" srcset=\"https:\/\/www.team-outdoor.fr\/blog\/wp-content\/uploads\/2018\/03\/26171828_1225279490905879_4654645842444809944_o-300x226.jpg 300w, https:\/\/www.team-outdoor.fr\/blog\/wp-content\/uploads\/2018\/03\/26171828_1225279490905879_4654645842444809944_o-768x578.jpg 768w, https:\/\/www.team-outdoor.fr\/blog\/wp-content\/uploads\/2018\/03\/26171828_1225279490905879_4654645842444809944_o.jpg 956w\" sizes=\"auto, (max-width: 300px) 100vw, 300px\" \/><\/a>40 minutes sans nouvelles de Nico&#8230;<\/strong> Toujours \u00e0 la Maxirace, ne jamais voir arriver Nico au premier Ravitaillement o\u00f9 je devais lui faire l&rsquo;assistance. La panique. Le voir avoir si mal ensuite. Pas simple de vivre cela impuissante.<br class=\"none\"><br class=\"none\"><\/span><\/p>\n<p style=\"text-align: justify;\"><span style=\"font-size: 14pt;\"><strong><span style=\"color: #000000;\">4. Ce que tu te dis quand un moment de moins bien arrive en course<\/span><\/strong><\/span><\/p>\n<p style=\"text-align: justify;\"><span style=\"color: #000000; font-size: 12pt;\"><strong>0 pens\u00e9e.<\/strong> Je regarde uniquement les \u00e9paules du gars de devant. Ne pas se faire prendre de la distance. Poser le cerveau pour emp\u00eacher toute pens\u00e9e n\u00e9gative de se d\u00e9ployer. Juste avancer et laisser passer le coup de mou.<br class=\"none\"><br class=\"none\"><\/span><\/p>\n<p style=\"text-align: justify;\"><span style=\"font-size: 14pt;\"><strong><span style=\"color: #000000;\">5. Un objectif en 2018<\/span><\/strong><\/span><\/p>\n<p style=\"text-align: justify;\"><span style=\"color: #000000; font-size: 12pt;\"><strong><a href=\"http:\/\/www.team-outdoor.fr\/blog\/wp-content\/uploads\/2018\/03\/25994851_1225281944238967_1752757201370074379_n.jpg\"><img loading=\"lazy\" decoding=\"async\" class=\"alignleft size-medium wp-image-13154\" src=\"http:\/\/www.team-outdoor.fr\/blog\/wp-content\/uploads\/2018\/03\/25994851_1225281944238967_1752757201370074379_n-199x300.jpg\" alt=\"\" width=\"199\" height=\"300\" srcset=\"https:\/\/www.team-outdoor.fr\/blog\/wp-content\/uploads\/2018\/03\/25994851_1225281944238967_1752757201370074379_n-199x300.jpg 199w, https:\/\/www.team-outdoor.fr\/blog\/wp-content\/uploads\/2018\/03\/25994851_1225281944238967_1752757201370074379_n.jpg 636w\" sizes=\"auto, (max-width: 199px) 100vw, 199px\" \/><\/a>10\/150\/30 comme sur le duathlon de Zoffingen.<\/strong> A quelque chose malheur est bon. Le pied de mon mari est pourri et on n&rsquo;a donc pas couru en montagne pendant les vacances cette ann\u00e9e. Qu&rsquo;\u00e0 cela ne tienne! On est remont\u00e9 sur le spad! Et de fil en aiguille, je recommence \u00e0 penser \u00e0 la course qui me fait r\u00eaver depuis 10 ans : le duathlon de Zoffingen. Rendez-vous est pris pour septembre 2018 avec en prologue 10 kilom\u00e8tres de course, encha\u00een\u00e9s avec 150 kilom\u00e8tres de v\u00e9lo et pour conclure, 30 kilom\u00e8tres de course. Pour que le r\u00eave devienne enfin r\u00e9alit\u00e9.<br class=\"none\"><br class=\"none\"><\/span><\/p>\n<p style=\"text-align: justify;\"><span style=\"font-size: 14pt;\"><strong><span style=\"color: #000000;\">6. Une photo et ce qu&rsquo;elle repr\u00e9sente<\/span><\/strong><\/span><\/p>\n<p style=\"text-align: justify;\"><span style=\"color: #000000; font-size: 12pt;\">70 pitons comme les sorties spad dominicales avec Papa et Jo en vall\u00e9e de Chevreuse<br class=\"none\"><br class=\"none\"><a href=\"http:\/\/www.team-outdoor.fr\/blog\/wp-content\/uploads\/2018\/03\/26060474_1225282330905595_6425200289248427182_o.jpg\"><img loading=\"lazy\" decoding=\"async\" class=\"aligncenter size-full wp-image-13157\" src=\"http:\/\/www.team-outdoor.fr\/blog\/wp-content\/uploads\/2018\/03\/26060474_1225282330905595_6425200289248427182_o.jpg\" alt=\"\" width=\"960\" height=\"720\" srcset=\"https:\/\/www.team-outdoor.fr\/blog\/wp-content\/uploads\/2018\/03\/26060474_1225282330905595_6425200289248427182_o.jpg 960w, https:\/\/www.team-outdoor.fr\/blog\/wp-content\/uploads\/2018\/03\/26060474_1225282330905595_6425200289248427182_o-300x225.jpg 300w, https:\/\/www.team-outdoor.fr\/blog\/wp-content\/uploads\/2018\/03\/26060474_1225282330905595_6425200289248427182_o-768x576.jpg 768w\" sizes=\"auto, (max-width: 960px) 100vw, 960px\" \/><\/a><br class=\"none\"><br class=\"none\"><\/span><\/p>\n<p style=\"text-align: justify;\"><span style=\"font-size: 14pt;\"><strong><span style=\"color: #000000;\">7. Et dans la lettre au P\u00e8re No\u00ebl?<\/span><\/strong><\/span><\/p>\n<p style=\"text-align: justify;\"><span style=\"color: #000000; font-size: 12pt;\"><strong><a href=\"http:\/\/www.team-outdoor.fr\/blog\/wp-content\/uploads\/2018\/03\/26171589_1225290167571478_5133261359294655986_o.jpg\"><img loading=\"lazy\" decoding=\"async\" class=\"alignright size-medium wp-image-13160\" src=\"http:\/\/www.team-outdoor.fr\/blog\/wp-content\/uploads\/2018\/03\/26171589_1225290167571478_5133261359294655986_o-225x300.jpg\" alt=\"\" width=\"225\" height=\"300\" srcset=\"https:\/\/www.team-outdoor.fr\/blog\/wp-content\/uploads\/2018\/03\/26171589_1225290167571478_5133261359294655986_o-225x300.jpg 225w, https:\/\/www.team-outdoor.fr\/blog\/wp-content\/uploads\/2018\/03\/26171589_1225290167571478_5133261359294655986_o.jpg 720w\" sizes=\"auto, (max-width: 225px) 100vw, 225px\" \/><\/a>49 comme la pointure du nouveau pied que j&rsquo;ai command\u00e9 pour mon mari.<\/strong> Cher P\u00e8re No\u00ebl, sois gentil et redonne un pied tout neuf \u00e0 mon mari. Qu&rsquo;il retrouve le sourire en m\u00eame temps que son pied. Et que je puisse \u00e0 nouveau l&rsquo;assister sur tout plein de belles courses. Qu&rsquo;on puisse continuer \u00e0 d\u00e9couvrir de belles r\u00e9gions via ses courses et qu&rsquo;on puisse partager tout cela comme avant.<br class=\"none\"><br class=\"none\"><\/span><\/p>\n<p style=\"text-align: justify;\"><span style=\"font-size: 14pt;\"><strong><span style=\"color: #000000;\">8. Un petit mot sur Lolo, invit\u00e9 TOP 2017<\/span><\/strong><\/span><\/p>\n<p style=\"text-align: justify;\"><span style=\"color: #000000; font-size: 12pt;\"><strong><a href=\"http:\/\/www.team-outdoor.fr\/blog\/wp-content\/uploads\/2018\/03\/02.-2.jpg\"><img loading=\"lazy\" decoding=\"async\" class=\"alignleft size-medium wp-image-13163\" src=\"http:\/\/www.team-outdoor.fr\/blog\/wp-content\/uploads\/2018\/03\/02.-2-225x300.jpg\" alt=\"\" width=\"225\" height=\"300\" srcset=\"https:\/\/www.team-outdoor.fr\/blog\/wp-content\/uploads\/2018\/03\/02.-2-225x300.jpg 225w, https:\/\/www.team-outdoor.fr\/blog\/wp-content\/uploads\/2018\/03\/02.-2-768x1024.jpg 768w\" sizes=\"auto, (max-width: 225px) 100vw, 225px\" \/><\/a>12 mois mais pas que.<\/strong> En effet, Lolo c&rsquo;est notre invit\u00e9 TOP pendant les 12 mois de 2017. Mais pas que. Il fait parti \u00e0 jamais de la grande famille du TOP. Il a enrichi cette famille de sa bonne humeur permanente, de sa volont\u00e9 sans faille. De ses id\u00e9es et de son soutien. Merci Lolo pour cette belle ann\u00e9e pass\u00e9e avec nous. Et merci pour ton amiti\u00e9.<br class=\"none\"><br class=\"none\"><br class=\"none\"><br class=\"none\"><strong><span style=\"font-size: 14pt;\">Agn\u00e8s<br class=\"none\"><br class=\"none\"><br class=\"none\"><span style=\"color: #000000;\">RESULTATS 2017.<\/span><br class=\"none\"><\/span><\/strong><\/span><\/p>\n<ul>\n<li class=\"_2cuy _509q _2vxa\" style=\"text-align: justify;\"><span style=\"color: #000000; font-size: 12pt;\"><strong><span class=\"_4yxo\">D\u00e9partementaux de Cross-Country 78<\/span><\/strong>, SARTROUVILLE (78), 5.817km, 08\/01\/2017, 9\u00e8me, 00:23:10<\/span><\/li>\n<li class=\"_2cuy _509q _2vxa\" style=\"text-align: justify;\"><span style=\"color: #000000; font-size: 12pt;\"><strong><span class=\"_4yxo\">R\u00e9gionaux de Cross-Country IDF Ouest<\/span><\/strong>, LOUVRES (95), 5.720km, 22\/01\/2017, 10\u00e8me, 00:22:04<\/span><\/li>\n<li class=\"_2cuy _509q _2vxa\" style=\"text-align: justify;\"><span style=\"color: #000000; font-size: 12pt;\"><strong><span class=\"_4yxo\">Nimes Urban Trail<\/span>, NIMES<\/strong> (30), 18km, 350mD+, 19\/02\/2017, 3\u00e8me, 01:31:21<\/span><\/li>\n<li class=\"_2cuy _509q _2vxa\" style=\"text-align: justify;\"><span style=\"color: #000000; font-size: 12pt;\"><strong><span class=\"_4yxo\">Vailhautrail La Renarde<\/span><\/strong>, VAILHAUQUES (12), 23km, 580mD+, 26\/02\/2017, 1\u00e8re, 02:00:47<\/span><\/li>\n<li class=\"_2cuy _509q _2vxa\" style=\"text-align: justify;\"><span style=\"color: #000000; font-size: 12pt;\"><strong><span class=\"_4yxo\">Semi-Marathon de Paris<\/span><\/strong>, PARIS (75), 21.1km, 05\/03\/2017, 58\u00e8me, 01:32:17 (course pr\u00e9pa AM)<\/span><\/li>\n<li class=\"_2cuy _509q _2vxa\" style=\"text-align: justify;\"><span style=\"color: #000000; font-size: 12pt;\"><strong><span class=\"_4yxo\">Semi-Marathon de Chartres<\/span><\/strong>, CHARTRES (28), 21.1km, 19\/03\/2017, 7\u00e8me, 01:32:27 (course pr\u00e9pa AM)<\/span><\/li>\n<li class=\"_2cuy _509q _2vxa\" style=\"text-align: justify;\"><span style=\"color: #000000; font-size: 12pt;\"><strong><span class=\"_4yxo\">Marathon des Vins de la C\u00f4te Chalonnaise<\/span><\/strong>, GIVRY (71), 42.3km, 595mD+, 01\/04\/2017, 1\u00e8re, 03:14:03<\/span><\/li>\n<li class=\"_2cuy _509q _2vxa\" style=\"text-align: justify;\"><span style=\"color: #000000; font-size: 12pt;\"><strong><span class=\"_4yxo\">Contre la Montr\u2019ail <\/span>en duo avec Jonathan<\/strong>, CERNAY-LA-VILLE (78), 7km, 250mD+, 07\/05\/2017, 1er, 00:39:12<\/span><\/li>\n<li class=\"_2cuy _509q _2vxa\" style=\"text-align: justify;\"><span style=\"color: #000000; font-size: 12pt;\"><strong><span class=\"_4yxo\">Meeting Motard<\/span>, MALAKOFF<\/strong> (92), 3000m, 16\/05\/2017, 6\u00e8me, 00:11:35.73<\/span><\/li>\n<li class=\"_2cuy _509q _2vxa\" style=\"text-align: justify;\"><span style=\"color: #000000; font-size: 12pt;\"><span class=\"_4yxo\"><strong>Championnats Interclubs LIFA<\/strong> &#8211; Finale Promo N2A<\/span>, LA NORVILLE (91), 3000m, 20\/05\/2017, 7\u00e8me, 00:11:15.73<\/span><\/li>\n<li class=\"_2cuy _509q _2vxa\" style=\"text-align: justify;\"><span style=\"color: #000000; font-size: 12pt;\"><strong><span class=\"_4yxo\">Vertical Race<\/span><\/strong>, ANNECY LE VIEUX (74), 4km, 850mD+, 26\/05\/2017, 3\u00e8me, 00:49:24<\/span><\/li>\n<li class=\"_2cuy _509q _2vxa\" style=\"text-align: justify;\"><span style=\"color: #000000; font-size: 12pt;\"><strong><span class=\"_4yxo\">6h du Pas-de-Calais<\/span><\/strong>, MAISNIL-LES-RUITZ (62), 3h, 25\/06\/2017, 17\u00e8me, 35.91km<\/span><\/li>\n<li class=\"_2cuy _509q _2vxa\" style=\"text-align: justify;\"><span style=\"color: #000000; font-size: 12pt;\"><strong><span class=\"_4yxo\">Mont\u00e9e de Peisey-Vallandry<\/span><\/strong>, LANDRY (73), 12.5km, 880mD+, 14\/07\/2017, 1\u00e8re, 01:11:25<\/span><\/li>\n<li class=\"_2cuy _509q _2vxa\" style=\"text-align: justify;\"><span style=\"color: #000000; font-size: 12pt;\"><strong><span class=\"_4yxo\">KV de Cr\u00e8ve-T\u00eate<\/span><\/strong>, VALMOREL (73), 2.8km, 1000mD+, 15\/07\/2017, 6\u00e8me, 01:03:01<\/span><\/li>\n<li class=\"_2cuy _509q _2vxa\" style=\"text-align: justify;\"><span style=\"color: #000000; font-size: 12pt;\"><strong><span class=\"_4yxo\">Alpe d\u2019Huez 21<\/span><\/strong>, ALPE D\u2019HUEZ (38), 13.8km, 1120mD+, 15\/08\/2017, 3\u00e8me, 01:27:29<\/span><\/li>\n<li class=\"_2cuy _509q _2vxa\" style=\"text-align: justify;\"><span style=\"color: #000000; font-size: 12pt;\"><strong><span class=\"_4yxo\">La Balgentienne<\/span><\/strong>, BEAUGENCY (45), 21.1km, 10\/09\/2017, 1\u00e8re, 01:35:54 (course pr\u00e9pa duathlon)<br \/>\n<\/span><\/li>\n<li class=\"_2cuy _509q _2vxa\" style=\"text-align: justify;\"><span style=\"color: #000000; font-size: 12pt;\"><strong><span class=\"_4yxo\">Duathlon L<\/span><\/strong>, BOIS-LE-ROI (77), 7km\/90km\/14km, 17\/09\/2017, 2\u00e8me, 04:37:10<\/span><\/li>\n<li class=\"_2cuy _509q _2vxa\" style=\"text-align: justify;\"><span style=\"color: #000000; font-size: 12pt;\"><strong><span class=\"_4yxo\">20km de Paris<\/span><\/strong>, PARIS (75), 20km, 08\/10\/2017, 88\u00e8me, 01:34:46 (sortie longue 42 kils pr\u00e9pa 100 kils)<br \/>\n<\/span><\/li>\n<li class=\"_2cuy _509q _2vxa\" style=\"text-align: justify;\"><span style=\"color: #000000; font-size: 12pt;\"><strong><span class=\"_4yxo\">La Ronde des \u00c9l\u00e9phants<\/span><\/strong>, CHAMBERY (73), 100km, 1790mD+, 04\/11\/2017, 1\u00e8re, 10:22:32<\/span><\/li>\n<\/ul>\n","protected":false},"excerpt":{"rendered":"<p>Et l\u2019introduction inimitable d\u2019Arnaud DETHOREY 2 cm. C\u2019est la diff\u00e9rence de tour de cuisse entre Agn\u00e8s et moi. Je la laisse se la raconter avec ses cuissots parce que \u00e7a lui fait plaisir mais je sais qu\u2019au fond d\u2019elle-m\u00eame elle sait tr\u00e8s bien qu\u2019on sait tous les deux que c\u2019est moi qui ai les plus [&hellip;]<\/p>\n","protected":false},"author":1,"featured_media":13155,"comment_status":"open","ping_status":"open","sticky":false,"template":"","format":"standard","meta":{"ngg_post_thumbnail":0,"footnotes":""},"categories":[9],"tags":[],"class_list":["post-13152","post","type-post","status-publish","format-standard","has-post-thumbnail","hentry","category-le-team-athletes-top","has-post-title","has-post-date","has-post-category","has-post-tag","has-post-comment","has-post-author",""],"_links":{"self":[{"href":"https:\/\/www.team-outdoor.fr\/blog\/wp-json\/wp\/v2\/posts\/13152","targetHints":{"allow":["GET"]}}],"collection":[{"href":"https:\/\/www.team-outdoor.fr\/blog\/wp-json\/wp\/v2\/posts"}],"about":[{"href":"https:\/\/www.team-outdoor.fr\/blog\/wp-json\/wp\/v2\/types\/post"}],"author":[{"embeddable":true,"href":"https:\/\/www.team-outdoor.fr\/blog\/wp-json\/wp\/v2\/users\/1"}],"replies":[{"embeddable":true,"href":"https:\/\/www.team-outdoor.fr\/blog\/wp-json\/wp\/v2\/comments?post=13152"}],"version-history":[{"count":6,"href":"https:\/\/www.team-outdoor.fr\/blog\/wp-json\/wp\/v2\/posts\/13152\/revisions"}],"predecessor-version":[{"id":13293,"href":"https:\/\/www.team-outdoor.fr\/blog\/wp-json\/wp\/v2\/posts\/13152\/revisions\/13293"}],"wp:featuredmedia":[{"embeddable":true,"href":"https:\/\/www.team-outdoor.fr\/blog\/wp-json\/wp\/v2\/media\/13155"}],"wp:attachment":[{"href":"https:\/\/www.team-outdoor.fr\/blog\/wp-json\/wp\/v2\/media?parent=13152"}],"wp:term":[{"taxonomy":"category","embeddable":true,"href":"https:\/\/www.team-outdoor.fr\/blog\/wp-json\/wp\/v2\/categories?post=13152"},{"taxonomy":"post_tag","embeddable":true,"href":"https:\/\/www.team-outdoor.fr\/blog\/wp-json\/wp\/v2\/tags?post=13152"}],"curies":[{"name":"wp","href":"https:\/\/api.w.org\/{rel}","templated":true}]}}