{"id":14624,"date":"2019-11-26T11:16:00","date_gmt":"2019-11-26T10:16:00","guid":{"rendered":"https:\/\/www.team-outdoor.fr\/blog\/?p=14624"},"modified":"2019-11-26T17:52:56","modified_gmt":"2019-11-26T16:52:56","slug":"au-top-en-2019-toujours-avec-le-top-en-2020-julie-auffray-invitee-teamoutdoorpoli-2019","status":"publish","type":"post","link":"https:\/\/www.team-outdoor.fr\/blog\/au-top-en-2019-toujours-avec-le-top-en-2020-julie-auffray-invitee-teamoutdoorpoli-2019\/","title":{"rendered":"Au TOP en 2019, toujours avec le TOP en 2020 : Julie AUFFRAY, invit\u00e9e #TeamOutdoorPoli 2019"},"content":{"rendered":"\n<div style=\"height:20px\" aria-hidden=\"true\" class=\"wp-block-spacer\"><\/div>\n\n\n\n<figure class=\"wp-block-image size-large\"><img loading=\"lazy\" decoding=\"async\" width=\"1024\" height=\"683\" src=\"https:\/\/www.team-outdoor.fr\/blog\/wp-content\/uploads\/2019\/11\/export-JOSAS-2019-6343-sur-12139-1024x683.jpg\" alt=\"\" class=\"wp-image-14625\" srcset=\"https:\/\/www.team-outdoor.fr\/blog\/wp-content\/uploads\/2019\/11\/export-JOSAS-2019-6343-sur-12139-1024x683.jpg 1024w, https:\/\/www.team-outdoor.fr\/blog\/wp-content\/uploads\/2019\/11\/export-JOSAS-2019-6343-sur-12139-300x200.jpg 300w, https:\/\/www.team-outdoor.fr\/blog\/wp-content\/uploads\/2019\/11\/export-JOSAS-2019-6343-sur-12139-768x512.jpg 768w, https:\/\/www.team-outdoor.fr\/blog\/wp-content\/uploads\/2019\/11\/export-JOSAS-2019-6343-sur-12139-1536x1024.jpg 1536w, https:\/\/www.team-outdoor.fr\/blog\/wp-content\/uploads\/2019\/11\/export-JOSAS-2019-6343-sur-12139-2048x1365.jpg 2048w\" sizes=\"auto, (max-width: 1024px) 100vw, 1024px\" \/><\/figure>\n\n\n\n<div style=\"height:20px\" aria-hidden=\"true\" class=\"wp-block-spacer\"><\/div>\n\n\n\n<h2 class=\"wp-block-heading\">Benoit GANDELOT. <strong>Tu coures mais tu ne fais pas que \u00e7a, loin de l\u00e0 ! As-tu d&rsquo;autres projets sportifs pour 2020 ? <\/strong><\/h2>\n\n\n\n<div style=\"height:20px\" aria-hidden=\"true\" class=\"wp-block-spacer\"><\/div>\n\n\n\n<p class=\"has-text-color has-normal-font-size has-very-dark-gray-color\">C&rsquo;est vrai, je me suis aussi align\u00e9e sur quelques raids multisports entre 2017 et 2019 ! La course reste quand m\u00eame mon sport de pr\u00e9dilection, m\u00eame si m&rsquo;aventurer sur du VTT, du kayak, de la course d&rsquo;orientation, m&rsquo;amuse aussi, surtout en \u00e9quipe ! Cette ann\u00e9e, au Maroc, je suis vraiment sortie de ma zone de confort pour p\u00e9daler en plein d\u00e9sert\u2026  Pour 2020, j&rsquo;ai plut\u00f4t en t\u00eate des d\u00e9fis en trail, mais on n&rsquo;est jamais \u00e0 l&rsquo;abri d&rsquo;un coup de folie ;-)<\/p>\n\n\n\n<div style=\"height:20px\" aria-hidden=\"true\" class=\"wp-block-spacer\"><\/div>\n\n\n\n<div style=\"height:20px\" aria-hidden=\"true\" class=\"wp-block-spacer\"><\/div>\n\n\n\n<h2 class=\"wp-block-heading\">\u00c9douard DUPAS. <strong>Qu&rsquo;est-ce que tu aimes le plus dans le fait de porter un dossard en comp\u00e9tition?<\/strong><\/h2>\n\n\n\n<div style=\"height:20px\" aria-hidden=\"true\" class=\"wp-block-spacer\"><\/div>\n\n\n\n<figure class=\"wp-block-image size-large is-style-default\"><img loading=\"lazy\" decoding=\"async\" width=\"1024\" height=\"769\" src=\"https:\/\/www.team-outdoor.fr\/blog\/wp-content\/uploads\/2019\/11\/julie-3.-2-1024x769.jpg\" alt=\"\" class=\"wp-image-14707\" srcset=\"https:\/\/www.team-outdoor.fr\/blog\/wp-content\/uploads\/2019\/11\/julie-3.-2-1024x769.jpg 1024w, https:\/\/www.team-outdoor.fr\/blog\/wp-content\/uploads\/2019\/11\/julie-3.-2-300x225.jpg 300w, https:\/\/www.team-outdoor.fr\/blog\/wp-content\/uploads\/2019\/11\/julie-3.-2-768x576.jpg 768w, https:\/\/www.team-outdoor.fr\/blog\/wp-content\/uploads\/2019\/11\/julie-3.-2-1536x1153.jpg 1536w, https:\/\/www.team-outdoor.fr\/blog\/wp-content\/uploads\/2019\/11\/julie-3.-2.jpg 2048w\" sizes=\"auto, (max-width: 1024px) 100vw, 1024px\" \/><\/figure>\n\n\n\n<div style=\"height:20px\" aria-hidden=\"true\" class=\"wp-block-spacer\"><\/div>\n\n\n\n<p class=\"has-text-color has-normal-font-size has-very-dark-gray-color\">Ce que j&rsquo;adore dans le fait de porter un dossard, c&rsquo;est le fait que cela me pousse \u00e0 donner le meilleur, \u00e0 me d\u00e9passer. \u00e7a me donne aussi de la motivation \u00e0 l&rsquo;entra\u00eenement\u2026 et puis cela est toujours synonyme d&rsquo;une nouvelle exp\u00e9rience, qui permet d&rsquo;engranger des apprentissages et des bons (ou pas!!) souvenirs :)<\/p>\n\n\n\n<div style=\"height:20px\" aria-hidden=\"true\" class=\"wp-block-spacer\"><\/div>\n\n\n\n<div style=\"height:20px\" aria-hidden=\"true\" class=\"wp-block-spacer\"><\/div>\n\n\n\n<h2 class=\"wp-block-heading\">Jonathan DUHAIL. <strong>Quelle est la course qui te fait briller les yeux et pourquoi? C&rsquo;est pour quand? <\/strong><\/h2>\n\n\n\n<div style=\"height:20px\" aria-hidden=\"true\" class=\"wp-block-spacer\"><\/div>\n\n\n\n<p class=\"has-text-color has-normal-font-size has-very-dark-gray-color\">Parmi les classiques, Le Grand Trail des Templiers fait r\u00eaver, mais ce n&rsquo;est pas pour tout de suite, car je ne veux pas monter en distance trop brutalement\u2026 on commencera peut-\u00eatre par le marathon des causses, qui sait ?  <\/p>\n\n\n\n<div style=\"height:20px\" aria-hidden=\"true\" class=\"wp-block-spacer\"><\/div>\n\n\n\n<h2 class=\"wp-block-heading\">Julie \u00e0 elle m\u00eame. <strong>Douze mois \u00e0 l&rsquo;int\u00e9rieur du TOP : alors, on fait le bilan ? <\/strong><\/h2>\n\n\n\n<div style=\"height:20px\" aria-hidden=\"true\" class=\"wp-block-spacer\"><\/div>\n\n\n\n<figure class=\"wp-block-image size-large is-style-default\"><img loading=\"lazy\" decoding=\"async\" width=\"744\" height=\"744\" src=\"https:\/\/www.team-outdoor.fr\/blog\/wp-content\/uploads\/2019\/11\/julie7..jpg\" alt=\"\" class=\"wp-image-14708\" srcset=\"https:\/\/www.team-outdoor.fr\/blog\/wp-content\/uploads\/2019\/11\/julie7..jpg 744w, https:\/\/www.team-outdoor.fr\/blog\/wp-content\/uploads\/2019\/11\/julie7.-300x300.jpg 300w, https:\/\/www.team-outdoor.fr\/blog\/wp-content\/uploads\/2019\/11\/julie7.-150x150.jpg 150w\" sizes=\"auto, (max-width: 744px) 100vw, 744px\" \/><\/figure>\n\n\n\n<div style=\"height:20px\" aria-hidden=\"true\" class=\"wp-block-spacer\"><\/div>\n\n\n\n<p class=\"has-text-color has-normal-font-size has-very-dark-gray-color\">Il ne m&rsquo;a fallu que quelques semaines pour percer le secret : le maillot du TOP donne des ailes !!! Je retiens notamment ma premi\u00e8re course en jaune au Maxi-Cross de Bouff\u00e9mont (25km) dans des conditions hivernales dantesques\u2026 et une place sur la bo\u00eete comme belle r\u00e9compense ! Un autre moment marquant a \u00e9t\u00e9 le week-end \u00e0 Annecy avec le team. Il r\u00e8gne un tr\u00e8s bon esprit dans cette \u00e9quipe de champion.ne.s qui donne envie de se d\u00e9passer.  L&rsquo;ann\u00e9e n&rsquo;est pas finie, avec le trail des 40 bosses qui arrive\u2026 affaire \u00e0 suivre !<\/p>\n\n\n\n<div style=\"height:20px\" aria-hidden=\"true\" class=\"wp-block-spacer\"><\/div>\n\n\n\n<h2 class=\"wp-block-heading\">Nicolas DUHAIL. <strong>Je sais que certains invit\u00e9s ressentent un peu de pression lorsqu&rsquo;ils portent le maillot jaune du team. Est-ce le cas pour toi ou au contraire cela t&rsquo;aide \u00e0 te surpasser ?<\/strong><\/h2>\n\n\n\n<div style=\"height:20px\" aria-hidden=\"true\" class=\"wp-block-spacer\"><\/div>\n\n\n\n<figure class=\"wp-block-image size-large is-style-default\"><img loading=\"lazy\" decoding=\"async\" width=\"720\" height=\"479\" src=\"https:\/\/www.team-outdoor.fr\/blog\/wp-content\/uploads\/2019\/11\/julie1.-2.jpg\" alt=\"\" class=\"wp-image-14709\" srcset=\"https:\/\/www.team-outdoor.fr\/blog\/wp-content\/uploads\/2019\/11\/julie1.-2.jpg 720w, https:\/\/www.team-outdoor.fr\/blog\/wp-content\/uploads\/2019\/11\/julie1.-2-300x200.jpg 300w\" sizes=\"auto, (max-width: 720px) 100vw, 720px\" \/><\/figure>\n\n\n\n<div style=\"height:20px\" aria-hidden=\"true\" class=\"wp-block-spacer\"><\/div>\n\n\n\n<p class=\"has-text-color has-normal-font-size has-very-dark-gray-color\">Les deux \u00e0 la fois ! C&rsquo;est clair que je me mets un peu plus de pression quand je porte ce maillot, car j&rsquo;ai envie de donner le maximum quand je repr\u00e9sente le TOP. Donc cette petite pression suppl\u00e9mentaire m&rsquo;aide aussi \u00e0 me surpasser\u2026 <\/p>\n\n\n\n<div style=\"height:20px\" aria-hidden=\"true\" class=\"wp-block-spacer\"><\/div>\n\n\n\n<h2 class=\"wp-block-heading\">Renaud VINCENT. <strong>Sur quelle distance prends tu le plus de plaisir ? <\/strong><\/h2>\n\n\n\n<div style=\"height:20px\" aria-hidden=\"true\" class=\"wp-block-spacer\"><\/div>\n\n\n\n<figure class=\"wp-block-image size-large is-style-default\"><img loading=\"lazy\" decoding=\"async\" width=\"1024\" height=\"682\" src=\"https:\/\/www.team-outdoor.fr\/blog\/wp-content\/uploads\/2019\/11\/julie.4.-1024x682.jpg\" alt=\"\" class=\"wp-image-14710\" srcset=\"https:\/\/www.team-outdoor.fr\/blog\/wp-content\/uploads\/2019\/11\/julie.4.-1024x682.jpg 1024w, https:\/\/www.team-outdoor.fr\/blog\/wp-content\/uploads\/2019\/11\/julie.4.-300x200.jpg 300w, https:\/\/www.team-outdoor.fr\/blog\/wp-content\/uploads\/2019\/11\/julie.4.-768x512.jpg 768w, https:\/\/www.team-outdoor.fr\/blog\/wp-content\/uploads\/2019\/11\/julie.4.-1536x1024.jpg 1536w, https:\/\/www.team-outdoor.fr\/blog\/wp-content\/uploads\/2019\/11\/julie.4..jpg 2039w\" sizes=\"auto, (max-width: 1024px) 100vw, 1024px\" \/><\/figure>\n\n\n\n<div style=\"height:20px\" aria-hidden=\"true\" class=\"wp-block-spacer\"><\/div>\n\n\n\n<p class=\"has-text-color has-normal-font-size has-very-dark-gray-color\">Je d\u00e9couvre progressivement des distances un peu plus longues, et \u00e7a ne me d\u00e9pla\u00eet pas ! Pour l&rsquo;instant, je me fais bien plaisir sur des formats trail entre 20 et 30 km. Mais au-del\u00e0 de la distance c&rsquo;est surtout le profil du parcours qui peut me plaire plus ou moins. J&rsquo;aime bien les profils de course assez accident\u00e9s, mais qui r\u00e9servent quand m\u00eame quelques parties roulantes\u2026 de la vari\u00e9t\u00e9 en somme !!<\/p>\n\n\n\n<div style=\"height:20px\" aria-hidden=\"true\" class=\"wp-block-spacer\"><\/div>\n\n\n\n<h2 class=\"wp-block-heading\">Thomas BALABAUD. <strong>Quels sont tes objectifs de course en 2020 ? Tes distances de pr\u00e9dilection ?<\/strong><\/h2>\n\n\n\n<div style=\"height:20px\" aria-hidden=\"true\" class=\"wp-block-spacer\"><\/div>\n\n\n\n<figure class=\"wp-block-image size-large is-style-default\"><img loading=\"lazy\" decoding=\"async\" width=\"640\" height=\"959\" src=\"https:\/\/www.team-outdoor.fr\/blog\/wp-content\/uploads\/2019\/11\/julie-5.-1.jpg\" alt=\"\" class=\"wp-image-14711\" srcset=\"https:\/\/www.team-outdoor.fr\/blog\/wp-content\/uploads\/2019\/11\/julie-5.-1.jpg 640w, https:\/\/www.team-outdoor.fr\/blog\/wp-content\/uploads\/2019\/11\/julie-5.-1-200x300.jpg 200w\" sizes=\"auto, (max-width: 640px) 100vw, 640px\" \/><\/figure>\n\n\n\n<div style=\"height:20px\" aria-hidden=\"true\" class=\"wp-block-spacer\"><\/div>\n\n\n\n<p class=\"has-text-color has-normal-font-size has-very-dark-gray-color\">J&rsquo;aimerais me tester sur des trails un peu plus longs qu&rsquo;\u00e0 mon habitude, autour de 30-40-50 km, et de pr\u00e9f\u00e9rence en montagne. J&rsquo;aimerais privil\u00e9gier des courses authentiques, avec une bonne ambiance. Peut-\u00eatre que les lecteurs auront des id\u00e9es ? Pourquoi pas le trail du Capuchadou (Trans&rsquo;Aubrac) ? <\/p>\n\n\n\n<div style=\"height:20px\" aria-hidden=\"true\" class=\"wp-block-spacer\"><\/div>\n\n\n\n<h2 class=\"wp-block-heading\">Agn\u00e8s DUHAIL. <strong>Si je te propose de rejoindre la Team en tant qu&rsquo;athl\u00e8te Team l&rsquo;ann\u00e9e prochaine, forte de tes 5 podiums, qu&rsquo;en dis-tu?  <\/strong><\/h2>\n\n\n\n<div style=\"height:20px\" aria-hidden=\"true\" class=\"wp-block-spacer\"><\/div>\n\n\n\n<p class=\"has-text-color has-normal-font-size has-very-dark-gray-color\">La question la plus facile de toutes, car il suffit d&rsquo;un mot : O U I !!!!<\/p>\n\n\n\n<div style=\"height:20px\" aria-hidden=\"true\" class=\"wp-block-spacer\"><\/div>\n\n\n\n<figure class=\"wp-block-gallery columns-2 is-cropped wp-block-gallery-1 is-layout-flex wp-block-gallery-is-layout-flex\"><ul class=\"blocks-gallery-grid\"><li class=\"blocks-gallery-item\"><figure><a href=\"https:\/\/www.team-outdoor.fr\/blog\/wp-content\/uploads\/2019\/11\/julie.3.-1024x683.jpg\"><img loading=\"lazy\" decoding=\"async\" width=\"1024\" height=\"683\" src=\"https:\/\/www.team-outdoor.fr\/blog\/wp-content\/uploads\/2019\/11\/julie.3.-1024x683.jpg\" alt=\"\" data-id=\"14712\" data-link=\"https:\/\/www.team-outdoor.fr\/blog\/au-top-en-2019-toujours-avec-le-top-en-2020-julie-auffray-invitee-teamoutdoorpoli-2019\/julie-3-3\/\" class=\"wp-image-14712\" srcset=\"https:\/\/www.team-outdoor.fr\/blog\/wp-content\/uploads\/2019\/11\/julie.3.-1024x683.jpg 1024w, https:\/\/www.team-outdoor.fr\/blog\/wp-content\/uploads\/2019\/11\/julie.3.-300x200.jpg 300w, https:\/\/www.team-outdoor.fr\/blog\/wp-content\/uploads\/2019\/11\/julie.3.-768x512.jpg 768w, https:\/\/www.team-outdoor.fr\/blog\/wp-content\/uploads\/2019\/11\/julie.3.-1536x1024.jpg 1536w, https:\/\/www.team-outdoor.fr\/blog\/wp-content\/uploads\/2019\/11\/julie.3..jpg 2048w\" sizes=\"auto, (max-width: 1024px) 100vw, 1024px\" \/><\/a><\/figure><\/li><li class=\"blocks-gallery-item\"><figure><a href=\"https:\/\/www.team-outdoor.fr\/blog\/wp-content\/uploads\/2019\/11\/julie-2-1-1024x681.jpg\"><img loading=\"lazy\" decoding=\"async\" width=\"1024\" height=\"681\" src=\"https:\/\/www.team-outdoor.fr\/blog\/wp-content\/uploads\/2019\/11\/julie-2-1-1024x681.jpg\" alt=\"\" data-id=\"14714\" data-link=\"https:\/\/www.team-outdoor.fr\/blog\/au-top-en-2019-toujours-avec-le-top-en-2020-julie-auffray-invitee-teamoutdoorpoli-2019\/julie-2-1\/\" class=\"wp-image-14714\" srcset=\"https:\/\/www.team-outdoor.fr\/blog\/wp-content\/uploads\/2019\/11\/julie-2-1-1024x681.jpg 1024w, https:\/\/www.team-outdoor.fr\/blog\/wp-content\/uploads\/2019\/11\/julie-2-1-300x199.jpg 300w, https:\/\/www.team-outdoor.fr\/blog\/wp-content\/uploads\/2019\/11\/julie-2-1-768x511.jpg 768w, https:\/\/www.team-outdoor.fr\/blog\/wp-content\/uploads\/2019\/11\/julie-2-1.jpg 1280w\" sizes=\"auto, (max-width: 1024px) 100vw, 1024px\" \/><\/a><\/figure><\/li><li class=\"blocks-gallery-item\"><figure><a href=\"https:\/\/www.team-outdoor.fr\/blog\/wp-content\/uploads\/2019\/11\/julie-4.-1.jpg\"><img loading=\"lazy\" decoding=\"async\" width=\"960\" height=\"960\" src=\"https:\/\/www.team-outdoor.fr\/blog\/wp-content\/uploads\/2019\/11\/julie-4.-1.jpg\" alt=\"\" data-id=\"14715\" data-full-url=\"https:\/\/www.team-outdoor.fr\/blog\/wp-content\/uploads\/2019\/11\/julie-4.-1.jpg\" data-link=\"https:\/\/www.team-outdoor.fr\/blog\/au-top-en-2019-toujours-avec-le-top-en-2020-julie-auffray-invitee-teamoutdoorpoli-2019\/julie-4-1\/\" class=\"wp-image-14715\" srcset=\"https:\/\/www.team-outdoor.fr\/blog\/wp-content\/uploads\/2019\/11\/julie-4.-1.jpg 960w, https:\/\/www.team-outdoor.fr\/blog\/wp-content\/uploads\/2019\/11\/julie-4.-1-300x300.jpg 300w, https:\/\/www.team-outdoor.fr\/blog\/wp-content\/uploads\/2019\/11\/julie-4.-1-150x150.jpg 150w, https:\/\/www.team-outdoor.fr\/blog\/wp-content\/uploads\/2019\/11\/julie-4.-1-768x768.jpg 768w\" sizes=\"auto, (max-width: 960px) 100vw, 960px\" \/><\/a><\/figure><\/li><li class=\"blocks-gallery-item\"><figure><a href=\"https:\/\/www.team-outdoor.fr\/blog\/wp-content\/uploads\/2019\/11\/julie.1-1024x683.jpg\"><img loading=\"lazy\" decoding=\"async\" width=\"1024\" height=\"683\" src=\"https:\/\/www.team-outdoor.fr\/blog\/wp-content\/uploads\/2019\/11\/julie.1-1024x683.jpg\" alt=\"\" data-id=\"14713\" data-link=\"https:\/\/www.team-outdoor.fr\/blog\/au-top-en-2019-toujours-avec-le-top-en-2020-julie-auffray-invitee-teamoutdoorpoli-2019\/julie-1\/\" class=\"wp-image-14713\" srcset=\"https:\/\/www.team-outdoor.fr\/blog\/wp-content\/uploads\/2019\/11\/julie.1-1024x683.jpg 1024w, https:\/\/www.team-outdoor.fr\/blog\/wp-content\/uploads\/2019\/11\/julie.1-300x200.jpg 300w, https:\/\/www.team-outdoor.fr\/blog\/wp-content\/uploads\/2019\/11\/julie.1-768x512.jpg 768w, https:\/\/www.team-outdoor.fr\/blog\/wp-content\/uploads\/2019\/11\/julie.1-1536x1024.jpg 1536w, https:\/\/www.team-outdoor.fr\/blog\/wp-content\/uploads\/2019\/11\/julie.1.jpg 1951w\" sizes=\"auto, (max-width: 1024px) 100vw, 1024px\" \/><\/a><\/figure><\/li><\/ul><\/figure>\n","protected":false},"excerpt":{"rendered":"<p>Benoit GANDELOT. Tu coures mais tu ne fais pas que \u00e7a, loin de l\u00e0 ! As-tu d&rsquo;autres projets sportifs pour 2020 ? C&rsquo;est vrai, je me suis aussi align\u00e9e sur quelques raids multisports entre 2017 et 2019 ! La course reste quand m\u00eame mon sport de pr\u00e9dilection, m\u00eame si m&rsquo;aventurer sur du VTT, du kayak, [&hellip;]<\/p>\n","protected":false},"author":1,"featured_media":14711,"comment_status":"open","ping_status":"open","sticky":false,"template":"","format":"standard","meta":{"ngg_post_thumbnail":0,"footnotes":""},"categories":[9],"tags":[113,112,88,109,86],"class_list":["post-14624","post","type-post","status-publish","format-standard","has-post-thumbnail","hentry","category-le-team-athletes-top","tag-en-top-yellow","tag-invitee-top","tag-team-outdoor-poli","tag-team-trail","tag-trail-running","has-post-title","has-post-date","has-post-category","has-post-tag","has-post-comment","has-post-author",""],"_links":{"self":[{"href":"https:\/\/www.team-outdoor.fr\/blog\/wp-json\/wp\/v2\/posts\/14624","targetHints":{"allow":["GET"]}}],"collection":[{"href":"https:\/\/www.team-outdoor.fr\/blog\/wp-json\/wp\/v2\/posts"}],"about":[{"href":"https:\/\/www.team-outdoor.fr\/blog\/wp-json\/wp\/v2\/types\/post"}],"author":[{"embeddable":true,"href":"https:\/\/www.team-outdoor.fr\/blog\/wp-json\/wp\/v2\/users\/1"}],"replies":[{"embeddable":true,"href":"https:\/\/www.team-outdoor.fr\/blog\/wp-json\/wp\/v2\/comments?post=14624"}],"version-history":[{"count":5,"href":"https:\/\/www.team-outdoor.fr\/blog\/wp-json\/wp\/v2\/posts\/14624\/revisions"}],"predecessor-version":[{"id":14720,"href":"https:\/\/www.team-outdoor.fr\/blog\/wp-json\/wp\/v2\/posts\/14624\/revisions\/14720"}],"wp:featuredmedia":[{"embeddable":true,"href":"https:\/\/www.team-outdoor.fr\/blog\/wp-json\/wp\/v2\/media\/14711"}],"wp:attachment":[{"href":"https:\/\/www.team-outdoor.fr\/blog\/wp-json\/wp\/v2\/media?parent=14624"}],"wp:term":[{"taxonomy":"category","embeddable":true,"href":"https:\/\/www.team-outdoor.fr\/blog\/wp-json\/wp\/v2\/categories?post=14624"},{"taxonomy":"post_tag","embeddable":true,"href":"https:\/\/www.team-outdoor.fr\/blog\/wp-json\/wp\/v2\/tags?post=14624"}],"curies":[{"name":"wp","href":"https:\/\/api.w.org\/{rel}","templated":true}]}}