{"id":14627,"date":"2019-11-25T16:19:05","date_gmt":"2019-11-25T15:19:05","guid":{"rendered":"https:\/\/www.team-outdoor.fr\/blog\/?p=14627"},"modified":"2019-11-25T22:21:01","modified_gmt":"2019-11-25T21:21:01","slug":"invite%c2%b7e-top-comment-cela-a-change-leur-vie","status":"publish","type":"post","link":"https:\/\/www.team-outdoor.fr\/blog\/invite%c2%b7e-top-comment-cela-a-change-leur-vie\/","title":{"rendered":"Invit\u00e9\u00b7e TOP, comment cette ann\u00e9e au sein du TOP a chang\u00e9 leur vie ;)"},"content":{"rendered":"\n<div style=\"height:20px\" aria-hidden=\"true\" class=\"wp-block-spacer\"><\/div>\n\n\n\n<p class=\"has-text-color has-normal-font-size has-very-dark-gray-color\">S&rsquo;il vous manquait une seule raison pour postuler pour devenir l&rsquo;invit\u00e9\u00b7e TOP <strong>#TeamOutdoorPoli<\/strong> 2020, cet article est fait pour vous! Vous y trouverez le retour de tous nos invit\u00e9\u00b7es au TOP depuis que nous avons mis en place ce beau projet de partager une ann\u00e9e avec un\u00b7e francilien ou francilienne invit\u00e9\u00b7e au sein du TEAM OUTDOOR POLI. <\/p>\n\n\n\n<div style=\"height:20px\" aria-hidden=\"true\" class=\"wp-block-spacer\"><\/div>\n\n\n\n<div style=\"height:20px\" aria-hidden=\"true\" class=\"wp-block-spacer\"><\/div>\n\n\n\n<figure class=\"wp-block-image size-large is-style-default\"><img loading=\"lazy\" decoding=\"async\" width=\"1024\" height=\"768\" src=\"https:\/\/www.team-outdoor.fr\/blog\/wp-content\/uploads\/2019\/11\/josas-matth-6-1024x768.jpg\" alt=\"\" class=\"wp-image-14629\" srcset=\"https:\/\/www.team-outdoor.fr\/blog\/wp-content\/uploads\/2019\/11\/josas-matth-6-1024x768.jpg 1024w, https:\/\/www.team-outdoor.fr\/blog\/wp-content\/uploads\/2019\/11\/josas-matth-6-300x225.jpg 300w, https:\/\/www.team-outdoor.fr\/blog\/wp-content\/uploads\/2019\/11\/josas-matth-6-768x576.jpg 768w, https:\/\/www.team-outdoor.fr\/blog\/wp-content\/uploads\/2019\/11\/josas-matth-6.jpg 1500w\" sizes=\"auto, (max-width: 1024px) 100vw, 1024px\" \/><figcaption>David Mathieu &amp; Matthieu Bourguignon &#8211; Trail du Josas 2013<\/figcaption><\/figure>\n\n\n\n<div style=\"height:20px\" aria-hidden=\"true\" class=\"wp-block-spacer\"><\/div>\n\n\n\n<div style=\"height:20px\" aria-hidden=\"true\" class=\"wp-block-spacer\"><\/div>\n\n\n\n<p style=\"font-size:14px\" class=\"has-text-color has-very-dark-gray-color\">David, premier invit\u00e9 TOP 2013. \u00ab\u00a0Je n\u2019ai pas essuy\u00e9 les pl\u00e2tres; j\u2019ai juste eu la chance d\u2019\u00eatre le premier \u00e0 plonger dans une formidable aventure. \u00c7a fait sept ans maintenant, mais je n\u2019oublierai pas cette ann\u00e9e pass\u00e9e au milieu de gars et de filles fantastiques: Matthieu, Beno\u00eet, Antoine, Agn\u00e8s bien s\u00fbr et Thomas que j\u2019adore; et puis tous les champion.ne.s qui ont quitt\u00e9 la team mais que je n\u2019oublierai pas. J\u2019ai r\u00e9alis\u00e9 en 2013 certaines de mes plus grosses performances en trail;  joli chrono, \u00e0 mon niveau, sur le marathon du Mont-blanc surtout. A force de c\u00f4toyer des habitu\u00e9.e.s des podiums, on finit par penser qu\u2019on a aussi le devoir de s\u2019entra\u00eener davantage et de s\u2019arracher sur chacune des courses auxquelles on participe. <\/p>\n\n\n\n<div style=\"height:20px\" aria-hidden=\"true\" class=\"wp-block-spacer\"><\/div>\n\n\n\n<figure class=\"wp-block-gallery columns-3 is-cropped wp-block-gallery-1 is-layout-flex wp-block-gallery-is-layout-flex\"><ul class=\"blocks-gallery-grid\"><li class=\"blocks-gallery-item\"><figure><a href=\"https:\/\/www.team-outdoor.fr\/blog\/wp-content\/uploads\/2019\/11\/David.jpg\"><img loading=\"lazy\" decoding=\"async\" width=\"603\" height=\"453\" src=\"https:\/\/www.team-outdoor.fr\/blog\/wp-content\/uploads\/2019\/11\/David.jpg\" alt=\"\" data-id=\"14630\" class=\"wp-image-14630\" srcset=\"https:\/\/www.team-outdoor.fr\/blog\/wp-content\/uploads\/2019\/11\/David.jpg 603w, https:\/\/www.team-outdoor.fr\/blog\/wp-content\/uploads\/2019\/11\/David-300x225.jpg 300w\" sizes=\"auto, (max-width: 603px) 100vw, 603px\" \/><\/a><\/figure><\/li><li class=\"blocks-gallery-item\"><figure><a href=\"https:\/\/www.team-outdoor.fr\/blog\/wp-content\/uploads\/2019\/11\/David-3..jpg\"><img loading=\"lazy\" decoding=\"async\" width=\"640\" height=\"960\" src=\"https:\/\/www.team-outdoor.fr\/blog\/wp-content\/uploads\/2019\/11\/David-3..jpg\" alt=\"\" data-id=\"14632\" data-full-url=\"https:\/\/www.team-outdoor.fr\/blog\/wp-content\/uploads\/2019\/11\/David-3..jpg\" data-link=\"https:\/\/www.team-outdoor.fr\/blog\/?attachment_id=14632\" class=\"wp-image-14632\" srcset=\"https:\/\/www.team-outdoor.fr\/blog\/wp-content\/uploads\/2019\/11\/David-3..jpg 640w, https:\/\/www.team-outdoor.fr\/blog\/wp-content\/uploads\/2019\/11\/David-3.-200x300.jpg 200w\" sizes=\"auto, (max-width: 640px) 100vw, 640px\" \/><\/a><\/figure><\/li><li class=\"blocks-gallery-item\"><figure><a href=\"https:\/\/www.team-outdoor.fr\/blog\/wp-content\/uploads\/2019\/11\/David2..jpg\"><img loading=\"lazy\" decoding=\"async\" width=\"720\" height=\"960\" src=\"https:\/\/www.team-outdoor.fr\/blog\/wp-content\/uploads\/2019\/11\/David2..jpg\" alt=\"\" data-id=\"14631\" data-link=\"https:\/\/www.team-outdoor.fr\/blog\/?attachment_id=14631\" class=\"wp-image-14631\" srcset=\"https:\/\/www.team-outdoor.fr\/blog\/wp-content\/uploads\/2019\/11\/David2..jpg 720w, https:\/\/www.team-outdoor.fr\/blog\/wp-content\/uploads\/2019\/11\/David2.-225x300.jpg 225w\" sizes=\"auto, (max-width: 720px) 100vw, 720px\" \/><\/a><\/figure><\/li><\/ul><\/figure>\n\n\n\n<p style=\"font-size:14px\" class=\"has-text-color has-very-dark-gray-color\">Poli n\u2019\u00e9tait pas encore devenu le sponsor du TOP mais j\u2019avais re\u00e7u un maillot jaune Lafuma que je n\u2019oublie jamais de porter quand je prends le d\u00e9part d\u2019un ultra; Malgr\u00e9 l\u2019usure du temps, plus que le souvenir de douze mois au top, c\u2019est rest\u00e9 mon maillot porte bonheur;  Et puis je me souviendrai toujours de ma premi\u00e8re course comme invit\u00e9. Les Marcassins, en plein hiver. J\u2019\u00e9tais sur la ligne de d\u00e9part \u00e0 c\u00f4t\u00e9 de Benoit, fier comme Artaban. Comme nous portions le m\u00eame \u00e9cusson, je n\u2019ai eu aucun doute, je suis parti dans sa foul\u00e9e. Je ne me suis pas rendu compte que je courrais \u00e0 l\u2019allure d\u2019un cinq kilom\u00e8tres alors que j\u2019en avais 35 \u00e0 courir. Apr\u00e8s 15\u2019 en apn\u00e9e entre les trois premiers, j\u2019ai fini par \u00eatre saisi d\u2019un \u00e9clair de lucidit\u00e9. Je n\u2019\u00e9tais pas un athl\u00e8te du Team, juste un invit\u00e9. J\u2019ai fini la course plus modestement mais j\u2019ai recherch\u00e9 pendant des mois l\u2019adr\u00e9naline de ce d\u00e9part comme une balle. Merci Agn\u00e8s. \u00ab\u00a0<\/p>\n\n\n\n<div style=\"height:20px\" aria-hidden=\"true\" class=\"wp-block-spacer\"><\/div>\n\n\n\n<figure class=\"wp-block-gallery columns-3 is-cropped wp-block-gallery-2 is-layout-flex wp-block-gallery-is-layout-flex\"><ul class=\"blocks-gallery-grid\"><li class=\"blocks-gallery-item\"><figure><a href=\"https:\/\/www.team-outdoor.fr\/blog\/wp-content\/uploads\/2019\/11\/mathilde-5..jpg\"><img loading=\"lazy\" decoding=\"async\" width=\"720\" height=\"960\" src=\"https:\/\/www.team-outdoor.fr\/blog\/wp-content\/uploads\/2019\/11\/mathilde-5..jpg\" alt=\"\" data-id=\"14633\" data-full-url=\"https:\/\/www.team-outdoor.fr\/blog\/wp-content\/uploads\/2019\/11\/mathilde-5..jpg\" data-link=\"https:\/\/www.team-outdoor.fr\/blog\/?attachment_id=14633\" class=\"wp-image-14633\" srcset=\"https:\/\/www.team-outdoor.fr\/blog\/wp-content\/uploads\/2019\/11\/mathilde-5..jpg 720w, https:\/\/www.team-outdoor.fr\/blog\/wp-content\/uploads\/2019\/11\/mathilde-5.-225x300.jpg 225w\" sizes=\"auto, (max-width: 720px) 100vw, 720px\" \/><\/a><\/figure><\/li><li class=\"blocks-gallery-item\"><figure><a href=\"https:\/\/www.team-outdoor.fr\/blog\/wp-content\/uploads\/2019\/11\/Mathilde-2..jpg\"><img loading=\"lazy\" decoding=\"async\" width=\"541\" height=\"773\" src=\"https:\/\/www.team-outdoor.fr\/blog\/wp-content\/uploads\/2019\/11\/Mathilde-2..jpg\" alt=\"\" data-id=\"14636\" data-full-url=\"https:\/\/www.team-outdoor.fr\/blog\/wp-content\/uploads\/2019\/11\/Mathilde-2..jpg\" data-link=\"https:\/\/www.team-outdoor.fr\/blog\/?attachment_id=14636\" class=\"wp-image-14636\" srcset=\"https:\/\/www.team-outdoor.fr\/blog\/wp-content\/uploads\/2019\/11\/Mathilde-2..jpg 541w, https:\/\/www.team-outdoor.fr\/blog\/wp-content\/uploads\/2019\/11\/Mathilde-2.-210x300.jpg 210w\" sizes=\"auto, (max-width: 541px) 100vw, 541px\" \/><\/a><\/figure><\/li><li class=\"blocks-gallery-item\"><figure><a href=\"https:\/\/www.team-outdoor.fr\/blog\/wp-content\/uploads\/2019\/11\/mathilde-4..jpg\"><img loading=\"lazy\" decoding=\"async\" width=\"1024\" height=\"683\" src=\"https:\/\/www.team-outdoor.fr\/blog\/wp-content\/uploads\/2019\/11\/mathilde-4.-1024x683.jpg\" alt=\"\" data-id=\"14634\" data-full-url=\"https:\/\/www.team-outdoor.fr\/blog\/wp-content\/uploads\/2019\/11\/mathilde-4..jpg\" data-link=\"https:\/\/www.team-outdoor.fr\/blog\/?attachment_id=14634\" class=\"wp-image-14634\" srcset=\"https:\/\/www.team-outdoor.fr\/blog\/wp-content\/uploads\/2019\/11\/mathilde-4.-1024x683.jpg 1024w, https:\/\/www.team-outdoor.fr\/blog\/wp-content\/uploads\/2019\/11\/mathilde-4.-300x200.jpg 300w, https:\/\/www.team-outdoor.fr\/blog\/wp-content\/uploads\/2019\/11\/mathilde-4.-768x512.jpg 768w, https:\/\/www.team-outdoor.fr\/blog\/wp-content\/uploads\/2019\/11\/mathilde-4.-1536x1025.jpg 1536w, https:\/\/www.team-outdoor.fr\/blog\/wp-content\/uploads\/2019\/11\/mathilde-4..jpg 2000w\" sizes=\"auto, (max-width: 1024px) 100vw, 1024px\" \/><\/a><\/figure><\/li><li class=\"blocks-gallery-item\"><figure><a href=\"https:\/\/www.team-outdoor.fr\/blog\/wp-content\/uploads\/2019\/11\/mathilde1..jpg\"><img loading=\"lazy\" decoding=\"async\" width=\"960\" height=\"720\" src=\"https:\/\/www.team-outdoor.fr\/blog\/wp-content\/uploads\/2019\/11\/mathilde1..jpg\" alt=\"\" data-id=\"14637\" data-full-url=\"https:\/\/www.team-outdoor.fr\/blog\/wp-content\/uploads\/2019\/11\/mathilde1..jpg\" data-link=\"https:\/\/www.team-outdoor.fr\/blog\/?attachment_id=14637\" class=\"wp-image-14637\" srcset=\"https:\/\/www.team-outdoor.fr\/blog\/wp-content\/uploads\/2019\/11\/mathilde1..jpg 960w, https:\/\/www.team-outdoor.fr\/blog\/wp-content\/uploads\/2019\/11\/mathilde1.-300x225.jpg 300w, https:\/\/www.team-outdoor.fr\/blog\/wp-content\/uploads\/2019\/11\/mathilde1.-768x576.jpg 768w\" sizes=\"auto, (max-width: 960px) 100vw, 960px\" \/><\/a><\/figure><\/li><\/ul><\/figure>\n\n\n\n<div style=\"height:20px\" aria-hidden=\"true\" class=\"wp-block-spacer\"><\/div>\n\n\n\n<p style=\"font-size:14px\" class=\"has-text-color has-very-dark-gray-color\"><strong>Mathilde. Invit\u00e9e TEAM 2014. <\/strong> \u00ab\u00a0Rejoindre le TOP \u00e0 \u00e9t\u00e9 une belle aventure familiale. Elle m&rsquo;a permis de me d\u00e9passer pour r\u00e9ussir \u00e0 finir mon 1er 23km sous les encouragements de toute la Team poussin! En quelques mots: convivialit\u00e9, partage, et humilit\u00e9! Un grand merci pour cette aventure. J&rsquo;encourage toutes les femmes \u00e0 se pr\u00e9senter!! \u00ab\u00a0<\/p>\n\n\n\n<div style=\"height:20px\" aria-hidden=\"true\" class=\"wp-block-spacer\"><\/div>\n\n\n\n<figure class=\"wp-block-gallery columns-2 is-cropped wp-block-gallery-3 is-layout-flex wp-block-gallery-is-layout-flex\"><ul class=\"blocks-gallery-grid\"><li class=\"blocks-gallery-item\"><figure><img loading=\"lazy\" decoding=\"async\" width=\"720\" height=\"960\" src=\"https:\/\/www.team-outdoor.fr\/blog\/wp-content\/uploads\/2019\/11\/francois.jpg\" alt=\"\" data-id=\"14644\" data-full-url=\"https:\/\/www.team-outdoor.fr\/blog\/wp-content\/uploads\/2019\/11\/francois.jpg\" data-link=\"https:\/\/www.team-outdoor.fr\/blog\/?attachment_id=14644\" class=\"wp-image-14644\" srcset=\"https:\/\/www.team-outdoor.fr\/blog\/wp-content\/uploads\/2019\/11\/francois.jpg 720w, https:\/\/www.team-outdoor.fr\/blog\/wp-content\/uploads\/2019\/11\/francois-225x300.jpg 225w\" sizes=\"auto, (max-width: 720px) 100vw, 720px\" \/><\/figure><\/li><li class=\"blocks-gallery-item\"><figure><img loading=\"lazy\" decoding=\"async\" width=\"1024\" height=\"683\" src=\"https:\/\/www.team-outdoor.fr\/blog\/wp-content\/uploads\/2019\/11\/fran\u00e7ois-2.-1024x683.jpg\" alt=\"\" data-id=\"14638\" data-link=\"https:\/\/www.team-outdoor.fr\/blog\/?attachment_id=14638\" class=\"wp-image-14638\" srcset=\"https:\/\/www.team-outdoor.fr\/blog\/wp-content\/uploads\/2019\/11\/fran\u00e7ois-2.-1024x683.jpg 1024w, https:\/\/www.team-outdoor.fr\/blog\/wp-content\/uploads\/2019\/11\/fran\u00e7ois-2.-300x200.jpg 300w, https:\/\/www.team-outdoor.fr\/blog\/wp-content\/uploads\/2019\/11\/fran\u00e7ois-2.-768x512.jpg 768w, https:\/\/www.team-outdoor.fr\/blog\/wp-content\/uploads\/2019\/11\/fran\u00e7ois-2.-1536x1024.jpg 1536w, https:\/\/www.team-outdoor.fr\/blog\/wp-content\/uploads\/2019\/11\/fran\u00e7ois-2.-2048x1365.jpg 2048w\" sizes=\"auto, (max-width: 1024px) 100vw, 1024px\" \/><\/figure><\/li><li class=\"blocks-gallery-item\"><figure><img loading=\"lazy\" decoding=\"async\" width=\"1024\" height=\"768\" src=\"https:\/\/www.team-outdoor.fr\/blog\/wp-content\/uploads\/2019\/11\/fran\u00e7ois-3.-1024x768.jpg\" alt=\"\" data-id=\"14641\" data-link=\"https:\/\/www.team-outdoor.fr\/blog\/?attachment_id=14641\" class=\"wp-image-14641\" srcset=\"https:\/\/www.team-outdoor.fr\/blog\/wp-content\/uploads\/2019\/11\/fran\u00e7ois-3.-1024x768.jpg 1024w, https:\/\/www.team-outdoor.fr\/blog\/wp-content\/uploads\/2019\/11\/fran\u00e7ois-3.-300x225.jpg 300w, https:\/\/www.team-outdoor.fr\/blog\/wp-content\/uploads\/2019\/11\/fran\u00e7ois-3.-768x576.jpg 768w, https:\/\/www.team-outdoor.fr\/blog\/wp-content\/uploads\/2019\/11\/fran\u00e7ois-3.-1536x1152.jpg 1536w, https:\/\/www.team-outdoor.fr\/blog\/wp-content\/uploads\/2019\/11\/fran\u00e7ois-3.-2048x1536.jpg 2048w\" sizes=\"auto, (max-width: 1024px) 100vw, 1024px\" \/><\/figure><\/li><li class=\"blocks-gallery-item\"><figure><img loading=\"lazy\" decoding=\"async\" width=\"960\" height=\"720\" src=\"https:\/\/www.team-outdoor.fr\/blog\/wp-content\/uploads\/2019\/11\/Fran\u00e7ois-1..jpg\" alt=\"\" data-id=\"14639\" data-link=\"https:\/\/www.team-outdoor.fr\/blog\/?attachment_id=14639\" class=\"wp-image-14639\" srcset=\"https:\/\/www.team-outdoor.fr\/blog\/wp-content\/uploads\/2019\/11\/Fran\u00e7ois-1..jpg 960w, https:\/\/www.team-outdoor.fr\/blog\/wp-content\/uploads\/2019\/11\/Fran\u00e7ois-1.-300x225.jpg 300w, https:\/\/www.team-outdoor.fr\/blog\/wp-content\/uploads\/2019\/11\/Fran\u00e7ois-1.-768x576.jpg 768w\" sizes=\"auto, (max-width: 960px) 100vw, 960px\" \/><\/figure><\/li><\/ul><\/figure>\n\n\n\n<div style=\"height:20px\" aria-hidden=\"true\" class=\"wp-block-spacer\"><\/div>\n\n\n\n<p style=\"font-size:14px\" class=\"has-text-color has-very-dark-gray-color\">Fran\u00e7ois, invit\u00e9 TOP 2015.  \u00ab\u00a0Le TOP pour moi, cela a \u00e9t\u00e9 d&rsquo;abord une immense fiert\u00e9, celle d&rsquo;\u00eatre int\u00e9gr\u00e9 dans une \u00e9quipe de champions manag\u00e9s par Agn\u00e8s. Une \u00e9quipe avec des personnalit\u00e9s tr\u00e8s diff\u00e9rentes entre discr\u00e9tion et exub\u00e9rance, entre sobri\u00e9t\u00e9 et \u00e9picurisme, mais toutes attachantes et bienveillantes. \u00catre int\u00e9gr\u00e9, \u00e7a veut dire non seulement participer \u00e0 toute l&rsquo;activit\u00e9 sportive de la Team mais aussi d\u00e9couvrir la vie de notre boutique pr\u00e9f\u00e9r\u00e9e, y participer et contribuer \u00e0 son \u00e9volution. Bref, une ann\u00e9e au TOP, o\u00f9 on essaye de se surpasser pour imiter nos champions, o\u00f9 on d\u00e9couvre mille choses et o\u00f9 on se paye de belles tranches de rigolade. Mon plus beau souvenir : un podium au Maxicross de Bouf\u00e9mont dans ma cat\u00e9gorie alors que la Team brillait sur le podium scratch, et nous sommes tous repartis avec des bouteilles de Bourgogne des vignes de Fran\u00e7ois D&rsquo;Haene ! \u00ab\u00a0<\/p>\n\n\n\n<div style=\"height:20px\" aria-hidden=\"true\" class=\"wp-block-spacer\"><\/div>\n\n\n\n<p style=\"font-size:14px\" class=\"has-text-color has-very-dark-gray-color\"><strong>Caroline et Benjamin, invit\u00e9s TOP 2016 <\/strong><\/p>\n\n\n\n<div style=\"height:20px\" aria-hidden=\"true\" class=\"wp-block-spacer\"><\/div>\n\n\n\n<figure class=\"wp-block-gallery columns-3 is-cropped wp-block-gallery-4 is-layout-flex wp-block-gallery-is-layout-flex\"><ul class=\"blocks-gallery-grid\"><li class=\"blocks-gallery-item\"><figure><img loading=\"lazy\" decoding=\"async\" width=\"720\" height=\"960\" src=\"https:\/\/www.team-outdoor.fr\/blog\/wp-content\/uploads\/2019\/11\/Caro-1..jpg\" alt=\"\" data-id=\"14645\" data-link=\"https:\/\/www.team-outdoor.fr\/blog\/?attachment_id=14645\" class=\"wp-image-14645\" srcset=\"https:\/\/www.team-outdoor.fr\/blog\/wp-content\/uploads\/2019\/11\/Caro-1..jpg 720w, https:\/\/www.team-outdoor.fr\/blog\/wp-content\/uploads\/2019\/11\/Caro-1.-225x300.jpg 225w\" sizes=\"auto, (max-width: 720px) 100vw, 720px\" \/><\/figure><\/li><li class=\"blocks-gallery-item\"><figure><img loading=\"lazy\" decoding=\"async\" width=\"461\" height=\"701\" src=\"https:\/\/www.team-outdoor.fr\/blog\/wp-content\/uploads\/2019\/11\/35.jpg\" alt=\"\" data-id=\"14646\" data-link=\"https:\/\/www.team-outdoor.fr\/blog\/?attachment_id=14646\" class=\"wp-image-14646\" srcset=\"https:\/\/www.team-outdoor.fr\/blog\/wp-content\/uploads\/2019\/11\/35.jpg 461w, https:\/\/www.team-outdoor.fr\/blog\/wp-content\/uploads\/2019\/11\/35-197x300.jpg 197w\" sizes=\"auto, (max-width: 461px) 100vw, 461px\" \/><\/figure><\/li><li class=\"blocks-gallery-item\"><figure><img loading=\"lazy\" decoding=\"async\" width=\"1024\" height=\"680\" src=\"https:\/\/www.team-outdoor.fr\/blog\/wp-content\/uploads\/2019\/11\/DSC_0842-1024x680.jpg\" alt=\"\" data-id=\"14648\" data-link=\"https:\/\/www.team-outdoor.fr\/blog\/?attachment_id=14648\" class=\"wp-image-14648\" srcset=\"https:\/\/www.team-outdoor.fr\/blog\/wp-content\/uploads\/2019\/11\/DSC_0842-1024x680.jpg 1024w, https:\/\/www.team-outdoor.fr\/blog\/wp-content\/uploads\/2019\/11\/DSC_0842-300x199.jpg 300w, https:\/\/www.team-outdoor.fr\/blog\/wp-content\/uploads\/2019\/11\/DSC_0842-768x510.jpg 768w, https:\/\/www.team-outdoor.fr\/blog\/wp-content\/uploads\/2019\/11\/DSC_0842.jpg 1347w\" sizes=\"auto, (max-width: 1024px) 100vw, 1024px\" \/><\/figure><\/li><li class=\"blocks-gallery-item\"><figure><img loading=\"lazy\" decoding=\"async\" width=\"1024\" height=\"769\" src=\"https:\/\/www.team-outdoor.fr\/blog\/wp-content\/uploads\/2019\/11\/P1000071-1024x769.jpg\" alt=\"\" data-id=\"14649\" data-full-url=\"https:\/\/www.team-outdoor.fr\/blog\/wp-content\/uploads\/2019\/11\/P1000071-scaled.jpg\" data-link=\"https:\/\/www.team-outdoor.fr\/blog\/?attachment_id=14649\" class=\"wp-image-14649\" srcset=\"https:\/\/www.team-outdoor.fr\/blog\/wp-content\/uploads\/2019\/11\/P1000071-1024x769.jpg 1024w, https:\/\/www.team-outdoor.fr\/blog\/wp-content\/uploads\/2019\/11\/P1000071-300x225.jpg 300w, https:\/\/www.team-outdoor.fr\/blog\/wp-content\/uploads\/2019\/11\/P1000071-768x577.jpg 768w, https:\/\/www.team-outdoor.fr\/blog\/wp-content\/uploads\/2019\/11\/P1000071-1536x1153.jpg 1536w, https:\/\/www.team-outdoor.fr\/blog\/wp-content\/uploads\/2019\/11\/P1000071-2048x1538.jpg 2048w\" sizes=\"auto, (max-width: 1024px) 100vw, 1024px\" \/><\/figure><\/li><\/ul><\/figure>\n\n\n\n<div style=\"height:20px\" aria-hidden=\"true\" class=\"wp-block-spacer\"><\/div>\n\n\n\n<p style=\"font-size:14px\" class=\"has-text-color has-very-dark-gray-color\"><strong>Caro. <\/strong>\u00ab\u00a0Rejoindre le TOP en tant qu&rsquo;invit\u00e9, c&rsquo;est int\u00e9grer une \u00e9quipe humble, humaine et joyeuse. Les observer pr\u00e9parer leurs objectifs et apprendre \u00e0 leur contact, en toute d\u00e9contraction et bienveillance. Courir avec le TOP, c&rsquo;est c\u00f4toyer l&rsquo;\u00e9lite sans l&rsquo;\u00e9litisme.\u00a0\u00bb<\/p>\n\n\n\n<div style=\"height:20px\" aria-hidden=\"true\" class=\"wp-block-spacer\"><\/div>\n\n\n\n<p style=\"font-size:14px\" class=\"has-text-color has-very-dark-gray-color\"><strong>Benjamin.<\/strong> \u00ab\u00a0\u00catre invit\u00e9 dans le TOP pour un an, c&rsquo;est \u00eatre \u00e9lev\u00e9 au rang des Rois. C&rsquo;est c\u00f4toyer la cr\u00e8me de la cr\u00e8me, des athl\u00e8tes de haut niveau tout en te rendant compte qu&rsquo;ils ont une vie \u00e0 c\u00f4t\u00e9, eux aussi. C&rsquo;est profiter de leur aura pour repousser tes propres limites, la pression de l&rsquo;effet \u00ab\u00a0Team\u00a0\u00bb sans doute. C&rsquo;est partager des joies immenses quand l&rsquo;un des n\u00f4tres monte sur la bo\u00eete. Tu es invit\u00e9 pour 1 an, mais tu fais partie de la famille TOP pour la vie.\u00a0\u00bb<\/p>\n\n\n\n<div style=\"height:20px\" aria-hidden=\"true\" class=\"wp-block-spacer\"><\/div>\n\n\n\n<figure class=\"wp-block-gallery columns-3 is-cropped wp-block-gallery-5 is-layout-flex wp-block-gallery-is-layout-flex\"><ul class=\"blocks-gallery-grid\"><li class=\"blocks-gallery-item\"><figure><img loading=\"lazy\" decoding=\"async\" width=\"442\" height=\"666\" src=\"https:\/\/www.team-outdoor.fr\/blog\/wp-content\/uploads\/2019\/11\/05.jpg\" alt=\"\" data-id=\"14650\" data-link=\"https:\/\/www.team-outdoor.fr\/blog\/?attachment_id=14650\" class=\"wp-image-14650\" srcset=\"https:\/\/www.team-outdoor.fr\/blog\/wp-content\/uploads\/2019\/11\/05.jpg 442w, https:\/\/www.team-outdoor.fr\/blog\/wp-content\/uploads\/2019\/11\/05-199x300.jpg 199w\" sizes=\"auto, (max-width: 442px) 100vw, 442px\" \/><\/figure><\/li><li class=\"blocks-gallery-item\"><figure><img loading=\"lazy\" decoding=\"async\" width=\"1024\" height=\"769\" src=\"https:\/\/www.team-outdoor.fr\/blog\/wp-content\/uploads\/2019\/11\/P1020643-1024x769.jpg\" alt=\"\" data-id=\"14652\" data-link=\"https:\/\/www.team-outdoor.fr\/blog\/?attachment_id=14652\" class=\"wp-image-14652\" srcset=\"https:\/\/www.team-outdoor.fr\/blog\/wp-content\/uploads\/2019\/11\/P1020643-1024x769.jpg 1024w, https:\/\/www.team-outdoor.fr\/blog\/wp-content\/uploads\/2019\/11\/P1020643-300x225.jpg 300w, https:\/\/www.team-outdoor.fr\/blog\/wp-content\/uploads\/2019\/11\/P1020643-768x577.jpg 768w, https:\/\/www.team-outdoor.fr\/blog\/wp-content\/uploads\/2019\/11\/P1020643-1536x1153.jpg 1536w, https:\/\/www.team-outdoor.fr\/blog\/wp-content\/uploads\/2019\/11\/P1020643-2048x1538.jpg 2048w\" sizes=\"auto, (max-width: 1024px) 100vw, 1024px\" \/><\/figure><\/li><li class=\"blocks-gallery-item\"><figure><img loading=\"lazy\" decoding=\"async\" width=\"642\" height=\"960\" src=\"https:\/\/www.team-outdoor.fr\/blog\/wp-content\/uploads\/2019\/11\/ben-3..jpg\" alt=\"\" data-id=\"14653\" data-full-url=\"https:\/\/www.team-outdoor.fr\/blog\/wp-content\/uploads\/2019\/11\/ben-3..jpg\" data-link=\"https:\/\/www.team-outdoor.fr\/blog\/?attachment_id=14653\" class=\"wp-image-14653\" srcset=\"https:\/\/www.team-outdoor.fr\/blog\/wp-content\/uploads\/2019\/11\/ben-3..jpg 642w, https:\/\/www.team-outdoor.fr\/blog\/wp-content\/uploads\/2019\/11\/ben-3.-201x300.jpg 201w\" sizes=\"auto, (max-width: 642px) 100vw, 642px\" \/><\/figure><\/li><li class=\"blocks-gallery-item\"><figure><img loading=\"lazy\" decoding=\"async\" width=\"1024\" height=\"768\" src=\"https:\/\/www.team-outdoor.fr\/blog\/wp-content\/uploads\/2019\/11\/001-27-11-2016-10-42-35-1024x768.jpg\" alt=\"\" data-id=\"14651\" data-link=\"https:\/\/www.team-outdoor.fr\/blog\/?attachment_id=14651\" class=\"wp-image-14651\" srcset=\"https:\/\/www.team-outdoor.fr\/blog\/wp-content\/uploads\/2019\/11\/001-27-11-2016-10-42-35-1024x768.jpg 1024w, https:\/\/www.team-outdoor.fr\/blog\/wp-content\/uploads\/2019\/11\/001-27-11-2016-10-42-35-300x225.jpg 300w, https:\/\/www.team-outdoor.fr\/blog\/wp-content\/uploads\/2019\/11\/001-27-11-2016-10-42-35-768x576.jpg 768w, https:\/\/www.team-outdoor.fr\/blog\/wp-content\/uploads\/2019\/11\/001-27-11-2016-10-42-35-1536x1152.jpg 1536w, https:\/\/www.team-outdoor.fr\/blog\/wp-content\/uploads\/2019\/11\/001-27-11-2016-10-42-35-2048x1536.jpg 2048w\" sizes=\"auto, (max-width: 1024px) 100vw, 1024px\" \/><\/figure><\/li><\/ul><figcaption class=\"blocks-gallery-caption\">Bilan Lancement TEAM 2016<\/figcaption><\/figure>\n\n\n\n<div style=\"height:20px\" aria-hidden=\"true\" class=\"wp-block-spacer\"><\/div>\n\n\n\n<p style=\"font-size:14px\" class=\"has-text-color has-very-dark-gray-color\"><strong>Laurent. Invit\u00e9 TOP. 2017.<\/strong>  \u00ab\u00a0Quel magnifique cadeau de No\u00ebl d\u2019\u00eatre choisi pour rejoindre la team en tant qu\u2019invit\u00e9 TOP. Cela a \u00e9t\u00e9 une exp\u00e9rience exceptionnelle, source d\u2019une incroyable motivation pour les entra\u00eenements et les courses. Je n\u2019ai jamais parcouru autant de kilom\u00e8tres que cette ann\u00e9e l\u00e0. Porter les couleurs du Team vous booste quelque soit votre niveau.  Quel fiert\u00e9 d\u2019\u00eatre reconnu sur les routes et les chemins d\u2019\u00eele de France m\u00eame \u00e0 l\u2019arri\u00e8re du peloton.  Quel plaisir \u00e9galement de partager des moments d\u2019avant et d\u2019apr\u00e8s course avec toute la Team et tout particuli\u00e8rement pendant le week-end Team. Merci pour tout, capitaine Agn\u00e8s et ta Team pour cette ann\u00e9e au TOP.\u00a0\u00bb<\/p>\n\n\n\n<div style=\"height:20px\" aria-hidden=\"true\" class=\"wp-block-spacer\"><\/div>\n\n\n\n<figure class=\"wp-block-gallery columns-3 is-cropped wp-block-gallery-6 is-layout-flex wp-block-gallery-is-layout-flex\"><ul class=\"blocks-gallery-grid\"><li class=\"blocks-gallery-item\"><figure><img loading=\"lazy\" decoding=\"async\" width=\"960\" height=\"640\" src=\"https:\/\/www.team-outdoor.fr\/blog\/wp-content\/uploads\/2019\/11\/laurent-4..jpg\" alt=\"\" data-id=\"14657\" data-full-url=\"https:\/\/www.team-outdoor.fr\/blog\/wp-content\/uploads\/2019\/11\/laurent-4..jpg\" data-link=\"https:\/\/www.team-outdoor.fr\/blog\/?attachment_id=14657\" class=\"wp-image-14657\" srcset=\"https:\/\/www.team-outdoor.fr\/blog\/wp-content\/uploads\/2019\/11\/laurent-4..jpg 960w, https:\/\/www.team-outdoor.fr\/blog\/wp-content\/uploads\/2019\/11\/laurent-4.-300x200.jpg 300w, https:\/\/www.team-outdoor.fr\/blog\/wp-content\/uploads\/2019\/11\/laurent-4.-768x512.jpg 768w\" sizes=\"auto, (max-width: 960px) 100vw, 960px\" \/><\/figure><\/li><li class=\"blocks-gallery-item\"><figure><img loading=\"lazy\" decoding=\"async\" width=\"1024\" height=\"683\" src=\"https:\/\/www.team-outdoor.fr\/blog\/wp-content\/uploads\/2019\/11\/laurent-1.-1024x683.jpg\" alt=\"\" data-id=\"14659\" data-full-url=\"https:\/\/www.team-outdoor.fr\/blog\/wp-content\/uploads\/2019\/11\/laurent-1..jpg\" data-link=\"https:\/\/www.team-outdoor.fr\/blog\/?attachment_id=14659\" class=\"wp-image-14659\" srcset=\"https:\/\/www.team-outdoor.fr\/blog\/wp-content\/uploads\/2019\/11\/laurent-1.-1024x683.jpg 1024w, https:\/\/www.team-outdoor.fr\/blog\/wp-content\/uploads\/2019\/11\/laurent-1.-300x200.jpg 300w, https:\/\/www.team-outdoor.fr\/blog\/wp-content\/uploads\/2019\/11\/laurent-1.-768x512.jpg 768w, https:\/\/www.team-outdoor.fr\/blog\/wp-content\/uploads\/2019\/11\/laurent-1..jpg 1368w\" sizes=\"auto, (max-width: 1024px) 100vw, 1024px\" \/><\/figure><\/li><li class=\"blocks-gallery-item\"><figure><img loading=\"lazy\" decoding=\"async\" width=\"1024\" height=\"576\" src=\"https:\/\/www.team-outdoor.fr\/blog\/wp-content\/uploads\/2019\/11\/laurent-3.-1024x576.jpg\" alt=\"\" data-id=\"14658\" data-full-url=\"https:\/\/www.team-outdoor.fr\/blog\/wp-content\/uploads\/2019\/11\/laurent-3..jpg\" data-link=\"https:\/\/www.team-outdoor.fr\/blog\/?attachment_id=14658\" class=\"wp-image-14658\" srcset=\"https:\/\/www.team-outdoor.fr\/blog\/wp-content\/uploads\/2019\/11\/laurent-3.-1024x576.jpg 1024w, https:\/\/www.team-outdoor.fr\/blog\/wp-content\/uploads\/2019\/11\/laurent-3.-300x169.jpg 300w, https:\/\/www.team-outdoor.fr\/blog\/wp-content\/uploads\/2019\/11\/laurent-3.-768x432.jpg 768w, https:\/\/www.team-outdoor.fr\/blog\/wp-content\/uploads\/2019\/11\/laurent-3.-1536x864.jpg 1536w, https:\/\/www.team-outdoor.fr\/blog\/wp-content\/uploads\/2019\/11\/laurent-3..jpg 2048w\" sizes=\"auto, (max-width: 1024px) 100vw, 1024px\" \/><\/figure><\/li><li class=\"blocks-gallery-item\"><figure><img loading=\"lazy\" decoding=\"async\" width=\"1024\" height=\"646\" src=\"https:\/\/www.team-outdoor.fr\/blog\/wp-content\/uploads\/2019\/11\/laurent-6.-1024x646.jpg\" alt=\"\" data-id=\"14656\" data-full-url=\"https:\/\/www.team-outdoor.fr\/blog\/wp-content\/uploads\/2019\/11\/laurent-6..jpg\" data-link=\"https:\/\/www.team-outdoor.fr\/blog\/?attachment_id=14656\" class=\"wp-image-14656\" srcset=\"https:\/\/www.team-outdoor.fr\/blog\/wp-content\/uploads\/2019\/11\/laurent-6.-1024x646.jpg 1024w, https:\/\/www.team-outdoor.fr\/blog\/wp-content\/uploads\/2019\/11\/laurent-6.-300x189.jpg 300w, https:\/\/www.team-outdoor.fr\/blog\/wp-content\/uploads\/2019\/11\/laurent-6.-768x485.jpg 768w, https:\/\/www.team-outdoor.fr\/blog\/wp-content\/uploads\/2019\/11\/laurent-6.-1536x969.jpg 1536w, https:\/\/www.team-outdoor.fr\/blog\/wp-content\/uploads\/2019\/11\/laurent-6..jpg 2048w\" sizes=\"auto, (max-width: 1024px) 100vw, 1024px\" \/><\/figure><\/li><\/ul><figcaption class=\"blocks-gallery-caption\">Week-end TEAM 2017<\/figcaption><\/figure>\n\n\n\n<div style=\"height:20px\" aria-hidden=\"true\" class=\"wp-block-spacer\"><\/div>\n\n\n\n<p style=\"font-size:14px\" class=\"has-text-color has-very-dark-gray-color\"><strong>Arnaud. Invit\u00e9 TOP 2018.<\/strong> \u00a0\u00bb Une ann\u00e9e au TOP en tant qu&rsquo;invit\u00e9, c\u2019est pleins de souvenirs. Avec le maillot du TOP, sur les courses, les b\u00e9n\u00e9voles, le public et les coureurs t\u2019encouragent partout en France, Bretagne, Millau\u2026 Tu te mets une petite pression stimulante pour faire honneur \u00e0 ce maillot jaune. J\u2019ai eu la chance de faire un podium sur une course en relais avec les athl\u00e8tes du TOP (ils avaient fait le travail et m\u2019ont aid\u00e9 \u00e0 me surpasser). C\u2019est un week-end tr\u00e8s sympa avec le Team et des amis du Team. En BREF c\u2019est TOP. Est-il possible de rejouer ? Merci Agn\u00e8s \u00ab\u00a0<\/p>\n\n\n\n<div style=\"height:20px\" aria-hidden=\"true\" class=\"wp-block-spacer\"><\/div>\n\n\n\n<figure class=\"wp-block-gallery columns-2 is-cropped wp-block-gallery-7 is-layout-flex wp-block-gallery-is-layout-flex\"><ul class=\"blocks-gallery-grid\"><li class=\"blocks-gallery-item\"><figure><img loading=\"lazy\" decoding=\"async\" width=\"1024\" height=\"683\" src=\"https:\/\/www.team-outdoor.fr\/blog\/wp-content\/uploads\/2019\/11\/arnaud-4.-1024x683.jpg\" alt=\"\" data-id=\"14663\" data-full-url=\"https:\/\/www.team-outdoor.fr\/blog\/wp-content\/uploads\/2019\/11\/arnaud-4.-scaled.jpg\" data-link=\"https:\/\/www.team-outdoor.fr\/blog\/?attachment_id=14663\" class=\"wp-image-14663\" srcset=\"https:\/\/www.team-outdoor.fr\/blog\/wp-content\/uploads\/2019\/11\/arnaud-4.-1024x683.jpg 1024w, https:\/\/www.team-outdoor.fr\/blog\/wp-content\/uploads\/2019\/11\/arnaud-4.-300x200.jpg 300w, https:\/\/www.team-outdoor.fr\/blog\/wp-content\/uploads\/2019\/11\/arnaud-4.-768x512.jpg 768w, https:\/\/www.team-outdoor.fr\/blog\/wp-content\/uploads\/2019\/11\/arnaud-4.-1536x1024.jpg 1536w, https:\/\/www.team-outdoor.fr\/blog\/wp-content\/uploads\/2019\/11\/arnaud-4.-2048x1365.jpg 2048w\" sizes=\"auto, (max-width: 1024px) 100vw, 1024px\" \/><\/figure><\/li><li class=\"blocks-gallery-item\"><figure><img loading=\"lazy\" decoding=\"async\" width=\"1024\" height=\"683\" src=\"https:\/\/www.team-outdoor.fr\/blog\/wp-content\/uploads\/2019\/11\/arnaud-3.-1024x683.jpg\" alt=\"\" data-id=\"14664\" data-full-url=\"https:\/\/www.team-outdoor.fr\/blog\/wp-content\/uploads\/2019\/11\/arnaud-3.-scaled.jpg\" data-link=\"https:\/\/www.team-outdoor.fr\/blog\/?attachment_id=14664\" class=\"wp-image-14664\" srcset=\"https:\/\/www.team-outdoor.fr\/blog\/wp-content\/uploads\/2019\/11\/arnaud-3.-1024x683.jpg 1024w, https:\/\/www.team-outdoor.fr\/blog\/wp-content\/uploads\/2019\/11\/arnaud-3.-300x200.jpg 300w, https:\/\/www.team-outdoor.fr\/blog\/wp-content\/uploads\/2019\/11\/arnaud-3.-768x512.jpg 768w, https:\/\/www.team-outdoor.fr\/blog\/wp-content\/uploads\/2019\/11\/arnaud-3.-1536x1024.jpg 1536w, https:\/\/www.team-outdoor.fr\/blog\/wp-content\/uploads\/2019\/11\/arnaud-3.-2048x1365.jpg 2048w\" sizes=\"auto, (max-width: 1024px) 100vw, 1024px\" \/><\/figure><\/li><li class=\"blocks-gallery-item\"><figure><img loading=\"lazy\" decoding=\"async\" width=\"1024\" height=\"683\" src=\"https:\/\/www.team-outdoor.fr\/blog\/wp-content\/uploads\/2019\/11\/arnaud-2.-1024x683.jpg\" alt=\"\" data-id=\"14665\" data-full-url=\"https:\/\/www.team-outdoor.fr\/blog\/wp-content\/uploads\/2019\/11\/arnaud-2.-scaled.jpg\" data-link=\"https:\/\/www.team-outdoor.fr\/blog\/?attachment_id=14665\" class=\"wp-image-14665\" srcset=\"https:\/\/www.team-outdoor.fr\/blog\/wp-content\/uploads\/2019\/11\/arnaud-2.-1024x683.jpg 1024w, https:\/\/www.team-outdoor.fr\/blog\/wp-content\/uploads\/2019\/11\/arnaud-2.-300x200.jpg 300w, https:\/\/www.team-outdoor.fr\/blog\/wp-content\/uploads\/2019\/11\/arnaud-2.-768x512.jpg 768w, https:\/\/www.team-outdoor.fr\/blog\/wp-content\/uploads\/2019\/11\/arnaud-2.-1536x1024.jpg 1536w, https:\/\/www.team-outdoor.fr\/blog\/wp-content\/uploads\/2019\/11\/arnaud-2.-2048x1365.jpg 2048w\" sizes=\"auto, (max-width: 1024px) 100vw, 1024px\" \/><\/figure><\/li><\/ul><\/figure>\n\n\n\n<div style=\"height:20px\" aria-hidden=\"true\" class=\"wp-block-spacer\"><\/div>\n\n\n\n<figure class=\"wp-block-gallery columns-2 is-cropped wp-block-gallery-8 is-layout-flex wp-block-gallery-is-layout-flex\"><ul class=\"blocks-gallery-grid\"><li class=\"blocks-gallery-item\"><figure><img loading=\"lazy\" decoding=\"async\" width=\"640\" height=\"959\" src=\"https:\/\/www.team-outdoor.fr\/blog\/wp-content\/uploads\/2019\/11\/julie-5..jpg\" alt=\"\" data-id=\"14667\" data-full-url=\"https:\/\/www.team-outdoor.fr\/blog\/wp-content\/uploads\/2019\/11\/julie-5..jpg\" data-link=\"https:\/\/www.team-outdoor.fr\/blog\/?attachment_id=14667\" class=\"wp-image-14667\" srcset=\"https:\/\/www.team-outdoor.fr\/blog\/wp-content\/uploads\/2019\/11\/julie-5..jpg 640w, https:\/\/www.team-outdoor.fr\/blog\/wp-content\/uploads\/2019\/11\/julie-5.-200x300.jpg 200w\" sizes=\"auto, (max-width: 640px) 100vw, 640px\" \/><\/figure><\/li><li class=\"blocks-gallery-item\"><figure><img loading=\"lazy\" decoding=\"async\" width=\"1024\" height=\"769\" src=\"https:\/\/www.team-outdoor.fr\/blog\/wp-content\/uploads\/2019\/11\/julie-3.-1024x769.jpg\" alt=\"\" data-id=\"14669\" data-full-url=\"https:\/\/www.team-outdoor.fr\/blog\/wp-content\/uploads\/2019\/11\/julie-3..jpg\" data-link=\"https:\/\/www.team-outdoor.fr\/blog\/?attachment_id=14669\" class=\"wp-image-14669\" srcset=\"https:\/\/www.team-outdoor.fr\/blog\/wp-content\/uploads\/2019\/11\/julie-3.-1024x769.jpg 1024w, https:\/\/www.team-outdoor.fr\/blog\/wp-content\/uploads\/2019\/11\/julie-3.-300x225.jpg 300w, https:\/\/www.team-outdoor.fr\/blog\/wp-content\/uploads\/2019\/11\/julie-3.-768x576.jpg 768w, https:\/\/www.team-outdoor.fr\/blog\/wp-content\/uploads\/2019\/11\/julie-3.-1536x1153.jpg 1536w, https:\/\/www.team-outdoor.fr\/blog\/wp-content\/uploads\/2019\/11\/julie-3..jpg 2048w\" sizes=\"auto, (max-width: 1024px) 100vw, 1024px\" \/><\/figure><\/li><li class=\"blocks-gallery-item\"><figure><img loading=\"lazy\" decoding=\"async\" width=\"960\" height=\"960\" src=\"https:\/\/www.team-outdoor.fr\/blog\/wp-content\/uploads\/2019\/11\/julie-4..jpg\" alt=\"\" data-id=\"14668\" data-full-url=\"https:\/\/www.team-outdoor.fr\/blog\/wp-content\/uploads\/2019\/11\/julie-4..jpg\" data-link=\"https:\/\/www.team-outdoor.fr\/blog\/?attachment_id=14668\" class=\"wp-image-14668\" srcset=\"https:\/\/www.team-outdoor.fr\/blog\/wp-content\/uploads\/2019\/11\/julie-4..jpg 960w, https:\/\/www.team-outdoor.fr\/blog\/wp-content\/uploads\/2019\/11\/julie-4.-300x300.jpg 300w, https:\/\/www.team-outdoor.fr\/blog\/wp-content\/uploads\/2019\/11\/julie-4.-150x150.jpg 150w, https:\/\/www.team-outdoor.fr\/blog\/wp-content\/uploads\/2019\/11\/julie-4.-768x768.jpg 768w\" sizes=\"auto, (max-width: 960px) 100vw, 960px\" \/><\/figure><\/li><li class=\"blocks-gallery-item\"><figure><img loading=\"lazy\" decoding=\"async\" width=\"720\" height=\"479\" src=\"https:\/\/www.team-outdoor.fr\/blog\/wp-content\/uploads\/2019\/11\/julie1..jpg\" alt=\"\" data-id=\"14666\" data-link=\"https:\/\/www.team-outdoor.fr\/blog\/?attachment_id=14666\" class=\"wp-image-14666\" srcset=\"https:\/\/www.team-outdoor.fr\/blog\/wp-content\/uploads\/2019\/11\/julie1..jpg 720w, https:\/\/www.team-outdoor.fr\/blog\/wp-content\/uploads\/2019\/11\/julie1.-300x200.jpg 300w\" sizes=\"auto, (max-width: 720px) 100vw, 720px\" \/><\/figure><\/li><\/ul><\/figure>\n\n\n\n<div style=\"height:20px\" aria-hidden=\"true\" class=\"wp-block-spacer\"><\/div>\n\n\n\n<p style=\"font-size:14px\" class=\"has-text-color has-very-dark-gray-color\"><strong>Julie Invit\u00e9e TOP 2019.<\/strong> \u00a0\u00bb \u00catre invit\u00e9e du TOP, cela donne une belle raison de plus de se d\u00e9passer ! C&rsquo;est simple : on enfile le maillot jaune (assez fi\u00e8rement je dois dire !) et le mental ne vous laisse plus faire moins que de donner le meilleur ; ) Cela donne envie de se lancer des d\u00e9fis, toujours plus grands ! Au-del\u00e0 des courses, \u00eatre l&rsquo;invit\u00e9e du TOP c&rsquo;est infiltrer une \u00e9quipe de champion.ne.s qui sont s\u00e9rieux.ses sans se prendre au s\u00e9rieux : ouverture, simplicit\u00e9 et bonne humeur sont au rendez-vous \u00e0 chaque fois. Bref, le concept d&rsquo;invit\u00e9(e) est tout \u00e0 l&rsquo;image de l&rsquo;esprit de partage de cette \u00e9quipe hors du commun !! \u00ab\u00a0<\/p>\n\n\n\n<div style=\"height:20px\" aria-hidden=\"true\" class=\"wp-block-spacer\"><\/div>\n\n\n\n<div style=\"height:20px\" aria-hidden=\"true\" class=\"wp-block-spacer\"><\/div>\n\n\n\n<figure class=\"wp-block-image size-large is-style-default\"><img loading=\"lazy\" decoding=\"async\" width=\"916\" height=\"721\" src=\"https:\/\/www.team-outdoor.fr\/blog\/wp-content\/uploads\/2019\/11\/149..jpg\" alt=\"\" class=\"wp-image-14671\" srcset=\"https:\/\/www.team-outdoor.fr\/blog\/wp-content\/uploads\/2019\/11\/149..jpg 916w, https:\/\/www.team-outdoor.fr\/blog\/wp-content\/uploads\/2019\/11\/149.-300x236.jpg 300w, https:\/\/www.team-outdoor.fr\/blog\/wp-content\/uploads\/2019\/11\/149.-768x605.jpg 768w\" sizes=\"auto, (max-width: 916px) 100vw, 916px\" \/><\/figure>\n\n\n\n<p class=\"has-text-color has-background has-normal-font-size has-very-dark-gray-color has-pale-cyan-blue-background-color\">Alors, pr\u00eat\u00b7e \u00e0 vous lancer dans l&rsquo;aventure? Les candidatures ouvrent ce lundi 25 novembre \u00e0 20h! Rendez-vous sur notre page <strong>facebook<\/strong> pour les modalit\u00e9s!<\/p>\n","protected":false},"excerpt":{"rendered":"<p>S&rsquo;il vous manquait une seule raison pour postuler pour devenir l&rsquo;invit\u00e9\u00b7e TOP #TeamOutdoorPoli 2020, cet article est fait pour vous! Vous y trouverez le retour de tous nos invit\u00e9\u00b7es au TOP depuis que nous avons mis en place ce beau projet de partager une ann\u00e9e avec un\u00b7e francilien ou francilienne invit\u00e9\u00b7e au sein du TEAM [&hellip;]<\/p>\n","protected":false},"author":1,"featured_media":14671,"comment_status":"open","ping_status":"open","sticky":false,"template":"","format":"standard","meta":{"ngg_post_thumbnail":0,"footnotes":""},"categories":[9],"tags":[],"class_list":["post-14627","post","type-post","status-publish","format-standard","has-post-thumbnail","hentry","category-le-team-athletes-top","has-post-title","has-post-date","has-post-category","has-post-tag","has-post-comment","has-post-author",""],"_links":{"self":[{"href":"https:\/\/www.team-outdoor.fr\/blog\/wp-json\/wp\/v2\/posts\/14627","targetHints":{"allow":["GET"]}}],"collection":[{"href":"https:\/\/www.team-outdoor.fr\/blog\/wp-json\/wp\/v2\/posts"}],"about":[{"href":"https:\/\/www.team-outdoor.fr\/blog\/wp-json\/wp\/v2\/types\/post"}],"author":[{"embeddable":true,"href":"https:\/\/www.team-outdoor.fr\/blog\/wp-json\/wp\/v2\/users\/1"}],"replies":[{"embeddable":true,"href":"https:\/\/www.team-outdoor.fr\/blog\/wp-json\/wp\/v2\/comments?post=14627"}],"version-history":[{"count":8,"href":"https:\/\/www.team-outdoor.fr\/blog\/wp-json\/wp\/v2\/posts\/14627\/revisions"}],"predecessor-version":[{"id":14705,"href":"https:\/\/www.team-outdoor.fr\/blog\/wp-json\/wp\/v2\/posts\/14627\/revisions\/14705"}],"wp:featuredmedia":[{"embeddable":true,"href":"https:\/\/www.team-outdoor.fr\/blog\/wp-json\/wp\/v2\/media\/14671"}],"wp:attachment":[{"href":"https:\/\/www.team-outdoor.fr\/blog\/wp-json\/wp\/v2\/media?parent=14627"}],"wp:term":[{"taxonomy":"category","embeddable":true,"href":"https:\/\/www.team-outdoor.fr\/blog\/wp-json\/wp\/v2\/categories?post=14627"},{"taxonomy":"post_tag","embeddable":true,"href":"https:\/\/www.team-outdoor.fr\/blog\/wp-json\/wp\/v2\/tags?post=14627"}],"curies":[{"name":"wp","href":"https:\/\/api.w.org\/{rel}","templated":true}]}}