{"id":14675,"date":"2019-11-25T16:40:08","date_gmt":"2019-11-25T15:40:08","guid":{"rendered":"https:\/\/www.team-outdoor.fr\/blog\/?p=14675"},"modified":"2019-11-25T22:11:51","modified_gmt":"2019-11-25T21:11:51","slug":"rejoins-le-teamoutdoorpoli-en-tant-quinvite%c2%b7e-top-2020","status":"publish","type":"post","link":"https:\/\/www.team-outdoor.fr\/blog\/rejoins-le-teamoutdoorpoli-en-tant-quinvite%c2%b7e-top-2020\/","title":{"rendered":"Rejoins le #TeamOutdoorPoli en tant qu&rsquo;invit\u00e9\u00b7e TOP 2020"},"content":{"rendered":"\n<div style=\"height:20px\" aria-hidden=\"true\" class=\"wp-block-spacer\"><\/div>\n\n\n\n<figure class=\"wp-block-image size-large is-style-default\"><img loading=\"lazy\" decoding=\"async\" width=\"1024\" height=\"646\" src=\"https:\/\/www.team-outdoor.fr\/blog\/wp-content\/uploads\/2019\/11\/laurent-6.-1-1024x646.jpg\" alt=\"\" class=\"wp-image-14676\" srcset=\"https:\/\/www.team-outdoor.fr\/blog\/wp-content\/uploads\/2019\/11\/laurent-6.-1-1024x646.jpg 1024w, https:\/\/www.team-outdoor.fr\/blog\/wp-content\/uploads\/2019\/11\/laurent-6.-1-300x189.jpg 300w, https:\/\/www.team-outdoor.fr\/blog\/wp-content\/uploads\/2019\/11\/laurent-6.-1-768x485.jpg 768w, https:\/\/www.team-outdoor.fr\/blog\/wp-content\/uploads\/2019\/11\/laurent-6.-1-1536x969.jpg 1536w, https:\/\/www.team-outdoor.fr\/blog\/wp-content\/uploads\/2019\/11\/laurent-6.-1.jpg 2048w\" sizes=\"auto, (max-width: 1024px) 100vw, 1024px\" \/><\/figure>\n\n\n\n<div style=\"height:20px\" aria-hidden=\"true\" class=\"wp-block-spacer\"><\/div>\n\n\n\n<p class=\"has-text-color has-normal-font-size has-very-dark-gray-color\"><strong>Peu importe ton chrono sur 10 kils, semi ou marathon, peu importe que tu mettes (ou pas) la mis\u00e8re \u00e0 Kilian sur le KV de Chamonix. Peu importe la foul\u00e9e \u00e0 attaque talon ou le griff\u00e9 sur le sol! Champion(ne) du monde du sourire et de la bonne humeur, c&rsquo;est donc pour toi! Et celles et ceux qui ont postul\u00e9 les ann\u00e9es pr\u00e9c\u00e9dentes, n&rsquo;h\u00e9sitez pas \u00e0 retenter votre chance ou \u00e0 tenter la chance pour un proche en nous envoyant son dossier pour lui faire une belle surprise!<\/strong><\/p>\n\n\n\n<div style=\"height:20px\" aria-hidden=\"true\" class=\"wp-block-spacer\"><\/div>\n\n\n\n<p style=\"font-size:14px\" class=\"has-text-color has-very-dark-gray-color\"><strong> L&rsquo;ann\u00e9e 2019 du TOP <a href=\"https:\/\/www.facebook.com\/hashtag\/teamoutdoorpoli\">#TeamOutdoorPoli<\/a> touche bient\u00f4t \u00e0 sa fin.<\/strong><\/p>\n\n\n\n<figure class=\"wp-block-image size-large is-style-default\"><img loading=\"lazy\" decoding=\"async\" width=\"1024\" height=\"769\" src=\"https:\/\/www.team-outdoor.fr\/blog\/wp-content\/uploads\/2019\/11\/julie-3.-1-1024x769.jpg\" alt=\"\" class=\"wp-image-14677\" srcset=\"https:\/\/www.team-outdoor.fr\/blog\/wp-content\/uploads\/2019\/11\/julie-3.-1-1024x769.jpg 1024w, https:\/\/www.team-outdoor.fr\/blog\/wp-content\/uploads\/2019\/11\/julie-3.-1-300x225.jpg 300w, https:\/\/www.team-outdoor.fr\/blog\/wp-content\/uploads\/2019\/11\/julie-3.-1-768x576.jpg 768w, https:\/\/www.team-outdoor.fr\/blog\/wp-content\/uploads\/2019\/11\/julie-3.-1-1536x1153.jpg 1536w, https:\/\/www.team-outdoor.fr\/blog\/wp-content\/uploads\/2019\/11\/julie-3.-1.jpg 2048w\" sizes=\"auto, (max-width: 1024px) 100vw, 1024px\" \/><\/figure>\n\n\n\n<div style=\"height:20px\" aria-hidden=\"true\" class=\"wp-block-spacer\"><\/div>\n\n\n\n<p style=\"font-size:14px\" class=\"has-text-color has-very-dark-gray-color\">Une ann\u00e9e partag\u00e9e avec notre TOP 2019, <strong>Julie AUFFRAY<\/strong>, Ce fut un immense plaisir pour nous tous de partager tous ces moments avec Julie qui fait d\u00e9sormais partie de la grande famille du TOP, tout comme, Arnaud, Laurent,Caroline et Benjamin, Fran\u00e7ois, Mathilde et David, nos pr\u00e9c\u00e9dents invit\u00e9s TEAM. Bon Julie, il reste un bon mois pour profiter encore de ce statut d&rsquo;invit\u00e9e&#8230;.. avant de plonger dans le grand bain du TEAM. Et oui, parce que Julie, va rester avec nous en 2020 puisque je lui ai demand\u00e9 d&rsquo;int\u00e9grer la TEAM. Bref, la place est libre en tant qu&rsquo;invit\u00e9 TOP!<\/p>\n\n\n\n<div style=\"height:20px\" aria-hidden=\"true\" class=\"wp-block-spacer\"><\/div>\n\n\n\n<p class=\"has-text-color has-normal-font-size has-very-dark-gray-color\"><strong>Le Profil de l\u2019invit\u00e9\u00b7e TOP !<\/strong><\/p>\n\n\n\n<p style=\"font-size:14px\" class=\"has-text-color has-very-dark-gray-color\">Alors c\u2019est simple, il n\u2019y en a pas! Enfin si, on demande un sourire permanent, de la bonne humeur et de l\u2019humour! Et c\u2019est d\u2019ailleurs sur ce seul crit\u00e8re que le jury d\u00e9lib\u00e8rera, en lisant votre dossier alors l\u00e2chez-vous dans vos pr\u00e9sentations! Le seul imp\u00e9ratif sera que l\u2019invit\u00e9(e) TOP 2020 <strong>habite en Ile de France<\/strong> afin qu\u2019elle \/ qu\u2019il puisse profiter de l\u2019ensemble des bons moments que l\u2019on passe tous ensemble, notamment en participant aux veill\u00e9es du Bois du jeudi soir.<\/p>\n\n\n\n<div style=\"height:20px\" aria-hidden=\"true\" class=\"wp-block-spacer\"><\/div>\n\n\n\n<p style=\"font-size:14px\" class=\"has-text-color has-very-dark-gray-color\">Pour candidater, c\u2019est simple, il suffit de nous envoyer, d\u00e8s \u00e0 pr\u00e9sent, votre dossier de candidature par mel \u00e0 <strong>agnes_7478@hotmail.fr<\/strong> jusqu\u2019au 8 d\u00e9cembre 2019. Le nom de notre invit\u00e9\u00b7e TEAM 2020 sera d\u00e9voil\u00e9 sur notre page Facebook le 25 d\u00e9cembre 2019!<\/p>\n\n\n\n<div style=\"height:20px\" aria-hidden=\"true\" class=\"wp-block-spacer\"><\/div>\n\n\n\n<p class=\"has-text-color has-normal-font-size has-very-dark-gray-color\"><strong>Pour le dossier de candidature, on va te demander de nous composer un petit portrait chinois, avec des r\u00e9ponses d\u00e9taill\u00e9es et qui peuvent \u00eatre illustr\u00e9es de photos, po\u00e8mes ou autre&#8230;.<\/strong> <\/p>\n\n\n\n<div style=\"height:20px\" aria-hidden=\"true\" class=\"wp-block-spacer\"><\/div>\n\n\n\n<p style=\"font-size:14px\" class=\"has-text-color has-very-dark-gray-color\"><br>1. Si tu \u00e9tais une de tes courses de ton ann\u00e9e 2019 ?<br> 2. Si tu \u00e9tais une des disciplines de la course \u00e0 pied?<br> 3. Si tu \u00e9tais une photo ? <strong>(joindre la photo)<\/strong><br> 4. Si tu \u00e9tais une maxime ou un proverbe ?<br> 5. Si tu \u00e9tais une chanson ?<br> 6. Si tu \u00e9tais une course \u00e0 faire absolument en 2020 ?<br> 7. Si tu \u00e9tais un(e) athl\u00e8te de la Team ?<br> 8. Si tu \u00e9tais un membre du jury de l\u2019invit\u00e9 TOP 2020, pourquoi voterais-tu pour toi ?<br> 9. Si tu souhaites rajouter quelque chose c\u2019est maintenant :<\/p>\n\n\n\n<div style=\"height:20px\" aria-hidden=\"true\" class=\"wp-block-spacer\"><\/div>\n\n\n\n<p style=\"font-size:14px\" class=\"has-text-color has-very-dark-gray-color\">Avec le nom, pr\u00e9nom, date de naissance, adresse et adresse mel.<\/p>\n\n\n\n<p style=\"font-size:14px\" class=\"has-text-color has-very-dark-gray-color\">Passer une ann\u00e9e au sein du TOP, c&rsquo;est partager une belle aventure sportive, participer au week-end TEAM, se retrouver lors des veill\u00e9es, avoir de belles tenues jaunes et du beau mat\u00e9riel. C&rsquo;est faire partager ses courses sur notre page facebook. Et c&rsquo;est beaucoup de rire et de chambrage ;)<\/p>\n\n\n\n<div style=\"height:20px\" aria-hidden=\"true\" class=\"wp-block-spacer\"><\/div>\n\n\n\n<div style=\"height:20px\" aria-hidden=\"true\" class=\"wp-block-spacer\"><\/div>\n\n\n\n<figure class=\"wp-block-gallery columns-3 is-cropped wp-block-gallery-1 is-layout-flex wp-block-gallery-is-layout-flex\"><ul class=\"blocks-gallery-grid\"><li class=\"blocks-gallery-item\"><figure><a href=\"https:\/\/www.team-outdoor.fr\/blog\/wp-content\/uploads\/2019\/11\/julie1.-1.jpg\"><img loading=\"lazy\" decoding=\"async\" width=\"720\" height=\"479\" src=\"https:\/\/www.team-outdoor.fr\/blog\/wp-content\/uploads\/2019\/11\/julie1.-1.jpg\" alt=\"\" data-id=\"14678\" data-full-url=\"https:\/\/www.team-outdoor.fr\/blog\/wp-content\/uploads\/2019\/11\/julie1.-1.jpg\" data-link=\"https:\/\/www.team-outdoor.fr\/blog\/?attachment_id=14678\" class=\"wp-image-14678\" srcset=\"https:\/\/www.team-outdoor.fr\/blog\/wp-content\/uploads\/2019\/11\/julie1.-1.jpg 720w, https:\/\/www.team-outdoor.fr\/blog\/wp-content\/uploads\/2019\/11\/julie1.-1-300x200.jpg 300w\" sizes=\"auto, (max-width: 720px) 100vw, 720px\" \/><\/a><\/figure><\/li><li class=\"blocks-gallery-item\"><figure><a href=\"https:\/\/www.team-outdoor.fr\/blog\/wp-content\/uploads\/2019\/11\/arnaud-2.-1-scaled.jpg\"><img loading=\"lazy\" decoding=\"async\" width=\"1024\" height=\"683\" src=\"https:\/\/www.team-outdoor.fr\/blog\/wp-content\/uploads\/2019\/11\/arnaud-2.-1-1024x683.jpg\" alt=\"\" data-id=\"14679\" data-full-url=\"https:\/\/www.team-outdoor.fr\/blog\/wp-content\/uploads\/2019\/11\/arnaud-2.-1-scaled.jpg\" data-link=\"https:\/\/www.team-outdoor.fr\/blog\/?attachment_id=14679\" class=\"wp-image-14679\" srcset=\"https:\/\/www.team-outdoor.fr\/blog\/wp-content\/uploads\/2019\/11\/arnaud-2.-1-1024x683.jpg 1024w, https:\/\/www.team-outdoor.fr\/blog\/wp-content\/uploads\/2019\/11\/arnaud-2.-1-300x200.jpg 300w, https:\/\/www.team-outdoor.fr\/blog\/wp-content\/uploads\/2019\/11\/arnaud-2.-1-768x512.jpg 768w, https:\/\/www.team-outdoor.fr\/blog\/wp-content\/uploads\/2019\/11\/arnaud-2.-1-1536x1024.jpg 1536w, https:\/\/www.team-outdoor.fr\/blog\/wp-content\/uploads\/2019\/11\/arnaud-2.-1-2048x1365.jpg 2048w\" sizes=\"auto, (max-width: 1024px) 100vw, 1024px\" \/><\/a><\/figure><\/li><li class=\"blocks-gallery-item\"><figure><a href=\"https:\/\/www.team-outdoor.fr\/blog\/wp-content\/uploads\/2019\/11\/laurent-5..jpg\"><img loading=\"lazy\" decoding=\"async\" width=\"1024\" height=\"626\" src=\"https:\/\/www.team-outdoor.fr\/blog\/wp-content\/uploads\/2019\/11\/laurent-5.-1024x626.jpg\" alt=\"\" data-id=\"14680\" data-full-url=\"https:\/\/www.team-outdoor.fr\/blog\/wp-content\/uploads\/2019\/11\/laurent-5..jpg\" data-link=\"https:\/\/www.team-outdoor.fr\/blog\/?attachment_id=14680\" class=\"wp-image-14680\" srcset=\"https:\/\/www.team-outdoor.fr\/blog\/wp-content\/uploads\/2019\/11\/laurent-5.-1024x626.jpg 1024w, https:\/\/www.team-outdoor.fr\/blog\/wp-content\/uploads\/2019\/11\/laurent-5.-300x183.jpg 300w, https:\/\/www.team-outdoor.fr\/blog\/wp-content\/uploads\/2019\/11\/laurent-5.-768x470.jpg 768w, https:\/\/www.team-outdoor.fr\/blog\/wp-content\/uploads\/2019\/11\/laurent-5.-1536x939.jpg 1536w, https:\/\/www.team-outdoor.fr\/blog\/wp-content\/uploads\/2019\/11\/laurent-5..jpg 2048w\" sizes=\"auto, (max-width: 1024px) 100vw, 1024px\" \/><\/a><\/figure><\/li><li class=\"blocks-gallery-item\"><figure><a href=\"https:\/\/www.team-outdoor.fr\/blog\/wp-content\/uploads\/2019\/11\/fran\u00e7ois-3.-1.jpg\"><img loading=\"lazy\" decoding=\"async\" width=\"1024\" height=\"768\" src=\"https:\/\/www.team-outdoor.fr\/blog\/wp-content\/uploads\/2019\/11\/fran\u00e7ois-3.-1-1024x768.jpg\" alt=\"\" data-id=\"14681\" data-full-url=\"https:\/\/www.team-outdoor.fr\/blog\/wp-content\/uploads\/2019\/11\/fran\u00e7ois-3.-1.jpg\" data-link=\"https:\/\/www.team-outdoor.fr\/blog\/?attachment_id=14681\" class=\"wp-image-14681\" srcset=\"https:\/\/www.team-outdoor.fr\/blog\/wp-content\/uploads\/2019\/11\/fran\u00e7ois-3.-1-1024x768.jpg 1024w, https:\/\/www.team-outdoor.fr\/blog\/wp-content\/uploads\/2019\/11\/fran\u00e7ois-3.-1-300x225.jpg 300w, https:\/\/www.team-outdoor.fr\/blog\/wp-content\/uploads\/2019\/11\/fran\u00e7ois-3.-1-768x576.jpg 768w, https:\/\/www.team-outdoor.fr\/blog\/wp-content\/uploads\/2019\/11\/fran\u00e7ois-3.-1-1536x1152.jpg 1536w, https:\/\/www.team-outdoor.fr\/blog\/wp-content\/uploads\/2019\/11\/fran\u00e7ois-3.-1-2048x1536.jpg 2048w\" sizes=\"auto, (max-width: 1024px) 100vw, 1024px\" \/><\/a><\/figure><\/li><li class=\"blocks-gallery-item\"><figure><a href=\"https:\/\/www.team-outdoor.fr\/blog\/wp-content\/uploads\/2019\/11\/mathilde-3.-1.jpg\"><img loading=\"lazy\" decoding=\"async\" width=\"1024\" height=\"683\" src=\"https:\/\/www.team-outdoor.fr\/blog\/wp-content\/uploads\/2019\/11\/mathilde-3.-1-1024x683.jpg\" alt=\"\" data-id=\"14682\" data-full-url=\"https:\/\/www.team-outdoor.fr\/blog\/wp-content\/uploads\/2019\/11\/mathilde-3.-1.jpg\" data-link=\"https:\/\/www.team-outdoor.fr\/blog\/?attachment_id=14682\" class=\"wp-image-14682\" srcset=\"https:\/\/www.team-outdoor.fr\/blog\/wp-content\/uploads\/2019\/11\/mathilde-3.-1-1024x683.jpg 1024w, https:\/\/www.team-outdoor.fr\/blog\/wp-content\/uploads\/2019\/11\/mathilde-3.-1-300x200.jpg 300w, https:\/\/www.team-outdoor.fr\/blog\/wp-content\/uploads\/2019\/11\/mathilde-3.-1-768x512.jpg 768w, https:\/\/www.team-outdoor.fr\/blog\/wp-content\/uploads\/2019\/11\/mathilde-3.-1-1536x1024.jpg 1536w, https:\/\/www.team-outdoor.fr\/blog\/wp-content\/uploads\/2019\/11\/mathilde-3.-1.jpg 2048w\" sizes=\"auto, (max-width: 1024px) 100vw, 1024px\" \/><\/a><\/figure><\/li><\/ul><\/figure>\n\n\n\n<div style=\"height:20px\" aria-hidden=\"true\" class=\"wp-block-spacer\"><\/div>\n\n\n\n<p style=\"font-size:18px\" class=\"has-text-color has-very-dark-gray-color\"><strong>Le jury sera constitu\u00e9 des athl\u00e8tes du TeamOutdoorPoli. On attend vos nombreuses candidatures avec impatience! <\/strong><\/p>\n\n\n\n<p style=\"font-size:18px\" class=\"has-text-color has-very-dark-gray-color\"><strong>Le TOP!<\/strong><\/p>\n","protected":false},"excerpt":{"rendered":"<p>Peu importe ton chrono sur 10 kils, semi ou marathon, peu importe que tu mettes (ou pas) la mis\u00e8re \u00e0 Kilian sur le KV de Chamonix. Peu importe la foul\u00e9e \u00e0 attaque talon ou le griff\u00e9 sur le sol! Champion(ne) du monde du sourire et de la bonne humeur, c&rsquo;est donc pour toi! Et celles [&hellip;]<\/p>\n","protected":false},"author":1,"featured_media":14671,"comment_status":"open","ping_status":"open","sticky":false,"template":"","format":"standard","meta":{"ngg_post_thumbnail":0,"footnotes":""},"categories":[9],"tags":[],"class_list":["post-14675","post","type-post","status-publish","format-standard","has-post-thumbnail","hentry","category-le-team-athletes-top","has-post-title","has-post-date","has-post-category","has-post-tag","has-post-comment","has-post-author",""],"_links":{"self":[{"href":"https:\/\/www.team-outdoor.fr\/blog\/wp-json\/wp\/v2\/posts\/14675","targetHints":{"allow":["GET"]}}],"collection":[{"href":"https:\/\/www.team-outdoor.fr\/blog\/wp-json\/wp\/v2\/posts"}],"about":[{"href":"https:\/\/www.team-outdoor.fr\/blog\/wp-json\/wp\/v2\/types\/post"}],"author":[{"embeddable":true,"href":"https:\/\/www.team-outdoor.fr\/blog\/wp-json\/wp\/v2\/users\/1"}],"replies":[{"embeddable":true,"href":"https:\/\/www.team-outdoor.fr\/blog\/wp-json\/wp\/v2\/comments?post=14675"}],"version-history":[{"count":6,"href":"https:\/\/www.team-outdoor.fr\/blog\/wp-json\/wp\/v2\/posts\/14675\/revisions"}],"predecessor-version":[{"id":14700,"href":"https:\/\/www.team-outdoor.fr\/blog\/wp-json\/wp\/v2\/posts\/14675\/revisions\/14700"}],"wp:featuredmedia":[{"embeddable":true,"href":"https:\/\/www.team-outdoor.fr\/blog\/wp-json\/wp\/v2\/media\/14671"}],"wp:attachment":[{"href":"https:\/\/www.team-outdoor.fr\/blog\/wp-json\/wp\/v2\/media?parent=14675"}],"wp:term":[{"taxonomy":"category","embeddable":true,"href":"https:\/\/www.team-outdoor.fr\/blog\/wp-json\/wp\/v2\/categories?post=14675"},{"taxonomy":"post_tag","embeddable":true,"href":"https:\/\/www.team-outdoor.fr\/blog\/wp-json\/wp\/v2\/tags?post=14675"}],"curies":[{"name":"wp","href":"https:\/\/api.w.org\/{rel}","templated":true}]}}