{"id":14777,"date":"2019-12-11T09:22:07","date_gmt":"2019-12-11T08:22:07","guid":{"rendered":"https:\/\/www.team-outdoor.fr\/blog\/?p=14777"},"modified":"2019-12-11T09:22:09","modified_gmt":"2019-12-11T08:22:09","slug":"jeudi-19-decembre-2019-19h30-chasse-aux-tresors-de-noel-chez-team-outdoor","status":"publish","type":"post","link":"https:\/\/www.team-outdoor.fr\/blog\/jeudi-19-decembre-2019-19h30-chasse-aux-tresors-de-noel-chez-team-outdoor\/","title":{"rendered":"Jeudi 19 d\u00e9cembre 2019, 19h30 : Chasse aux Tr\u00e9sors de No\u00ebl chez TEAM OUTDOOR"},"content":{"rendered":"\n<div style=\"height:47px\" aria-hidden=\"true\" class=\"wp-block-spacer\"><\/div>\n\n\n\n<figure class=\"wp-block-image size-large is-style-default\"><img loading=\"lazy\" decoding=\"async\" width=\"1024\" height=\"682\" src=\"https:\/\/www.team-outdoor.fr\/blog\/wp-content\/uploads\/2019\/12\/188.-1024x682.jpg\" alt=\"\" class=\"wp-image-14778\" srcset=\"https:\/\/www.team-outdoor.fr\/blog\/wp-content\/uploads\/2019\/12\/188.-1024x682.jpg 1024w, https:\/\/www.team-outdoor.fr\/blog\/wp-content\/uploads\/2019\/12\/188.-300x200.jpg 300w, https:\/\/www.team-outdoor.fr\/blog\/wp-content\/uploads\/2019\/12\/188.-768x512.jpg 768w, https:\/\/www.team-outdoor.fr\/blog\/wp-content\/uploads\/2019\/12\/188.-1536x1024.jpg 1536w, https:\/\/www.team-outdoor.fr\/blog\/wp-content\/uploads\/2019\/12\/188..jpg 2000w\" sizes=\"auto, (max-width: 1024px) 100vw, 1024px\" \/><\/figure>\n\n\n\n<div style=\"height:20px\" aria-hidden=\"true\" class=\"wp-block-spacer\"><\/div>\n\n\n\n<p style=\"font-size:18px\" class=\"has-text-color has-very-dark-gray-color\"><strong> Bonjour \u00e0 toutes et \u00e0 tous<\/strong><\/p>\n\n\n\n<p class=\"has-text-color has-normal-font-size has-very-dark-gray-color\"><br>Nous vous convions \u00e0 la Veill\u00e9e Chasse aux tr\u00e9sors de No\u00ebl chez TEAM OUTDOOR. Un m\u00e9lange de d\u00e9fis, de course d&rsquo;orientation nocturne, le tout par \u00e9quipe, dans le but de d\u00e9chiffrer des \u00e9nigmes et de trouver des petits cadeaux laiss\u00e9s en avance par les rennes du P\u00e8re No\u00ebl. Un bonus sera distribu\u00e9 pour les personnes d\u00e9guis\u00e9es.<\/p>\n\n\n\n<div style=\"height:20px\" aria-hidden=\"true\" class=\"wp-block-spacer\"><\/div>\n\n\n\n<figure class=\"wp-block-image size-large is-style-default\"><img loading=\"lazy\" decoding=\"async\" width=\"619\" height=\"350\" src=\"https:\/\/www.team-outdoor.fr\/blog\/wp-content\/uploads\/2019\/12\/198..jpg\" alt=\"\" class=\"wp-image-14779\" srcset=\"https:\/\/www.team-outdoor.fr\/blog\/wp-content\/uploads\/2019\/12\/198..jpg 619w, https:\/\/www.team-outdoor.fr\/blog\/wp-content\/uploads\/2019\/12\/198.-300x170.jpg 300w\" sizes=\"auto, (max-width: 619px) 100vw, 619px\" \/><\/figure>\n\n\n\n<div style=\"height:20px\" aria-hidden=\"true\" class=\"wp-block-spacer\"><\/div>\n\n\n\n<p class=\"has-text-color has-normal-font-size has-very-dark-gray-color\"><strong>Mat\u00e9riel n\u00e9cessaire : <\/strong><br>&#8211; votre sourire de No\u00ebl pour la derni\u00e8re veill\u00e9e de l&rsquo;ann\u00e9e<br>&#8211; une lampe frontale<br>&#8211; un t\u00e9l\u00e9phone portable par \u00e9quipe (pour prendre des photos)<br><br>Un buffet de No\u00ebl cl\u00f4turera la soir\u00e9e.<\/p>\n\n\n\n<p style=\"font-size:18px\" class=\"has-text-color has-background has-very-dark-gray-color has-pale-cyan-blue-background-color\"><strong>Inscriptions par mel \u00e0 contact@team-outdoor.fr <\/strong><\/p>\n\n\n\n<div style=\"height:20px\" aria-hidden=\"true\" class=\"wp-block-spacer\"><\/div>\n\n\n\n<figure class=\"wp-block-image size-large is-style-default\"><img loading=\"lazy\" decoding=\"async\" width=\"620\" height=\"415\" src=\"https:\/\/www.team-outdoor.fr\/blog\/wp-content\/uploads\/2019\/12\/197..jpg\" alt=\"\" class=\"wp-image-14780\" srcset=\"https:\/\/www.team-outdoor.fr\/blog\/wp-content\/uploads\/2019\/12\/197..jpg 620w, https:\/\/www.team-outdoor.fr\/blog\/wp-content\/uploads\/2019\/12\/197.-300x201.jpg 300w\" sizes=\"auto, (max-width: 620px) 100vw, 620px\" \/><\/figure>\n","protected":false},"excerpt":{"rendered":"<p>Bonjour \u00e0 toutes et \u00e0 tous Nous vous convions \u00e0 la Veill\u00e9e Chasse aux tr\u00e9sors de No\u00ebl chez TEAM OUTDOOR. Un m\u00e9lange de d\u00e9fis, de course d&rsquo;orientation nocturne, le tout par \u00e9quipe, dans le but de d\u00e9chiffrer des \u00e9nigmes et de trouver des petits cadeaux laiss\u00e9s en avance par les rennes du P\u00e8re No\u00ebl. Un [&hellip;]<\/p>\n","protected":false},"author":1,"featured_media":14779,"comment_status":"open","ping_status":"open","sticky":false,"template":"","format":"standard","meta":{"ngg_post_thumbnail":0,"footnotes":""},"categories":[8],"tags":[],"class_list":["post-14777","post","type-post","status-publish","format-standard","has-post-thumbnail","hentry","category-les-veillees-du-bois","has-post-title","has-post-date","has-post-category","has-post-tag","has-post-comment","has-post-author",""],"_links":{"self":[{"href":"https:\/\/www.team-outdoor.fr\/blog\/wp-json\/wp\/v2\/posts\/14777","targetHints":{"allow":["GET"]}}],"collection":[{"href":"https:\/\/www.team-outdoor.fr\/blog\/wp-json\/wp\/v2\/posts"}],"about":[{"href":"https:\/\/www.team-outdoor.fr\/blog\/wp-json\/wp\/v2\/types\/post"}],"author":[{"embeddable":true,"href":"https:\/\/www.team-outdoor.fr\/blog\/wp-json\/wp\/v2\/users\/1"}],"replies":[{"embeddable":true,"href":"https:\/\/www.team-outdoor.fr\/blog\/wp-json\/wp\/v2\/comments?post=14777"}],"version-history":[{"count":1,"href":"https:\/\/www.team-outdoor.fr\/blog\/wp-json\/wp\/v2\/posts\/14777\/revisions"}],"predecessor-version":[{"id":14781,"href":"https:\/\/www.team-outdoor.fr\/blog\/wp-json\/wp\/v2\/posts\/14777\/revisions\/14781"}],"wp:featuredmedia":[{"embeddable":true,"href":"https:\/\/www.team-outdoor.fr\/blog\/wp-json\/wp\/v2\/media\/14779"}],"wp:attachment":[{"href":"https:\/\/www.team-outdoor.fr\/blog\/wp-json\/wp\/v2\/media?parent=14777"}],"wp:term":[{"taxonomy":"category","embeddable":true,"href":"https:\/\/www.team-outdoor.fr\/blog\/wp-json\/wp\/v2\/categories?post=14777"},{"taxonomy":"post_tag","embeddable":true,"href":"https:\/\/www.team-outdoor.fr\/blog\/wp-json\/wp\/v2\/tags?post=14777"}],"curies":[{"name":"wp","href":"https:\/\/api.w.org\/{rel}","templated":true}]}}