{"id":14808,"date":"2019-12-17T19:32:40","date_gmt":"2019-12-17T18:32:40","guid":{"rendered":"https:\/\/www.team-outdoor.fr\/blog\/?p=14808"},"modified":"2019-12-17T19:36:51","modified_gmt":"2019-12-17T18:36:51","slug":"au-top-en-2019-bonne-route-pour-2020-antoine-allongue-matthieu-bourguignon-renaud-vincent","status":"publish","type":"post","link":"https:\/\/www.team-outdoor.fr\/blog\/au-top-en-2019-bonne-route-pour-2020-antoine-allongue-matthieu-bourguignon-renaud-vincent\/","title":{"rendered":"Au TOP en 2019, bonne route pour 2020 : Antoine ALLONGUE, Matthieu BOURGUIGNON, Renaud VINCENT"},"content":{"rendered":"\n<div style=\"height:100px\" aria-hidden=\"true\" class=\"wp-block-spacer\"><\/div>\n\n\n\n<figure class=\"wp-block-image size-large is-style-default\"><img loading=\"lazy\" decoding=\"async\" width=\"1024\" height=\"683\" src=\"https:\/\/www.team-outdoor.fr\/blog\/wp-content\/uploads\/2019\/12\/arnaud-2.-1024x683.jpg\" alt=\"\" class=\"wp-image-14850\" srcset=\"https:\/\/www.team-outdoor.fr\/blog\/wp-content\/uploads\/2019\/12\/arnaud-2.-1024x683.jpg 1024w, https:\/\/www.team-outdoor.fr\/blog\/wp-content\/uploads\/2019\/12\/arnaud-2.-300x200.jpg 300w, https:\/\/www.team-outdoor.fr\/blog\/wp-content\/uploads\/2019\/12\/arnaud-2.-768x512.jpg 768w, https:\/\/www.team-outdoor.fr\/blog\/wp-content\/uploads\/2019\/12\/arnaud-2.-1536x1024.jpg 1536w, https:\/\/www.team-outdoor.fr\/blog\/wp-content\/uploads\/2019\/12\/arnaud-2.-2048x1365.jpg 2048w\" sizes=\"auto, (max-width: 1024px) 100vw, 1024px\" \/><\/figure>\n\n\n\n<div style=\"height:20px\" aria-hidden=\"true\" class=\"wp-block-spacer\"><\/div>\n\n\n\n<p class=\"has-text-color has-normal-font-size has-very-dark-gray-color\">Cette fin d&rsquo;ann\u00e9e 2019 est \u00e9galement pour moi l&rsquo;occasion de vivement remercier ces trois athl\u00e8tes qui ont brillamment repr\u00e9sent\u00e9 ma soci\u00e9t\u00e9 et les marques partenaires toutes ces ann\u00e9es durant. Antoine, pr\u00e9sent \u00e0 mes c\u00f4t\u00e9s quasiment depuis le d\u00e9but de l&rsquo;aventure du TOP, alors Team Outdoor Paris. Je retiendrais son superbe esprit comp\u00e9titeur, son \u00e9coute des autres, son envie de toujours bien mettre en valeur le maillot que cela soit sur le terrain mais aussi lors des rassemblements avec tout le temps des belles id\u00e9es de photos ou vid\u00e9os. Matthieu, qui rallie la TEAM quelques mois apr\u00e8s. Notre sp\u00e9cialiste de l&rsquo;ultra longue distance, des bons plans montagne, de la bi\u00e8re d&rsquo;apr\u00e8s course et de la bonne humeur dans le groupe. Et Renaud, qui nous a rejoint plus r\u00e9cemment, le marathonien n\u00e9, l&rsquo;artiste de la TEAM, le m\u00e9decin au grand c\u0153ur.  Je vous remercie infiniment tous les trois pour tout ce que vous avez fait pour mettre en avant Team Outdoor. Pour votre soutien et votre implication sans faille. Et je vous souhaite de belles futures aventures sportives et humaines pour 2020.<\/p>\n\n\n\n<div style=\"height:20px\" aria-hidden=\"true\" class=\"wp-block-spacer\"><\/div>\n\n\n\n<p class=\"has-text-color has-normal-font-size has-very-dark-gray-color\">Et comme il ne pouvaient pas nous quitter comme cela, ils ont tous les trois accept\u00e9 de r\u00e9pondre \u00e0 quelques questions.<\/p>\n\n\n\n<div style=\"height:20px\" aria-hidden=\"true\" class=\"wp-block-spacer\"><\/div>\n\n\n\n<p class=\"has-text-color has-medium-font-size has-very-dark-gray-color\"><strong>Agn\u00e8s<\/strong><\/p>\n\n\n\n<div style=\"height:20px\" aria-hidden=\"true\" class=\"wp-block-spacer\"><\/div>\n\n\n\n<h2 class=\"wp-block-heading\"><strong>Antoine ALLONGUE<\/strong><\/h2>\n\n\n\n<h3 class=\"wp-block-heading\"><strong>Quel est ton meilleur souvenir de course au sein de la TEAM? Pourquoi?<\/strong><\/h3>\n\n\n\n<div style=\"height:20px\" aria-hidden=\"true\" class=\"wp-block-spacer\"><\/div>\n\n\n\n<figure class=\"wp-block-image size-large is-style-default\"><img loading=\"lazy\" decoding=\"async\" width=\"1024\" height=\"768\" src=\"https:\/\/www.team-outdoor.fr\/blog\/wp-content\/uploads\/2019\/12\/IMG_6281-1024x768.jpg\" alt=\"\" class=\"wp-image-14809\" srcset=\"https:\/\/www.team-outdoor.fr\/blog\/wp-content\/uploads\/2019\/12\/IMG_6281-1024x768.jpg 1024w, https:\/\/www.team-outdoor.fr\/blog\/wp-content\/uploads\/2019\/12\/IMG_6281-300x225.jpg 300w, https:\/\/www.team-outdoor.fr\/blog\/wp-content\/uploads\/2019\/12\/IMG_6281-768x576.jpg 768w, https:\/\/www.team-outdoor.fr\/blog\/wp-content\/uploads\/2019\/12\/IMG_6281-1536x1153.jpg 1536w, https:\/\/www.team-outdoor.fr\/blog\/wp-content\/uploads\/2019\/12\/IMG_6281-2048x1537.jpg 2048w\" sizes=\"auto, (max-width: 1024px) 100vw, 1024px\" \/><\/figure>\n\n\n\n<div style=\"height:20px\" aria-hidden=\"true\" class=\"wp-block-spacer\"><\/div>\n\n\n\n<p class=\"has-text-color has-normal-font-size has-very-dark-gray-color\">J\u2019ai en t\u00eate  plusieurs souvenirs de course mais sans h\u00e9siter, c\u2019est &nbsp;la XL-race 2019 pour avoir eu la possibilit\u00e9 de partager toute ma course avec plusieurs gars de l\u2019\u00e9quipe:&nbsp; Un d\u00e9part \u00e0 la frontale avec <strong>Renaud VINECNT<\/strong> et <strong>\u00c9douard DUPAS<\/strong> jusqu\u2019au sommet du Semnoz, la descente partag\u00e9e avec <strong>Arnaud DETHOREY<\/strong>, le retour jusqu\u2019\u00e0 Doussard avec <strong>Benoit GANDELOT <\/strong>qui continuera sur la  Maxi-race, le suivi de course avec <strong>Jonathan<\/strong>, <strong>Arnaud <\/strong>et Thibaut pour la  victoire sur le relai et enfin l\u2019arriv\u00e9e et le Podium de <strong>Nicolas DUHAIL<\/strong>.  Le lendemain Nicolas &nbsp;viendra me r\u00e9cup\u00e8rer d\u2019ailleurs sur les hauteurs  du Mont Baron et nous finirons les 10 derniers  km ensemble. Pr\u00e8s de 80km partag\u00e9s avec 10 coureurs. C\u2019\u00e9tait mon jubil\u00e9  quoi :-) &nbsp; <\/p>\n\n\n\n<div style=\"height:20px\" aria-hidden=\"true\" class=\"wp-block-spacer\"><\/div>\n\n\n\n<h3 class=\"wp-block-heading\"><strong>Une anecdote marquante \u00e0 nous raconter<\/strong><\/h3>\n\n\n\n<div style=\"height:20px\" aria-hidden=\"true\" class=\"wp-block-spacer\"><\/div>\n\n\n\n<figure class=\"wp-block-gallery columns-3 is-cropped wp-block-gallery-1 is-layout-flex wp-block-gallery-is-layout-flex\"><ul class=\"blocks-gallery-grid\"><li class=\"blocks-gallery-item\"><figure><img loading=\"lazy\" decoding=\"async\" width=\"960\" height=\"720\" src=\"https:\/\/www.team-outdoor.fr\/blog\/wp-content\/uploads\/2019\/12\/Mat08..jpg\" alt=\"\" data-id=\"14810\" data-link=\"https:\/\/www.team-outdoor.fr\/blog\/?attachment_id=14810\" class=\"wp-image-14810\" srcset=\"https:\/\/www.team-outdoor.fr\/blog\/wp-content\/uploads\/2019\/12\/Mat08..jpg 960w, https:\/\/www.team-outdoor.fr\/blog\/wp-content\/uploads\/2019\/12\/Mat08.-300x225.jpg 300w, https:\/\/www.team-outdoor.fr\/blog\/wp-content\/uploads\/2019\/12\/Mat08.-768x576.jpg 768w\" sizes=\"auto, (max-width: 960px) 100vw, 960px\" \/><\/figure><\/li><li class=\"blocks-gallery-item\"><figure><img loading=\"lazy\" decoding=\"async\" width=\"900\" height=\"675\" src=\"https:\/\/www.team-outdoor.fr\/blog\/wp-content\/uploads\/2019\/12\/Antoine-15..jpg\" alt=\"\" data-id=\"14811\" data-link=\"https:\/\/www.team-outdoor.fr\/blog\/?attachment_id=14811\" class=\"wp-image-14811\" srcset=\"https:\/\/www.team-outdoor.fr\/blog\/wp-content\/uploads\/2019\/12\/Antoine-15..jpg 900w, https:\/\/www.team-outdoor.fr\/blog\/wp-content\/uploads\/2019\/12\/Antoine-15.-300x225.jpg 300w, https:\/\/www.team-outdoor.fr\/blog\/wp-content\/uploads\/2019\/12\/Antoine-15.-768x576.jpg 768w\" sizes=\"auto, (max-width: 900px) 100vw, 900px\" \/><\/figure><\/li><li class=\"blocks-gallery-item\"><figure><img loading=\"lazy\" decoding=\"async\" width=\"960\" height=\"720\" src=\"https:\/\/www.team-outdoor.fr\/blog\/wp-content\/uploads\/2019\/12\/Antoine-13..jpg\" alt=\"\" data-id=\"14812\" data-link=\"https:\/\/www.team-outdoor.fr\/blog\/?attachment_id=14812\" class=\"wp-image-14812\" srcset=\"https:\/\/www.team-outdoor.fr\/blog\/wp-content\/uploads\/2019\/12\/Antoine-13..jpg 960w, https:\/\/www.team-outdoor.fr\/blog\/wp-content\/uploads\/2019\/12\/Antoine-13.-300x225.jpg 300w, https:\/\/www.team-outdoor.fr\/blog\/wp-content\/uploads\/2019\/12\/Antoine-13.-768x576.jpg 768w\" sizes=\"auto, (max-width: 960px) 100vw, 960px\" \/><\/figure><\/li><li class=\"blocks-gallery-item\"><figure><img loading=\"lazy\" decoding=\"async\" width=\"960\" height=\"720\" src=\"https:\/\/www.team-outdoor.fr\/blog\/wp-content\/uploads\/2019\/12\/Antoine-09..jpg\" alt=\"\" data-id=\"14813\" data-link=\"https:\/\/www.team-outdoor.fr\/blog\/?attachment_id=14813\" class=\"wp-image-14813\" srcset=\"https:\/\/www.team-outdoor.fr\/blog\/wp-content\/uploads\/2019\/12\/Antoine-09..jpg 960w, https:\/\/www.team-outdoor.fr\/blog\/wp-content\/uploads\/2019\/12\/Antoine-09.-300x225.jpg 300w, https:\/\/www.team-outdoor.fr\/blog\/wp-content\/uploads\/2019\/12\/Antoine-09.-768x576.jpg 768w\" sizes=\"auto, (max-width: 960px) 100vw, 960px\" \/><\/figure><\/li><li class=\"blocks-gallery-item\"><figure><img loading=\"lazy\" decoding=\"async\" width=\"1024\" height=\"768\" src=\"https:\/\/www.team-outdoor.fr\/blog\/wp-content\/uploads\/2019\/12\/Antoine-08.-1024x768.jpg\" alt=\"\" data-id=\"14814\" data-link=\"https:\/\/www.team-outdoor.fr\/blog\/?attachment_id=14814\" class=\"wp-image-14814\" srcset=\"https:\/\/www.team-outdoor.fr\/blog\/wp-content\/uploads\/2019\/12\/Antoine-08.-1024x768.jpg 1024w, https:\/\/www.team-outdoor.fr\/blog\/wp-content\/uploads\/2019\/12\/Antoine-08.-300x225.jpg 300w, https:\/\/www.team-outdoor.fr\/blog\/wp-content\/uploads\/2019\/12\/Antoine-08.-768x576.jpg 768w, https:\/\/www.team-outdoor.fr\/blog\/wp-content\/uploads\/2019\/12\/Antoine-08..jpg 1280w\" sizes=\"auto, (max-width: 1024px) 100vw, 1024px\" \/><\/figure><\/li><li class=\"blocks-gallery-item\"><figure><img loading=\"lazy\" decoding=\"async\" width=\"960\" height=\"720\" src=\"https:\/\/www.team-outdoor.fr\/blog\/wp-content\/uploads\/2019\/12\/Antoine-07..jpg\" alt=\"\" data-id=\"14815\" data-link=\"https:\/\/www.team-outdoor.fr\/blog\/?attachment_id=14815\" class=\"wp-image-14815\" srcset=\"https:\/\/www.team-outdoor.fr\/blog\/wp-content\/uploads\/2019\/12\/Antoine-07..jpg 960w, https:\/\/www.team-outdoor.fr\/blog\/wp-content\/uploads\/2019\/12\/Antoine-07.-300x225.jpg 300w, https:\/\/www.team-outdoor.fr\/blog\/wp-content\/uploads\/2019\/12\/Antoine-07.-768x576.jpg 768w\" sizes=\"auto, (max-width: 960px) 100vw, 960px\" \/><\/figure><\/li><li class=\"blocks-gallery-item\"><figure><img loading=\"lazy\" decoding=\"async\" width=\"1024\" height=\"770\" src=\"https:\/\/www.team-outdoor.fr\/blog\/wp-content\/uploads\/2019\/12\/Antoine-01.-1024x770.jpg\" alt=\"\" data-id=\"14816\" data-link=\"https:\/\/www.team-outdoor.fr\/blog\/?attachment_id=14816\" class=\"wp-image-14816\" srcset=\"https:\/\/www.team-outdoor.fr\/blog\/wp-content\/uploads\/2019\/12\/Antoine-01.-1024x770.jpg 1024w, https:\/\/www.team-outdoor.fr\/blog\/wp-content\/uploads\/2019\/12\/Antoine-01.-300x225.jpg 300w, https:\/\/www.team-outdoor.fr\/blog\/wp-content\/uploads\/2019\/12\/Antoine-01.-768x577.jpg 768w, https:\/\/www.team-outdoor.fr\/blog\/wp-content\/uploads\/2019\/12\/Antoine-01.-1536x1154.jpg 1536w, https:\/\/www.team-outdoor.fr\/blog\/wp-content\/uploads\/2019\/12\/Antoine-01..jpg 2048w\" sizes=\"auto, (max-width: 1024px) 100vw, 1024px\" \/><\/figure><\/li><li class=\"blocks-gallery-item\"><figure><img loading=\"lazy\" decoding=\"async\" width=\"1024\" height=\"768\" src=\"https:\/\/www.team-outdoor.fr\/blog\/wp-content\/uploads\/2019\/12\/antoine-03.-1024x768.jpg\" alt=\"\" data-id=\"14817\" data-link=\"https:\/\/www.team-outdoor.fr\/blog\/?attachment_id=14817\" class=\"wp-image-14817\" srcset=\"https:\/\/www.team-outdoor.fr\/blog\/wp-content\/uploads\/2019\/12\/antoine-03.-1024x768.jpg 1024w, https:\/\/www.team-outdoor.fr\/blog\/wp-content\/uploads\/2019\/12\/antoine-03.-300x225.jpg 300w, https:\/\/www.team-outdoor.fr\/blog\/wp-content\/uploads\/2019\/12\/antoine-03.-768x576.jpg 768w, https:\/\/www.team-outdoor.fr\/blog\/wp-content\/uploads\/2019\/12\/antoine-03.-1536x1152.jpg 1536w, https:\/\/www.team-outdoor.fr\/blog\/wp-content\/uploads\/2019\/12\/antoine-03..jpg 2048w\" sizes=\"auto, (max-width: 1024px) 100vw, 1024px\" \/><\/figure><\/li><li class=\"blocks-gallery-item\"><figure><img loading=\"lazy\" decoding=\"async\" width=\"1024\" height=\"776\" src=\"https:\/\/www.team-outdoor.fr\/blog\/wp-content\/uploads\/2019\/12\/Antoine-06.-1024x776.jpg\" alt=\"\" data-id=\"14818\" data-full-url=\"https:\/\/www.team-outdoor.fr\/blog\/wp-content\/uploads\/2019\/12\/Antoine-06..jpg\" data-link=\"https:\/\/www.team-outdoor.fr\/blog\/?attachment_id=14818\" class=\"wp-image-14818\" srcset=\"https:\/\/www.team-outdoor.fr\/blog\/wp-content\/uploads\/2019\/12\/Antoine-06.-1024x776.jpg 1024w, https:\/\/www.team-outdoor.fr\/blog\/wp-content\/uploads\/2019\/12\/Antoine-06.-300x227.jpg 300w, https:\/\/www.team-outdoor.fr\/blog\/wp-content\/uploads\/2019\/12\/Antoine-06.-768x582.jpg 768w, https:\/\/www.team-outdoor.fr\/blog\/wp-content\/uploads\/2019\/12\/Antoine-06..jpg 1080w\" sizes=\"auto, (max-width: 1024px) 100vw, 1024px\" \/><\/figure><\/li><\/ul><\/figure>\n\n\n\n<div style=\"height:20px\" aria-hidden=\"true\" class=\"wp-block-spacer\"><\/div>\n\n\n\n<p class=\"has-text-color has-normal-font-size has-very-dark-gray-color\"> Je n\u2019ai pas vraiment d\u2019anecdote en t\u00eate: Plut\u00f4t des souvenirs de chacun d\u2019entre vous: Partager une  sortie v\u00e9lo avec Agn\u00e8s et Jonathan en Chevreuse, m\u2019\u00e9chauffer avec Nico  au Trail de Guerledan et me rendre compte qu\u2019ils nous reste 5 min avant le d\u00e9part et 1km pour le rejoindre, partager  3 jours en Vanoise avec Arnaud et Mathieu, aller avec Nico \u00e0 la  rencontre de Beno\u00eet \u00e0 son arriv\u00e9e victorieuse sur l\u2019UtraTrail du Sancy,  rencontrer Thomas lors d\u2019une sortie Team aux 25 bosses et surtout  partager de belles veill\u00e9es du bois avec tous les amis et coureurs r\u00e9guliers .&nbsp; <\/p>\n\n\n\n<div style=\"height:20px\" aria-hidden=\"true\" class=\"wp-block-spacer\"><\/div>\n\n\n\n<h3 class=\"wp-block-heading\"><strong>Une photo que tu aimerais nous montrer et pourquoi?<\/strong><\/h3>\n\n\n\n<div style=\"height:20px\" aria-hidden=\"true\" class=\"wp-block-spacer\"><\/div>\n\n\n\n<figure class=\"wp-block-image size-large is-style-default\"><img loading=\"lazy\" decoding=\"async\" width=\"1024\" height=\"618\" src=\"https:\/\/www.team-outdoor.fr\/blog\/wp-content\/uploads\/2019\/12\/45-IMG_6716-1024x618.jpg\" alt=\"\" class=\"wp-image-14819\" srcset=\"https:\/\/www.team-outdoor.fr\/blog\/wp-content\/uploads\/2019\/12\/45-IMG_6716-1024x618.jpg 1024w, https:\/\/www.team-outdoor.fr\/blog\/wp-content\/uploads\/2019\/12\/45-IMG_6716-300x181.jpg 300w, https:\/\/www.team-outdoor.fr\/blog\/wp-content\/uploads\/2019\/12\/45-IMG_6716-768x463.jpg 768w, https:\/\/www.team-outdoor.fr\/blog\/wp-content\/uploads\/2019\/12\/45-IMG_6716-1536x926.jpg 1536w, https:\/\/www.team-outdoor.fr\/blog\/wp-content\/uploads\/2019\/12\/45-IMG_6716.jpg 2048w\" sizes=\"auto, (max-width: 1024px) 100vw, 1024px\" \/><\/figure>\n\n\n\n<div style=\"height:20px\" aria-hidden=\"true\" class=\"wp-block-spacer\"><\/div>\n\n\n\n<p class=\"has-text-color has-normal-font-size has-very-dark-gray-color\"> Plusieurs Photo du Team : Maxi-race, Guerl\u00e9dan pour le regroupement Team et quelques photo des veill\u00e9es du bois .&nbsp; <\/p>\n\n\n\n<div style=\"height:20px\" aria-hidden=\"true\" class=\"wp-block-spacer\"><\/div>\n\n\n\n<h3 class=\"wp-block-heading\"><strong>Quand et comment es-tu arriv\u00e9 au sein du TOP?<\/strong><\/h3>\n\n\n\n<div style=\"height:20px\" aria-hidden=\"true\" class=\"wp-block-spacer\"><\/div>\n\n\n\n<figure class=\"wp-block-image size-large is-style-default\"><img loading=\"lazy\" decoding=\"async\" width=\"576\" height=\"386\" src=\"https:\/\/www.team-outdoor.fr\/blog\/wp-content\/uploads\/2019\/12\/Antoine-14..jpg\" alt=\"\" class=\"wp-image-14820\" srcset=\"https:\/\/www.team-outdoor.fr\/blog\/wp-content\/uploads\/2019\/12\/Antoine-14..jpg 576w, https:\/\/www.team-outdoor.fr\/blog\/wp-content\/uploads\/2019\/12\/Antoine-14.-300x201.jpg 300w\" sizes=\"auto, (max-width: 576px) 100vw, 576px\" \/><\/figure>\n\n\n\n<div style=\"height:20px\" aria-hidden=\"true\" class=\"wp-block-spacer\"><\/div>\n\n\n\n<p class=\"has-text-color has-normal-font-size has-very-dark-gray-color\"> Je suis arriv\u00e9  en octobre 2010 soit pr\u00e8s de 10 ans. Je me suis pr\u00e9sent\u00e9 \u00e0 Agn\u00e8s juste avant de faire top 20 au Templiers. Je venais de faire le challenge  Salomon avec quelques belles places (3\u00e8me \u00e0 Chevreuse, 12\u00e8me au marathon Mont blanc, et 5\u00e8me au Trail du Sancy) et un magasin de  Rambouillet voulait me proposer un partenariat. En allant chez Agn\u00e8s, plus pr\u00e8s de chez moi, je lui ai donc demand\u00e9 si cela lui \u00e9tait possible \u00e9galement mais je ne connaissais pas encore l\u2019\u00e9quipe qui avait \u00e0 peine un an. Le d\u00e9but d\u2019une belle aventure ! <\/p>\n\n\n\n<div style=\"height:20px\" aria-hidden=\"true\" class=\"wp-block-spacer\"><\/div>\n\n\n\n<figure class=\"wp-block-image size-large is-style-default\"><img loading=\"lazy\" decoding=\"async\" width=\"960\" height=\"641\" src=\"https:\/\/www.team-outdoor.fr\/blog\/wp-content\/uploads\/2019\/12\/Mat05..jpg\" alt=\"\" class=\"wp-image-14821\" srcset=\"https:\/\/www.team-outdoor.fr\/blog\/wp-content\/uploads\/2019\/12\/Mat05..jpg 960w, https:\/\/www.team-outdoor.fr\/blog\/wp-content\/uploads\/2019\/12\/Mat05.-300x200.jpg 300w, https:\/\/www.team-outdoor.fr\/blog\/wp-content\/uploads\/2019\/12\/Mat05.-768x513.jpg 768w\" sizes=\"auto, (max-width: 960px) 100vw, 960px\" \/><\/figure>\n\n\n\n<div style=\"height:20px\" aria-hidden=\"true\" class=\"wp-block-spacer\"><\/div>\n\n\n\n<p class=\"has-text-color has-normal-font-size has-very-dark-gray-color\">J\u2019ai donc particip\u00e9 \u00e0 mon niveau, \u00e0 l\u2019\u00e9volution du Team, rencontr\u00e9 de p\u00e9riodes de doute, discut\u00e9 d\u2019id\u00e9es et de projets d\u2019\u00e9quipe, aider aux choix des  partenaires, test\u00e9 des nouveaux produits et partag\u00e9  de tr\u00e8s bons moments avec tous les athl\u00e8tes de l\u2019\u00e9quipe : les anciens  aussi \u00e0 qui je veux rendre honneur Sophie Duvernay, Stephane Maure,  Laurent Foss\u00e9, Guillaume Vimeney, Pierre Bustingorry, Thomas Benichou,  Arnaud Dethorey, Adrien Guiomar, Marion Delage et Garance Blaut, Matthieu Bourguignon qui s\u2019en est all\u00e9 \u00e0 Lyon et Renaud Vincent \u00e0 Nantes,&nbsp;qui sont tous devenus des Amis. Je me souviens de chacune de ces rencontres avec les membres de l\u2019\u00e9quipe, anciens et  actuels .&nbsp; <\/p>\n\n\n\n<div style=\"height:20px\" aria-hidden=\"true\" class=\"wp-block-spacer\"><\/div>\n\n\n\n<h3 class=\"wp-block-heading\"><strong>Et 2020 alors?<\/strong><\/h3>\n\n\n\n<div style=\"height:20px\" aria-hidden=\"true\" class=\"wp-block-spacer\"><\/div>\n\n\n\n<figure class=\"wp-block-gallery columns-2 is-cropped wp-block-gallery-2 is-layout-flex wp-block-gallery-is-layout-flex\"><ul class=\"blocks-gallery-grid\"><li class=\"blocks-gallery-item\"><figure><img loading=\"lazy\" decoding=\"async\" width=\"632\" height=\"947\" src=\"https:\/\/www.team-outdoor.fr\/blog\/wp-content\/uploads\/2019\/12\/Antoine-11..jpg\" alt=\"\" data-id=\"14822\" data-full-url=\"https:\/\/www.team-outdoor.fr\/blog\/wp-content\/uploads\/2019\/12\/Antoine-11..jpg\" data-link=\"https:\/\/www.team-outdoor.fr\/blog\/?attachment_id=14822\" class=\"wp-image-14822\" srcset=\"https:\/\/www.team-outdoor.fr\/blog\/wp-content\/uploads\/2019\/12\/Antoine-11..jpg 632w, https:\/\/www.team-outdoor.fr\/blog\/wp-content\/uploads\/2019\/12\/Antoine-11.-200x300.jpg 200w\" sizes=\"auto, (max-width: 632px) 100vw, 632px\" \/><\/figure><\/li><li class=\"blocks-gallery-item\"><figure><img loading=\"lazy\" decoding=\"async\" width=\"1024\" height=\"768\" src=\"https:\/\/www.team-outdoor.fr\/blog\/wp-content\/uploads\/2019\/12\/Antoine-05.-1024x768.jpg\" alt=\"\" data-id=\"14823\" data-full-url=\"https:\/\/www.team-outdoor.fr\/blog\/wp-content\/uploads\/2019\/12\/Antoine-05..jpg\" data-link=\"https:\/\/www.team-outdoor.fr\/blog\/?attachment_id=14823\" class=\"wp-image-14823\" srcset=\"https:\/\/www.team-outdoor.fr\/blog\/wp-content\/uploads\/2019\/12\/Antoine-05.-1024x768.jpg 1024w, https:\/\/www.team-outdoor.fr\/blog\/wp-content\/uploads\/2019\/12\/Antoine-05.-300x225.jpg 300w, https:\/\/www.team-outdoor.fr\/blog\/wp-content\/uploads\/2019\/12\/Antoine-05.-768x576.jpg 768w, https:\/\/www.team-outdoor.fr\/blog\/wp-content\/uploads\/2019\/12\/Antoine-05.-1536x1152.jpg 1536w, https:\/\/www.team-outdoor.fr\/blog\/wp-content\/uploads\/2019\/12\/Antoine-05..jpg 2048w\" sizes=\"auto, (max-width: 1024px) 100vw, 1024px\" \/><\/figure><\/li><\/ul><\/figure>\n\n\n\n<div style=\"height:20px\" aria-hidden=\"true\" class=\"wp-block-spacer\"><\/div>\n\n\n\n<p class=\"has-text-color has-normal-font-size has-very-dark-gray-color\">Je ne vais pas  beaucoup m\u2019\u00e9loigner car je reste comp\u00e9titeur dans l \u00e2me et je reste  fid\u00e8le aux valeurs de l\u2019\u00e9quipe. Actuellement bless\u00e9 au pied depuis plus de deux mois sans courir je sens que \u00e7a va \u00eatre encore long et je serai en manque de motivation pour \u00eatre comp\u00e9titif au niveau du Team. Je souhaite aussi en profiter pour prendre du recul apr\u00e8s 10 ans de bons et loyaux services, retrouver le plaisir de courir sans objectifs de performance et revenir \u00e0 d\u2019autres formes de pratiques que j\u2019ai d\u00e9laiss\u00e9es comme le VTT, le Triathlon et pourquoi pas le SwimRun. C\u2019est pourquoi je pr\u00e9f\u00e8re, en 2020, laisser ma place dans le Team \u00e0 un jeune qui en a plus besoin que moi et qui sera comp\u00e9titif pour porter hauts les  couleurs du TOP. &nbsp; Il y a de  grandes chances pour que je porte le maillot Jaune l\u2019an prochain quand  m\u00eame sur un Trail comme le Maxicross, la Pastourelle, la CCC par exemple.<\/p>\n\n\n\n<div style=\"height:20px\" aria-hidden=\"true\" class=\"wp-block-spacer\"><\/div>\n\n\n\n<figure class=\"wp-block-image size-large is-style-default\"><img loading=\"lazy\" decoding=\"async\" width=\"1024\" height=\"683\" src=\"https:\/\/www.team-outdoor.fr\/blog\/wp-content\/uploads\/2019\/12\/Antoine-04.-1024x683.jpg\" alt=\"\" class=\"wp-image-14824\" srcset=\"https:\/\/www.team-outdoor.fr\/blog\/wp-content\/uploads\/2019\/12\/Antoine-04.-1024x683.jpg 1024w, https:\/\/www.team-outdoor.fr\/blog\/wp-content\/uploads\/2019\/12\/Antoine-04.-300x200.jpg 300w, https:\/\/www.team-outdoor.fr\/blog\/wp-content\/uploads\/2019\/12\/Antoine-04.-768x512.jpg 768w, https:\/\/www.team-outdoor.fr\/blog\/wp-content\/uploads\/2019\/12\/Antoine-04..jpg 1440w\" sizes=\"auto, (max-width: 1024px) 100vw, 1024px\" \/><\/figure>\n\n\n\n<div style=\"height:20px\" aria-hidden=\"true\" class=\"wp-block-spacer\"><\/div>\n\n\n\n<p class=\"has-text-color has-normal-font-size has-very-dark-gray-color\">Merci beaucoup \u00e0 toi, Agn\u00e8s, qui m\u2019a fait confiance, m\u2019a \u00e9quip\u00e9, accompagn\u00e9 , \u00e9cout\u00e9,  encourag\u00e9, rassur\u00e9, conseill\u00e9 comme une vraie capitaine d\u2019\u00e9quipe . Mille merci ! Et \u00e0 bient\u00f4t sur les sentiers !&nbsp; <\/p>\n\n\n\n<div style=\"height:20px\" aria-hidden=\"true\" class=\"wp-block-spacer\"><\/div>\n\n\n\n<p style=\"font-size:18px\" class=\"has-text-color has-very-dark-gray-color\"><strong>Antoine<\/strong><\/p>\n\n\n\n<div style=\"height:20px\" aria-hidden=\"true\" class=\"wp-block-spacer\"><\/div>\n\n\n\n<hr class=\"wp-block-separator\"\/>\n\n\n\n<div style=\"height:20px\" aria-hidden=\"true\" class=\"wp-block-spacer\"><\/div>\n\n\n\n<h2 class=\"wp-block-heading\"><strong>Matthieu BOURGUIGNON<\/strong><\/h2>\n\n\n\n<div style=\"height:20px\" aria-hidden=\"true\" class=\"wp-block-spacer\"><\/div>\n\n\n\n<figure class=\"wp-block-image size-large is-style-default\"><img loading=\"lazy\" decoding=\"async\" width=\"1024\" height=\"684\" src=\"https:\/\/www.team-outdoor.fr\/blog\/wp-content\/uploads\/2019\/12\/PM64_0706_09h48m29s_PM_DSC_6701-1024x684.jpg\" alt=\"\" class=\"wp-image-14842\" srcset=\"https:\/\/www.team-outdoor.fr\/blog\/wp-content\/uploads\/2019\/12\/PM64_0706_09h48m29s_PM_DSC_6701-1024x684.jpg 1024w, https:\/\/www.team-outdoor.fr\/blog\/wp-content\/uploads\/2019\/12\/PM64_0706_09h48m29s_PM_DSC_6701-300x200.jpg 300w, https:\/\/www.team-outdoor.fr\/blog\/wp-content\/uploads\/2019\/12\/PM64_0706_09h48m29s_PM_DSC_6701-768x513.jpg 768w, https:\/\/www.team-outdoor.fr\/blog\/wp-content\/uploads\/2019\/12\/PM64_0706_09h48m29s_PM_DSC_6701-1536x1025.jpg 1536w, https:\/\/www.team-outdoor.fr\/blog\/wp-content\/uploads\/2019\/12\/PM64_0706_09h48m29s_PM_DSC_6701-2048x1367.jpg 2048w\" sizes=\"auto, (max-width: 1024px) 100vw, 1024px\" \/><\/figure>\n\n\n\n<div style=\"height:20px\" aria-hidden=\"true\" class=\"wp-block-spacer\"><\/div>\n\n\n\n<h3 class=\"wp-block-heading\">Quel est ton meilleur souvenir de course au sein de la TEAM? Pourquoi?<\/h3>\n\n\n\n<div style=\"height:20px\" aria-hidden=\"true\" class=\"wp-block-spacer\"><\/div>\n\n\n\n<figure class=\"wp-block-image size-large is-style-default\"><img loading=\"lazy\" decoding=\"async\" width=\"1024\" height=\"627\" src=\"https:\/\/www.team-outdoor.fr\/blog\/wp-content\/uploads\/2019\/12\/Mat-12.-1024x627.jpg\" alt=\"\" class=\"wp-image-14843\" srcset=\"https:\/\/www.team-outdoor.fr\/blog\/wp-content\/uploads\/2019\/12\/Mat-12.-1024x627.jpg 1024w, https:\/\/www.team-outdoor.fr\/blog\/wp-content\/uploads\/2019\/12\/Mat-12.-300x184.jpg 300w, https:\/\/www.team-outdoor.fr\/blog\/wp-content\/uploads\/2019\/12\/Mat-12.-768x471.jpg 768w, https:\/\/www.team-outdoor.fr\/blog\/wp-content\/uploads\/2019\/12\/Mat-12.-1536x941.jpg 1536w, https:\/\/www.team-outdoor.fr\/blog\/wp-content\/uploads\/2019\/12\/Mat-12..jpg 1567w\" sizes=\"auto, (max-width: 1024px) 100vw, 1024px\" \/><\/figure>\n\n\n\n<div style=\"height:20px\" aria-hidden=\"true\" class=\"wp-block-spacer\"><\/div>\n\n\n\n<p class=\"has-text-color has-normal-font-size has-very-dark-gray-color\">Le premier souvenir qui me vient \u00e0 l&rsquo;esprit c&rsquo;est la victoire en \u00e9quipe sur la Maxirace relais 4 \u00e0 Annecy. Nous \u00e9tions tous pr\u00e9sent ensembles sur place, avons pass\u00e9 un super we dans une chouette maison, et je trouve que les victoires en relais ont toujours  une petite saveur particuli\u00e8re. L&rsquo;arriv\u00e9e \u00e0 4 au bord du lac, la pression mise \u00e0 Arnaud en lui disant de ne pas se rater alors qu&rsquo;on lui avait pass\u00e9 le relais en t\u00eate, la petite tape sur les fesses de Tonio en le d\u00e9passant lors de mon relais. Tous ces petits  \u00e9l\u00e9ments ont faits que c&rsquo;est un tr\u00e8s beau souvenir.<\/p>\n\n\n\n<div style=\"height:20px\" aria-hidden=\"true\" class=\"wp-block-spacer\"><\/div>\n\n\n\n<h3 class=\"wp-block-heading\"><strong>Une anecdote marquante \u00e0 nous raconter?<\/strong><\/h3>\n\n\n\n<div style=\"height:20px\" aria-hidden=\"true\" class=\"wp-block-spacer\"><\/div>\n\n\n\n<p class=\"has-text-color has-normal-font-size has-very-dark-gray-color\">Marquante et marrante pour le coup. Un jour au trail du Josas, course sur laquelle j&rsquo;avais rencontr\u00e9 le TOP je crois deux ans auparavant, je me retrouve \u00e0 me faire l\u00e2cher par deux frangins venus de Villepreux. Tradition oblige, \u00e0 l&rsquo;\u00e9poque, lorsqu&rsquo;on se faisait battre sur une course, on prenait un peu  la temp\u00e9rature chez celui qui nous avait battu le jour \u00ab\u00a0j\u00a0\u00bb pour voir si il pouvait correspondre aux valeurs du team et si il paraissait sympa, on voyait si il \u00e9tait jouable de le recruter. <\/p>\n\n\n\n<div style=\"height:20px\" aria-hidden=\"true\" class=\"wp-block-spacer\"><\/div>\n\n\n\n<figure class=\"wp-block-image size-large is-style-default\"><img loading=\"lazy\" decoding=\"async\" width=\"1024\" height=\"683\" src=\"https:\/\/www.team-outdoor.fr\/blog\/wp-content\/uploads\/2019\/12\/Trail-du-Josas-2014-10-1024x683.jpg\" alt=\"\" class=\"wp-image-14841\" srcset=\"https:\/\/www.team-outdoor.fr\/blog\/wp-content\/uploads\/2019\/12\/Trail-du-Josas-2014-10-1024x683.jpg 1024w, https:\/\/www.team-outdoor.fr\/blog\/wp-content\/uploads\/2019\/12\/Trail-du-Josas-2014-10-300x200.jpg 300w, https:\/\/www.team-outdoor.fr\/blog\/wp-content\/uploads\/2019\/12\/Trail-du-Josas-2014-10-768x512.jpg 768w, https:\/\/www.team-outdoor.fr\/blog\/wp-content\/uploads\/2019\/12\/Trail-du-Josas-2014-10-1536x1025.jpg 1536w, https:\/\/www.team-outdoor.fr\/blog\/wp-content\/uploads\/2019\/12\/Trail-du-Josas-2014-10.jpg 2000w\" sizes=\"auto, (max-width: 1024px) 100vw, 1024px\" \/><\/figure>\n\n\n\n<div style=\"height:20px\" aria-hidden=\"true\" class=\"wp-block-spacer\"><\/div>\n\n\n\n<p class=\"has-text-color has-normal-font-size has-very-dark-gray-color\">Ce jour-l\u00e0 c&rsquo;est Jonathan qui avait gagn\u00e9 la course suivi de son fr\u00e8re Nicolas. J&rsquo;avais fait le d\u00e9but de course avec Nico \u00e0 la poursuite du grand fr\u00e8re et Nico avait finit par le rejoindre alors que je coin\u00e7ais un peu de mon c\u00f4t\u00e9. Bref, on avait pris les 3 premi\u00e8res marches du podium et, apr\u00e8s accord d&rsquo;Agn\u00e8s, j&rsquo;avais approch\u00e9 Jonathan pour voir si le team pourrait l&rsquo;int\u00e9resser et lancer les contacts. Tout le monde connait la suite mais seule Agn\u00e8s et Jonath pourraient nous dire si \u00e0 l&rsquo;\u00e9poque ils ne pensaient qu&rsquo;au sport ou si ils avaient d\u00e9j\u00e0 une petite id\u00e9e derri\u00e8re la t\u00eate. <\/p>\n\n\n\n<div style=\"height:20px\" aria-hidden=\"true\" class=\"wp-block-spacer\"><\/div>\n\n\n\n<h3 class=\"wp-block-heading\">Une photo que tu aimerais nous montrer et pourquoi? <\/h3>\n\n\n\n<div style=\"height:20px\" aria-hidden=\"true\" class=\"wp-block-spacer\"><\/div>\n\n\n\n<figure class=\"wp-block-gallery columns-2 is-cropped wp-block-gallery-3 is-layout-flex wp-block-gallery-is-layout-flex\"><ul class=\"blocks-gallery-grid\"><li class=\"blocks-gallery-item\"><figure><img loading=\"lazy\" decoding=\"async\" width=\"384\" height=\"576\" src=\"https:\/\/www.team-outdoor.fr\/blog\/wp-content\/uploads\/2019\/12\/PH16061.jpg\" alt=\"\" data-id=\"14825\" data-full-url=\"https:\/\/www.team-outdoor.fr\/blog\/wp-content\/uploads\/2019\/12\/PH16061.jpg\" data-link=\"https:\/\/www.team-outdoor.fr\/blog\/?attachment_id=14825\" class=\"wp-image-14825\" srcset=\"https:\/\/www.team-outdoor.fr\/blog\/wp-content\/uploads\/2019\/12\/PH16061.jpg 384w, https:\/\/www.team-outdoor.fr\/blog\/wp-content\/uploads\/2019\/12\/PH16061-200x300.jpg 200w\" sizes=\"auto, (max-width: 384px) 100vw, 384px\" \/><\/figure><\/li><li class=\"blocks-gallery-item\"><figure><img loading=\"lazy\" decoding=\"async\" width=\"800\" height=\"537\" src=\"https:\/\/www.team-outdoor.fr\/blog\/wp-content\/uploads\/2019\/12\/Photos-JLR-HEC-12.jpg\" alt=\"\" data-id=\"14826\" data-full-url=\"https:\/\/www.team-outdoor.fr\/blog\/wp-content\/uploads\/2019\/12\/Photos-JLR-HEC-12.jpg\" data-link=\"https:\/\/www.team-outdoor.fr\/blog\/?attachment_id=14826\" class=\"wp-image-14826\" srcset=\"https:\/\/www.team-outdoor.fr\/blog\/wp-content\/uploads\/2019\/12\/Photos-JLR-HEC-12.jpg 800w, https:\/\/www.team-outdoor.fr\/blog\/wp-content\/uploads\/2019\/12\/Photos-JLR-HEC-12-300x201.jpg 300w, https:\/\/www.team-outdoor.fr\/blog\/wp-content\/uploads\/2019\/12\/Photos-JLR-HEC-12-768x516.jpg 768w\" sizes=\"auto, (max-width: 800px) 100vw, 800px\" \/><\/figure><\/li><li class=\"blocks-gallery-item\"><figure><img loading=\"lazy\" decoding=\"async\" width=\"403\" height=\"600\" src=\"https:\/\/www.team-outdoor.fr\/blog\/wp-content\/uploads\/2019\/12\/Photos-JLR-remises-prix-9.jpg\" alt=\"\" data-id=\"14827\" data-full-url=\"https:\/\/www.team-outdoor.fr\/blog\/wp-content\/uploads\/2019\/12\/Photos-JLR-remises-prix-9.jpg\" data-link=\"https:\/\/www.team-outdoor.fr\/blog\/?attachment_id=14827\" class=\"wp-image-14827\" srcset=\"https:\/\/www.team-outdoor.fr\/blog\/wp-content\/uploads\/2019\/12\/Photos-JLR-remises-prix-9.jpg 403w, https:\/\/www.team-outdoor.fr\/blog\/wp-content\/uploads\/2019\/12\/Photos-JLR-remises-prix-9-202x300.jpg 202w\" sizes=\"auto, (max-width: 403px) 100vw, 403px\" \/><\/figure><\/li><\/ul><\/figure>\n\n\n\n<div style=\"height:20px\" aria-hidden=\"true\" class=\"wp-block-spacer\"><\/div>\n\n\n\n<p class=\"has-text-color has-normal-font-size has-very-dark-gray-color\">J&rsquo;ai mis 3 photos car je n&rsquo;arrive pas \u00e0 choisir. Ces sont des bons souvenirs et c&rsquo;est le jour de ma rencontre avec le TOP. 4) Quand et comment es-tu arriv\u00e9 au sein du TOP? Je suis arriv\u00e9 au TOP \u00e0 partir de la saison 2013. J&rsquo;avais rencontr\u00e9 une bonne partie des membres du groupe au trail du Josas en 2012 en me tirant le bourre puis en partageant la victoire avec Laurent Fosse (qui a quitt\u00e9 le team depuis). On avait bien sympathis\u00e9 pendant la course et j&rsquo;avais \u00e9t\u00e9 surpris lors  de la remise des prix de le voir remplacer par un autre. J&rsquo;avais vite compris que c&rsquo;est un autre membre du team qui \u00e9tait mont\u00e9 \u00e0 sa place sur le podium car il avait du partir rapidement. J&rsquo;avais donc rencontr\u00e9 Guillaume Wimeney qui \u00e9tait mont\u00e9 sur le podium  puis Agn\u00e8s et les autres membres du groupe \u00e0 la descente de celui-ci. Contact \u00e9tait pris puisque d\u00e9j\u00e0 l&rsquo;id\u00e9e pour eux \u00e9tait de voir si il \u00e9tait int\u00e9ressant de recruter les mecs ou nanas sympas qui les \u00e9taient susceptibles de les battre sur les courses. Ma pr\u00e9sence dans le team s&rsquo;est concr\u00e9tis\u00e9e suite \u00e0 la Diagonale des Fous 2012 o\u00f9 j&rsquo;vais retrouv\u00e9 Guillaume avant le d\u00e9part qui m&rsquo;avait lanc\u00e9 sur l&rsquo;id\u00e9e d&rsquo;int\u00e9grer le TOP. J&rsquo;avais eu Agn\u00e8s par t\u00e9l\u00e9phone apr\u00e8s les course et nous avions valider mon int\u00e9gration  \u00e0 partir de 2013. <\/p>\n\n\n\n<div style=\"height:20px\" aria-hidden=\"true\" class=\"wp-block-spacer\"><\/div>\n\n\n\n<h3 class=\"wp-block-heading\"><strong>Et 2020 alors? <\/strong><\/h3>\n\n\n\n<div style=\"height:20px\" aria-hidden=\"true\" class=\"wp-block-spacer\"><\/div>\n\n\n\n<figure class=\"wp-block-image size-large is-style-default\"><img loading=\"lazy\" decoding=\"async\" width=\"1024\" height=\"694\" src=\"https:\/\/www.team-outdoor.fr\/blog\/wp-content\/uploads\/2019\/12\/Mat13.-1024x694.jpg\" alt=\"\" class=\"wp-image-14828\" srcset=\"https:\/\/www.team-outdoor.fr\/blog\/wp-content\/uploads\/2019\/12\/Mat13.-1024x694.jpg 1024w, https:\/\/www.team-outdoor.fr\/blog\/wp-content\/uploads\/2019\/12\/Mat13.-300x203.jpg 300w, https:\/\/www.team-outdoor.fr\/blog\/wp-content\/uploads\/2019\/12\/Mat13.-768x520.jpg 768w, https:\/\/www.team-outdoor.fr\/blog\/wp-content\/uploads\/2019\/12\/Mat13.-1536x1041.jpg 1536w, https:\/\/www.team-outdoor.fr\/blog\/wp-content\/uploads\/2019\/12\/Mat13..jpg 1600w\" sizes=\"auto, (max-width: 1024px) 100vw, 1024px\" \/><\/figure>\n\n\n\n<div style=\"height:20px\" aria-hidden=\"true\" class=\"wp-block-spacer\"><\/div>\n\n\n\n<p class=\"has-text-color has-normal-font-size has-very-dark-gray-color\">Cette question l\u00e0 est bien bonne, je ne suis pas sur de grand chose encore. Entre la naissance de mon fils, une usure \u00e0 la hanche dont je vais difficilement me d\u00e9barrasser, une l\u00e9g\u00e8re fatigue mentale ou en tout cas une moindre envie de me faire mal \u00e0 entrainement et de concourir, 2019 a \u00e9t\u00e9 mon ann\u00e9e sportive la moins aboutie depuis  longtemps. \u00c9tant en plus sur Lyon, je me sentais de plus en plus loin du team en ne pouvant m\u00eame plus participer aux veill\u00e9es. C&rsquo;est pour toutes ces raisons que j&rsquo;ai dit \u00e0 Agn\u00e8s que je ne souhaitais plus faire partie du TOP en 2020 et que je pr\u00e9f\u00e9rais laisser ma place \u00e0 quelqu&rsquo;un de plus performant et de plus pr\u00e9sent. Du coup, 2020 est un grand flou, le seul truc sur est que j&rsquo;ai pr\u00e9vu de continuer \u00e0 courir. J&rsquo;ai plein d&rsquo;id\u00e9es en t\u00eate mais je ne sais pas lesquelles vont se concr\u00e9tiser. Le seul dossard certain \u00e0 ce jour est celui du MIUT 115 fin avril, j&rsquo;ai pr\u00e9vu d&rsquo;aller faire des vacances l\u00e0-bas donc forme ou non je prendrais le d\u00e9part. <\/p>\n\n\n\n<div style=\"height:20px\" aria-hidden=\"true\" class=\"wp-block-spacer\"><\/div>\n\n\n\n<figure class=\"wp-block-gallery columns-3 is-cropped wp-block-gallery-4 is-layout-flex wp-block-gallery-is-layout-flex\"><ul class=\"blocks-gallery-grid\"><li class=\"blocks-gallery-item\"><figure><img loading=\"lazy\" decoding=\"async\" width=\"1024\" height=\"701\" src=\"https:\/\/www.team-outdoor.fr\/blog\/wp-content\/uploads\/2019\/12\/Mat11.-1024x701.jpg\" alt=\"\" data-id=\"14829\" data-full-url=\"https:\/\/www.team-outdoor.fr\/blog\/wp-content\/uploads\/2019\/12\/Mat11..jpg\" data-link=\"https:\/\/www.team-outdoor.fr\/blog\/?attachment_id=14829\" class=\"wp-image-14829\" srcset=\"https:\/\/www.team-outdoor.fr\/blog\/wp-content\/uploads\/2019\/12\/Mat11.-1024x701.jpg 1024w, https:\/\/www.team-outdoor.fr\/blog\/wp-content\/uploads\/2019\/12\/Mat11.-300x206.jpg 300w, https:\/\/www.team-outdoor.fr\/blog\/wp-content\/uploads\/2019\/12\/Mat11.-768x526.jpg 768w, https:\/\/www.team-outdoor.fr\/blog\/wp-content\/uploads\/2019\/12\/Mat11.-1536x1052.jpg 1536w, https:\/\/www.team-outdoor.fr\/blog\/wp-content\/uploads\/2019\/12\/Mat11..jpg 1600w\" sizes=\"auto, (max-width: 1024px) 100vw, 1024px\" \/><\/figure><\/li><li class=\"blocks-gallery-item\"><figure><img loading=\"lazy\" decoding=\"async\" width=\"1024\" height=\"768\" src=\"https:\/\/www.team-outdoor.fr\/blog\/wp-content\/uploads\/2019\/12\/Mat10.-1024x768.jpg\" alt=\"\" data-id=\"14830\" data-full-url=\"https:\/\/www.team-outdoor.fr\/blog\/wp-content\/uploads\/2019\/12\/Mat10..jpg\" data-link=\"https:\/\/www.team-outdoor.fr\/blog\/?attachment_id=14830\" class=\"wp-image-14830\" srcset=\"https:\/\/www.team-outdoor.fr\/blog\/wp-content\/uploads\/2019\/12\/Mat10.-1024x768.jpg 1024w, https:\/\/www.team-outdoor.fr\/blog\/wp-content\/uploads\/2019\/12\/Mat10.-300x225.jpg 300w, https:\/\/www.team-outdoor.fr\/blog\/wp-content\/uploads\/2019\/12\/Mat10.-768x576.jpg 768w, https:\/\/www.team-outdoor.fr\/blog\/wp-content\/uploads\/2019\/12\/Mat10.-1536x1152.jpg 1536w, https:\/\/www.team-outdoor.fr\/blog\/wp-content\/uploads\/2019\/12\/Mat10..jpg 1920w\" sizes=\"auto, (max-width: 1024px) 100vw, 1024px\" \/><\/figure><\/li><li class=\"blocks-gallery-item\"><figure><img loading=\"lazy\" decoding=\"async\" width=\"960\" height=\"640\" src=\"https:\/\/www.team-outdoor.fr\/blog\/wp-content\/uploads\/2019\/12\/Mat09..jpg\" alt=\"\" data-id=\"14831\" data-full-url=\"https:\/\/www.team-outdoor.fr\/blog\/wp-content\/uploads\/2019\/12\/Mat09..jpg\" data-link=\"https:\/\/www.team-outdoor.fr\/blog\/?attachment_id=14831\" class=\"wp-image-14831\" srcset=\"https:\/\/www.team-outdoor.fr\/blog\/wp-content\/uploads\/2019\/12\/Mat09..jpg 960w, https:\/\/www.team-outdoor.fr\/blog\/wp-content\/uploads\/2019\/12\/Mat09.-300x200.jpg 300w, https:\/\/www.team-outdoor.fr\/blog\/wp-content\/uploads\/2019\/12\/Mat09.-768x512.jpg 768w\" sizes=\"auto, (max-width: 960px) 100vw, 960px\" \/><\/figure><\/li><li class=\"blocks-gallery-item\"><figure><img loading=\"lazy\" decoding=\"async\" width=\"960\" height=\"720\" src=\"https:\/\/www.team-outdoor.fr\/blog\/wp-content\/uploads\/2019\/12\/Mat08.-1.jpg\" alt=\"\" data-id=\"14832\" data-full-url=\"https:\/\/www.team-outdoor.fr\/blog\/wp-content\/uploads\/2019\/12\/Mat08.-1.jpg\" data-link=\"https:\/\/www.team-outdoor.fr\/blog\/?attachment_id=14832\" class=\"wp-image-14832\" srcset=\"https:\/\/www.team-outdoor.fr\/blog\/wp-content\/uploads\/2019\/12\/Mat08.-1.jpg 960w, https:\/\/www.team-outdoor.fr\/blog\/wp-content\/uploads\/2019\/12\/Mat08.-1-300x225.jpg 300w, https:\/\/www.team-outdoor.fr\/blog\/wp-content\/uploads\/2019\/12\/Mat08.-1-768x576.jpg 768w\" sizes=\"auto, (max-width: 960px) 100vw, 960px\" \/><\/figure><\/li><li class=\"blocks-gallery-item\"><figure><img loading=\"lazy\" decoding=\"async\" width=\"960\" height=\"720\" src=\"https:\/\/www.team-outdoor.fr\/blog\/wp-content\/uploads\/2019\/12\/Mat07..jpg\" alt=\"\" data-id=\"14833\" data-full-url=\"https:\/\/www.team-outdoor.fr\/blog\/wp-content\/uploads\/2019\/12\/Mat07..jpg\" data-link=\"https:\/\/www.team-outdoor.fr\/blog\/?attachment_id=14833\" class=\"wp-image-14833\" srcset=\"https:\/\/www.team-outdoor.fr\/blog\/wp-content\/uploads\/2019\/12\/Mat07..jpg 960w, https:\/\/www.team-outdoor.fr\/blog\/wp-content\/uploads\/2019\/12\/Mat07.-300x225.jpg 300w, https:\/\/www.team-outdoor.fr\/blog\/wp-content\/uploads\/2019\/12\/Mat07.-768x576.jpg 768w\" sizes=\"auto, (max-width: 960px) 100vw, 960px\" \/><\/figure><\/li><li class=\"blocks-gallery-item\"><figure><img loading=\"lazy\" decoding=\"async\" width=\"640\" height=\"960\" src=\"https:\/\/www.team-outdoor.fr\/blog\/wp-content\/uploads\/2019\/12\/Mat04..jpg\" alt=\"\" data-id=\"14834\" data-full-url=\"https:\/\/www.team-outdoor.fr\/blog\/wp-content\/uploads\/2019\/12\/Mat04..jpg\" data-link=\"https:\/\/www.team-outdoor.fr\/blog\/?attachment_id=14834\" class=\"wp-image-14834\" srcset=\"https:\/\/www.team-outdoor.fr\/blog\/wp-content\/uploads\/2019\/12\/Mat04..jpg 640w, https:\/\/www.team-outdoor.fr\/blog\/wp-content\/uploads\/2019\/12\/Mat04.-200x300.jpg 200w\" sizes=\"auto, (max-width: 640px) 100vw, 640px\" \/><\/figure><\/li><\/ul><\/figure>\n\n\n\n<div style=\"height:20px\" aria-hidden=\"true\" class=\"wp-block-spacer\"><\/div>\n\n\n\n<p class=\"has-text-color has-normal-font-size has-very-dark-gray-color\">Ensuite je me vois bien refaire la Pierra Menta \u00e9t\u00e9 que j&rsquo;avais trouv\u00e9 g\u00e9niale, et j&rsquo;h\u00e9site entre retourner  faire une des courses du grp et prendre part au TOR des g\u00e9ants (je prendrais certainement ma d\u00e9cision en fonction du tirage au sort de ce dernier), peut-\u00eatre bien les deux mais en faisant juste une petite distance dans les Pyr\u00e9n\u00e9es. Sinon, je compte bien profiter de mon ptit bonhomme, faire la f\u00eate avec les amis, prendre du plaisir en crapahutant un maximum en montagne, et transpirer en fractionnant avec les copains de mon association de coureurs Lyonnais.<\/p>\n\n\n\n<div style=\"height:20px\" aria-hidden=\"true\" class=\"wp-block-spacer\"><\/div>\n\n\n\n<figure class=\"wp-block-gallery columns-2 is-cropped wp-block-gallery-5 is-layout-flex wp-block-gallery-is-layout-flex\"><ul class=\"blocks-gallery-grid\"><li class=\"blocks-gallery-item\"><figure><img loading=\"lazy\" decoding=\"async\" width=\"1024\" height=\"683\" src=\"https:\/\/www.team-outdoor.fr\/blog\/wp-content\/uploads\/2019\/12\/Mat02.-1024x683.jpg\" alt=\"\" data-id=\"14835\" data-link=\"https:\/\/www.team-outdoor.fr\/blog\/?attachment_id=14835\" class=\"wp-image-14835\" srcset=\"https:\/\/www.team-outdoor.fr\/blog\/wp-content\/uploads\/2019\/12\/Mat02.-1024x683.jpg 1024w, https:\/\/www.team-outdoor.fr\/blog\/wp-content\/uploads\/2019\/12\/Mat02.-300x200.jpg 300w, https:\/\/www.team-outdoor.fr\/blog\/wp-content\/uploads\/2019\/12\/Mat02.-768x512.jpg 768w, https:\/\/www.team-outdoor.fr\/blog\/wp-content\/uploads\/2019\/12\/Mat02.-1536x1024.jpg 1536w, https:\/\/www.team-outdoor.fr\/blog\/wp-content\/uploads\/2019\/12\/Mat02..jpg 2048w\" sizes=\"auto, (max-width: 1024px) 100vw, 1024px\" \/><\/figure><\/li><li class=\"blocks-gallery-item\"><figure><img loading=\"lazy\" decoding=\"async\" width=\"960\" height=\"720\" src=\"https:\/\/www.team-outdoor.fr\/blog\/wp-content\/uploads\/2019\/12\/mat01..jpg\" alt=\"\" data-id=\"14836\" data-link=\"https:\/\/www.team-outdoor.fr\/blog\/?attachment_id=14836\" class=\"wp-image-14836\" srcset=\"https:\/\/www.team-outdoor.fr\/blog\/wp-content\/uploads\/2019\/12\/mat01..jpg 960w, https:\/\/www.team-outdoor.fr\/blog\/wp-content\/uploads\/2019\/12\/mat01.-300x225.jpg 300w, https:\/\/www.team-outdoor.fr\/blog\/wp-content\/uploads\/2019\/12\/mat01.-768x576.jpg 768w\" sizes=\"auto, (max-width: 960px) 100vw, 960px\" \/><\/figure><\/li><li class=\"blocks-gallery-item\"><figure><img loading=\"lazy\" decoding=\"async\" width=\"684\" height=\"1024\" src=\"https:\/\/www.team-outdoor.fr\/blog\/wp-content\/uploads\/2019\/12\/PM64_0705_08h11m58s_PM_DSC_5560-684x1024.jpg\" alt=\"\" data-id=\"14838\" data-link=\"https:\/\/www.team-outdoor.fr\/blog\/?attachment_id=14838\" class=\"wp-image-14838\" srcset=\"https:\/\/www.team-outdoor.fr\/blog\/wp-content\/uploads\/2019\/12\/PM64_0705_08h11m58s_PM_DSC_5560-684x1024.jpg 684w, https:\/\/www.team-outdoor.fr\/blog\/wp-content\/uploads\/2019\/12\/PM64_0705_08h11m58s_PM_DSC_5560-200x300.jpg 200w, https:\/\/www.team-outdoor.fr\/blog\/wp-content\/uploads\/2019\/12\/PM64_0705_08h11m58s_PM_DSC_5560-768x1150.jpg 768w, https:\/\/www.team-outdoor.fr\/blog\/wp-content\/uploads\/2019\/12\/PM64_0705_08h11m58s_PM_DSC_5560-1025x1536.jpg 1025w, https:\/\/www.team-outdoor.fr\/blog\/wp-content\/uploads\/2019\/12\/PM64_0705_08h11m58s_PM_DSC_5560-1367x2048.jpg 1367w, https:\/\/www.team-outdoor.fr\/blog\/wp-content\/uploads\/2019\/12\/PM64_0705_08h11m58s_PM_DSC_5560-scaled.jpg 1709w\" sizes=\"auto, (max-width: 684px) 100vw, 684px\" \/><\/figure><\/li><li class=\"blocks-gallery-item\"><figure><img loading=\"lazy\" decoding=\"async\" width=\"1024\" height=\"683\" src=\"https:\/\/www.team-outdoor.fr\/blog\/wp-content\/uploads\/2019\/12\/PM64_0705_08h57m16s_PM_JNT6197-1024x683.jpg\" alt=\"\" data-id=\"14839\" data-link=\"https:\/\/www.team-outdoor.fr\/blog\/?attachment_id=14839\" class=\"wp-image-14839\" srcset=\"https:\/\/www.team-outdoor.fr\/blog\/wp-content\/uploads\/2019\/12\/PM64_0705_08h57m16s_PM_JNT6197-1024x683.jpg 1024w, https:\/\/www.team-outdoor.fr\/blog\/wp-content\/uploads\/2019\/12\/PM64_0705_08h57m16s_PM_JNT6197-300x200.jpg 300w, https:\/\/www.team-outdoor.fr\/blog\/wp-content\/uploads\/2019\/12\/PM64_0705_08h57m16s_PM_JNT6197-768x513.jpg 768w, https:\/\/www.team-outdoor.fr\/blog\/wp-content\/uploads\/2019\/12\/PM64_0705_08h57m16s_PM_JNT6197-1536x1025.jpg 1536w, https:\/\/www.team-outdoor.fr\/blog\/wp-content\/uploads\/2019\/12\/PM64_0705_08h57m16s_PM_JNT6197-2048x1367.jpg 2048w\" sizes=\"auto, (max-width: 1024px) 100vw, 1024px\" \/><\/figure><\/li><li class=\"blocks-gallery-item\"><figure><img loading=\"lazy\" decoding=\"async\" width=\"1024\" height=\"683\" src=\"https:\/\/www.team-outdoor.fr\/blog\/wp-content\/uploads\/2019\/12\/PM64_0707_09h06m50s_PM_JNT7962-1024x683.jpg\" alt=\"\" data-id=\"14840\" data-full-url=\"https:\/\/www.team-outdoor.fr\/blog\/wp-content\/uploads\/2019\/12\/PM64_0707_09h06m50s_PM_JNT7962-scaled.jpg\" data-link=\"https:\/\/www.team-outdoor.fr\/blog\/?attachment_id=14840\" class=\"wp-image-14840\" srcset=\"https:\/\/www.team-outdoor.fr\/blog\/wp-content\/uploads\/2019\/12\/PM64_0707_09h06m50s_PM_JNT7962-1024x683.jpg 1024w, https:\/\/www.team-outdoor.fr\/blog\/wp-content\/uploads\/2019\/12\/PM64_0707_09h06m50s_PM_JNT7962-300x200.jpg 300w, https:\/\/www.team-outdoor.fr\/blog\/wp-content\/uploads\/2019\/12\/PM64_0707_09h06m50s_PM_JNT7962-768x513.jpg 768w, https:\/\/www.team-outdoor.fr\/blog\/wp-content\/uploads\/2019\/12\/PM64_0707_09h06m50s_PM_JNT7962-1536x1025.jpg 1536w, https:\/\/www.team-outdoor.fr\/blog\/wp-content\/uploads\/2019\/12\/PM64_0707_09h06m50s_PM_JNT7962-2048x1367.jpg 2048w\" sizes=\"auto, (max-width: 1024px) 100vw, 1024px\" \/><\/figure><\/li><\/ul><\/figure>\n\n\n\n<div style=\"height:20px\" aria-hidden=\"true\" class=\"wp-block-spacer\"><\/div>\n\n\n\n<p style=\"font-size:18px\" class=\"has-text-color has-very-dark-gray-color\"><strong>Matt<\/strong><\/p>\n\n\n\n<div style=\"height:20px\" aria-hidden=\"true\" class=\"wp-block-spacer\"><\/div>\n\n\n\n<hr class=\"wp-block-separator\"\/>\n\n\n\n<div style=\"height:20px\" aria-hidden=\"true\" class=\"wp-block-spacer\"><\/div>\n\n\n\n<h2 class=\"wp-block-heading\"><strong>Renaud VINCENT<\/strong><\/h2>\n\n\n\n<div style=\"height:20px\" aria-hidden=\"true\" class=\"wp-block-spacer\"><\/div>\n\n\n\n<h3 class=\"wp-block-heading\"><strong>Une anecdote marquante \u00e0 nous raconter?<\/strong><\/h3>\n\n\n\n<div style=\"height:20px\" aria-hidden=\"true\" class=\"wp-block-spacer\"><\/div>\n\n\n\n<figure class=\"wp-block-image size-large is-style-default\"><img loading=\"lazy\" decoding=\"async\" width=\"1024\" height=\"662\" src=\"https:\/\/www.team-outdoor.fr\/blog\/wp-content\/uploads\/2019\/12\/20191119_102929-2-1024x662.jpg\" alt=\"\" class=\"wp-image-14845\" srcset=\"https:\/\/www.team-outdoor.fr\/blog\/wp-content\/uploads\/2019\/12\/20191119_102929-2-1024x662.jpg 1024w, https:\/\/www.team-outdoor.fr\/blog\/wp-content\/uploads\/2019\/12\/20191119_102929-2-300x194.jpg 300w, https:\/\/www.team-outdoor.fr\/blog\/wp-content\/uploads\/2019\/12\/20191119_102929-2-768x497.jpg 768w, https:\/\/www.team-outdoor.fr\/blog\/wp-content\/uploads\/2019\/12\/20191119_102929-2.jpg 1075w\" sizes=\"auto, (max-width: 1024px) 100vw, 1024px\" \/><\/figure>\n\n\n\n<div style=\"height:20px\" aria-hidden=\"true\" class=\"wp-block-spacer\"><\/div>\n\n\n\n<p class=\"has-text-color has-normal-font-size has-very-dark-gray-color\">Notre 1ere rencontre avec Agn\u00e8s! ! En 2014 ! Je suis venu \u00e0 la boutique car j&rsquo;avais besoin de conseils pour le GR20 ! Tu m&rsquo;avais un peu recadr\u00e9 sur mon choix de chaussures !  J&rsquo;ai quand m\u00eame mis celles que je souhaitais. R\u00e9sultat : chaussures explos\u00e9es au bout de 5 jours !<\/p>\n\n\n\n<div style=\"height:20px\" aria-hidden=\"true\" class=\"wp-block-spacer\"><\/div>\n\n\n\n<h3 class=\"wp-block-heading\"><strong>Quel est ton meilleur souvenir de course au sein de la TEAM? Pourquoi? <\/strong><\/h3>\n\n\n\n<div style=\"height:20px\" aria-hidden=\"true\" class=\"wp-block-spacer\"><\/div>\n\n\n\n<figure class=\"wp-block-image size-large is-style-default\"><img loading=\"lazy\" decoding=\"async\" width=\"1024\" height=\"656\" src=\"https:\/\/www.team-outdoor.fr\/blog\/wp-content\/uploads\/2019\/12\/20191119_102940-1-1024x656.jpg\" alt=\"\" class=\"wp-image-14847\" srcset=\"https:\/\/www.team-outdoor.fr\/blog\/wp-content\/uploads\/2019\/12\/20191119_102940-1-1024x656.jpg 1024w, https:\/\/www.team-outdoor.fr\/blog\/wp-content\/uploads\/2019\/12\/20191119_102940-1-300x192.jpg 300w, https:\/\/www.team-outdoor.fr\/blog\/wp-content\/uploads\/2019\/12\/20191119_102940-1-768x492.jpg 768w, https:\/\/www.team-outdoor.fr\/blog\/wp-content\/uploads\/2019\/12\/20191119_102940-1.jpg 1079w\" sizes=\"auto, (max-width: 1024px) 100vw, 1024px\" \/><\/figure>\n\n\n\n<div style=\"height:20px\" aria-hidden=\"true\" class=\"wp-block-spacer\"><\/div>\n\n\n\n<p class=\"has-text-color has-normal-font-size has-very-dark-gray-color\">Le week end \u00e0 Guerl\u00e9dan avec une team au complet !  Super ambiance ! J&rsquo;ai vraiment ador\u00e9 ! Et au niveau sportif : Annecy toujours pendant le week-end TEAM! <\/p>\n\n\n\n<div style=\"height:20px\" aria-hidden=\"true\" class=\"wp-block-spacer\"><\/div>\n\n\n\n<h3 class=\"wp-block-heading\"><strong>Et 2020 alors? <\/strong><\/h3>\n\n\n\n<div style=\"height:20px\" aria-hidden=\"true\" class=\"wp-block-spacer\"><\/div>\n\n\n\n<figure class=\"wp-block-image size-large is-style-default\"><img loading=\"lazy\" decoding=\"async\" width=\"1024\" height=\"682\" src=\"https:\/\/www.team-outdoor.fr\/blog\/wp-content\/uploads\/2019\/12\/IMG_20191003_184817_171-1-1024x682.jpg\" alt=\"\" class=\"wp-image-14848\" srcset=\"https:\/\/www.team-outdoor.fr\/blog\/wp-content\/uploads\/2019\/12\/IMG_20191003_184817_171-1-1024x682.jpg 1024w, https:\/\/www.team-outdoor.fr\/blog\/wp-content\/uploads\/2019\/12\/IMG_20191003_184817_171-1-300x200.jpg 300w, https:\/\/www.team-outdoor.fr\/blog\/wp-content\/uploads\/2019\/12\/IMG_20191003_184817_171-1-768x511.jpg 768w, https:\/\/www.team-outdoor.fr\/blog\/wp-content\/uploads\/2019\/12\/IMG_20191003_184817_171-1.jpg 1200w\" sizes=\"auto, (max-width: 1024px) 100vw, 1024px\" \/><\/figure>\n\n\n\n<div style=\"height:20px\" aria-hidden=\"true\" class=\"wp-block-spacer\"><\/div>\n\n\n\n<p class=\"has-text-color has-normal-font-size has-very-dark-gray-color\">2020 :  D\u00e9part a Nantes, nouvelle vie, mais objectifs conserv\u00e9s ! Descendre encore et toujours le chrono sur marathon ! Avec toujours la m\u00eame envie ! <\/p>\n\n\n\n<div style=\"height:20px\" aria-hidden=\"true\" class=\"wp-block-spacer\"><\/div>\n\n\n\n<p style=\"font-size:18px\" class=\"has-text-color has-very-dark-gray-color\"><strong>Renaud<\/strong><\/p>\n","protected":false},"excerpt":{"rendered":"<p>Cette fin d&rsquo;ann\u00e9e 2019 est \u00e9galement pour moi l&rsquo;occasion de vivement remercier ces trois athl\u00e8tes qui ont brillamment repr\u00e9sent\u00e9 ma soci\u00e9t\u00e9 et les marques partenaires toutes ces ann\u00e9es durant. Antoine, pr\u00e9sent \u00e0 mes c\u00f4t\u00e9s quasiment depuis le d\u00e9but de l&rsquo;aventure du TOP, alors Team Outdoor Paris. Je retiendrais son superbe esprit comp\u00e9titeur, son \u00e9coute des [&hellip;]<\/p>\n","protected":false},"author":1,"featured_media":14813,"comment_status":"open","ping_status":"open","sticky":false,"template":"","format":"standard","meta":{"ngg_post_thumbnail":0,"footnotes":""},"categories":[9],"tags":[98,72,88,109],"class_list":["post-14808","post","type-post","status-publish","format-standard","has-post-thumbnail","hentry","category-le-team-athletes-top","tag-teamoutdoorpoli","tag-team-outdoor","tag-team-outdoor-poli","tag-team-trail","has-post-title","has-post-date","has-post-category","has-post-tag","has-post-comment","has-post-author",""],"_links":{"self":[{"href":"https:\/\/www.team-outdoor.fr\/blog\/wp-json\/wp\/v2\/posts\/14808","targetHints":{"allow":["GET"]}}],"collection":[{"href":"https:\/\/www.team-outdoor.fr\/blog\/wp-json\/wp\/v2\/posts"}],"about":[{"href":"https:\/\/www.team-outdoor.fr\/blog\/wp-json\/wp\/v2\/types\/post"}],"author":[{"embeddable":true,"href":"https:\/\/www.team-outdoor.fr\/blog\/wp-json\/wp\/v2\/users\/1"}],"replies":[{"embeddable":true,"href":"https:\/\/www.team-outdoor.fr\/blog\/wp-json\/wp\/v2\/comments?post=14808"}],"version-history":[{"count":8,"href":"https:\/\/www.team-outdoor.fr\/blog\/wp-json\/wp\/v2\/posts\/14808\/revisions"}],"predecessor-version":[{"id":14857,"href":"https:\/\/www.team-outdoor.fr\/blog\/wp-json\/wp\/v2\/posts\/14808\/revisions\/14857"}],"wp:featuredmedia":[{"embeddable":true,"href":"https:\/\/www.team-outdoor.fr\/blog\/wp-json\/wp\/v2\/media\/14813"}],"wp:attachment":[{"href":"https:\/\/www.team-outdoor.fr\/blog\/wp-json\/wp\/v2\/media?parent=14808"}],"wp:term":[{"taxonomy":"category","embeddable":true,"href":"https:\/\/www.team-outdoor.fr\/blog\/wp-json\/wp\/v2\/categories?post=14808"},{"taxonomy":"post_tag","embeddable":true,"href":"https:\/\/www.team-outdoor.fr\/blog\/wp-json\/wp\/v2\/tags?post=14808"}],"curies":[{"name":"wp","href":"https:\/\/api.w.org\/{rel}","templated":true}]}}