{"id":15848,"date":"2021-07-25T19:10:00","date_gmt":"2021-07-25T18:10:00","guid":{"rendered":"https:\/\/www.team-outdoor.fr\/blog\/?p=15848"},"modified":"2021-08-08T21:07:47","modified_gmt":"2021-08-08T20:07:47","slug":"au-coeur-de-lut4m-challenge-thomas-balabaud-teamoutdoorpoli-etape-3-belledonne","status":"publish","type":"post","link":"https:\/\/www.team-outdoor.fr\/blog\/au-coeur-de-lut4m-challenge-thomas-balabaud-teamoutdoorpoli-etape-3-belledonne\/","title":{"rendered":"Au c\u0153ur de l&rsquo;UT4M Challenge, Thomas BALABAUD #TeamOutdoorPoli  |  \u00c9tape 3 : Belledonne"},"content":{"rendered":"\n<div style=\"height:20px\" aria-hidden=\"true\" class=\"wp-block-spacer\"><\/div>\n\n\n\n<h2 class=\"wp-block-heading\">Victoire d&rsquo;\u00e9tape <img loading=\"lazy\" decoding=\"async\" alt=\"&#x1f947;\" src=\"https:\/\/www.facebook.com\/images\/emoji.php\/v9\/ted\/1.5\/16\/1f947.png\" width=\"16\" height=\"16\">Et quelle \u00e9tape, quelle course ! Allez, je vous raconte.<\/h2>\n\n\n\n<div style=\"height:20px\" aria-hidden=\"true\" class=\"wp-block-spacer\"><\/div>\n\n\n\n<figure class=\"wp-block-image size-large\"><a href=\"https:\/\/www.team-outdoor.fr\/blog\/wp-content\/uploads\/2021\/08\/87.jpg\"><img loading=\"lazy\" decoding=\"async\" width=\"1024\" height=\"684\" src=\"https:\/\/www.team-outdoor.fr\/blog\/wp-content\/uploads\/2021\/08\/87-1024x684.jpg\" alt=\"\" class=\"wp-image-15865\" srcset=\"https:\/\/www.team-outdoor.fr\/blog\/wp-content\/uploads\/2021\/08\/87-1024x684.jpg 1024w, https:\/\/www.team-outdoor.fr\/blog\/wp-content\/uploads\/2021\/08\/87-300x200.jpg 300w, https:\/\/www.team-outdoor.fr\/blog\/wp-content\/uploads\/2021\/08\/87-768x513.jpg 768w, https:\/\/www.team-outdoor.fr\/blog\/wp-content\/uploads\/2021\/08\/87-1536x1026.jpg 1536w, https:\/\/www.team-outdoor.fr\/blog\/wp-content\/uploads\/2021\/08\/87.jpg 1966w\" sizes=\"auto, (max-width: 1024px) 100vw, 1024px\" \/><\/a><\/figure>\n\n\n\n<div style=\"height:20px\" aria-hidden=\"true\" class=\"wp-block-spacer\"><\/div>\n\n\n\n<p class=\"has-black-color has-text-color has-medium-font-size\">\u00c7a ne d\u00e9marrait pas tr\u00e8s bien. On avait pr\u00e9vu de covoiturer avec <a href=\"https:\/\/www.facebook.com\/aurelien.trailer\/?__cft__[0]=AZUucAccNOysq0VcsZp9T7dxC-sEH1PKXasGgMjsfQnetFjtRJOn7YZfpVCOpcCxNf5CzVy1_vbBsonmO1EMFB_Ug_wGbvVyrw9OrTaI6NaZss_E1rdbhylY6WCn74t9CnNOLOuxz-q_qRqpFuqdU7zERxD_nMV6uvLH1RQoz8rRCiMhJGhk1MNlmhl_nfQ3li8&amp;__tn__=kK-R\">Aur\u00e9lien Collet<\/a>. mais ce dernier a mal estim\u00e9 le temps de trajet. Du coup, on loupe le d\u00e9part de la premi\u00e8re vague dans laquelle se trouvent les premiers du classement et on arrive tout juste pour prendre le d\u00e9part de la seconde. 23&prime; apr\u00e8s celui de la premi\u00e8re vague donc&#8230;<\/p>\n\n\n\n<div style=\"height:20px\" aria-hidden=\"true\" class=\"wp-block-spacer\"><\/div>\n\n\n\n<p class=\"has-black-color has-text-color has-medium-font-size\">D\u00e8s les premiers m\u00e8tres, je pars seul. Je suis \u00e9tonn\u00e9 qu&rsquo;Aur\u00e9lien Collet ne suive pas. J&rsquo;ai peur de partir trop fort mais les sensations sont bonnes, alors je fonce. D\u00e9bute alors une \u00ab\u00a0remontada\u00a0\u00bb des coureurs partis lors de la premi\u00e8re vague. Je prends n\u00e9anmoins beaucoup de plaisir dans l&rsquo;effort, contrairement \u00e0 la veille o\u00f9 j&rsquo;ai longtemps serr\u00e9 les dents <img loading=\"lazy\" decoding=\"async\" alt=\"&#x1f62c;\" src=\"https:\/\/www.facebook.com\/images\/emoji.php\/v9\/t18\/1.5\/16\/1f62c.png\" width=\"16\" height=\"16\"><\/p>\n\n\n\n<div style=\"height:20px\" aria-hidden=\"true\" class=\"wp-block-spacer\"><\/div>\n\n\n\n<p class=\"has-black-color has-text-color has-medium-font-size\">Le temps est cl\u00e9ment et la vue magnifique quand nous passons au dessus des nuages. Je remonte si bien que je me retrouve en troisi\u00e8me position en compagnie de  Cl\u00e9ment Helier qu&rsquo;on connait bien et qui fait une magnifique \u00e9tape. Nous voici \u00e0 10 bornes de la fin et le profil restant est l\u00e9g\u00e8rement descendant avant de finir par du plat. On rattrape le second et on se retrouve \u00e0 1 minute de Jan qui est premier. <\/p>\n\n\n\n<div style=\"height:20px\" aria-hidden=\"true\" class=\"wp-block-spacer\"><\/div>\n\n\n\n<p class=\"has-black-color has-text-color has-medium-font-size\">Avec Cl\u00e9ment, on a beau se relayer, on est trop cuits pour aller le chercher. On finira main dans la main 2&prime; derri\u00e8re Yan qui finit fort. \u00c9tant partie 23&prime; derri\u00e8re Cl\u00e9ment et Jan, je remporte donc l&rsquo;\u00e9tape. Nico finit 4\u00e8me. Aur\u00e9lien, quant \u00e0 lui, \u00e9tait dans un jour moyen et s&rsquo;est perdu. J&rsquo;ai profit\u00e9 de cette erreur et me retrouve ainsi \u00e0 la premi\u00e8re place du classement g\u00e9n\u00e9ral.<\/p>\n\n\n\n<div style=\"height:20px\" aria-hidden=\"true\" class=\"wp-block-spacer\"><\/div>\n\n\n\n<p class=\"has-black-color has-text-color has-medium-font-size\">Pour finir, je veux juste souligner l&rsquo;ambiance et le \u00ab\u00a0fair-play\u00a0\u00bb entre coureurs sur ce genre de courses par \u00e9tapes. Les adversaires du jour deviennent des potes \u00e0 l&rsquo;arriv\u00e9e. C&rsquo;est vraiment sympa, on cr\u00e9e un vrai lien entre coureurs. <\/p>\n\n\n\n<div style=\"height:20px\" aria-hidden=\"true\" class=\"wp-block-spacer\"><\/div>\n\n\n\n<figure class=\"wp-block-gallery columns-3 is-cropped wp-block-gallery-1 is-layout-flex wp-block-gallery-is-layout-flex\"><ul class=\"blocks-gallery-grid\"><li class=\"blocks-gallery-item\"><figure><a href=\"https:\/\/www.team-outdoor.fr\/blog\/wp-content\/uploads\/2021\/08\/93-768x1024.jpg\"><img loading=\"lazy\" decoding=\"async\" width=\"768\" height=\"1024\" src=\"https:\/\/www.team-outdoor.fr\/blog\/wp-content\/uploads\/2021\/08\/93-768x1024.jpg\" alt=\"\" data-id=\"15850\" data-link=\"https:\/\/www.team-outdoor.fr\/blog\/?attachment_id=15850\" class=\"wp-image-15850\" srcset=\"https:\/\/www.team-outdoor.fr\/blog\/wp-content\/uploads\/2021\/08\/93-768x1024.jpg 768w, https:\/\/www.team-outdoor.fr\/blog\/wp-content\/uploads\/2021\/08\/93-225x300.jpg 225w, https:\/\/www.team-outdoor.fr\/blog\/wp-content\/uploads\/2021\/08\/93-1152x1536.jpg 1152w, https:\/\/www.team-outdoor.fr\/blog\/wp-content\/uploads\/2021\/08\/93.jpg 1200w\" sizes=\"auto, (max-width: 768px) 100vw, 768px\" \/><\/a><\/figure><\/li><li class=\"blocks-gallery-item\"><figure><a href=\"https:\/\/www.team-outdoor.fr\/blog\/wp-content\/uploads\/2021\/08\/97-461x1024.jpg\"><img loading=\"lazy\" decoding=\"async\" width=\"461\" height=\"1024\" src=\"https:\/\/www.team-outdoor.fr\/blog\/wp-content\/uploads\/2021\/08\/97-461x1024.jpg\" alt=\"\" data-id=\"15849\" data-link=\"https:\/\/www.team-outdoor.fr\/blog\/?attachment_id=15849\" class=\"wp-image-15849\" srcset=\"https:\/\/www.team-outdoor.fr\/blog\/wp-content\/uploads\/2021\/08\/97-461x1024.jpg 461w, https:\/\/www.team-outdoor.fr\/blog\/wp-content\/uploads\/2021\/08\/97-135x300.jpg 135w, https:\/\/www.team-outdoor.fr\/blog\/wp-content\/uploads\/2021\/08\/97-691x1536.jpg 691w, https:\/\/www.team-outdoor.fr\/blog\/wp-content\/uploads\/2021\/08\/97.jpg 720w\" sizes=\"auto, (max-width: 461px) 100vw, 461px\" \/><\/a><\/figure><\/li><li class=\"blocks-gallery-item\"><figure><a href=\"https:\/\/www.team-outdoor.fr\/blog\/wp-content\/uploads\/2021\/08\/90.jpg\"><img loading=\"lazy\" decoding=\"async\" width=\"1024\" height=\"1024\" src=\"https:\/\/www.team-outdoor.fr\/blog\/wp-content\/uploads\/2021\/08\/90-1024x1024.jpg\" alt=\"\" data-id=\"15851\" data-full-url=\"https:\/\/www.team-outdoor.fr\/blog\/wp-content\/uploads\/2021\/08\/90.jpg\" data-link=\"https:\/\/www.team-outdoor.fr\/blog\/?attachment_id=15851\" class=\"wp-image-15851\" srcset=\"https:\/\/www.team-outdoor.fr\/blog\/wp-content\/uploads\/2021\/08\/90-1024x1024.jpg 1024w, https:\/\/www.team-outdoor.fr\/blog\/wp-content\/uploads\/2021\/08\/90-300x300.jpg 300w, https:\/\/www.team-outdoor.fr\/blog\/wp-content\/uploads\/2021\/08\/90-150x150.jpg 150w, https:\/\/www.team-outdoor.fr\/blog\/wp-content\/uploads\/2021\/08\/90-768x769.jpg 768w, https:\/\/www.team-outdoor.fr\/blog\/wp-content\/uploads\/2021\/08\/90.jpg 1178w\" sizes=\"auto, (max-width: 1024px) 100vw, 1024px\" \/><\/a><\/figure><\/li><\/ul><\/figure>\n\n\n\n<div style=\"height:20px\" aria-hidden=\"true\" class=\"wp-block-spacer\"><\/div>\n\n\n\n<p class=\"has-black-color has-text-color has-medium-font-size\">Pour les chiffres : 46 km \/ 2700D+ en 5h10Je vous donne tendez-vous demain pour le r\u00e9sum\u00e9 de la derni\u00e8re \u00e9tape dans la Chartreuse en esp\u00e9rant avoir les m\u00eames sensations qu&rsquo;aujourd&rsquo;hui <img loading=\"lazy\" decoding=\"async\" alt=\"&#x1f91e;\" src=\"https:\/\/www.facebook.com\/images\/emoji.php\/v9\/t3e\/1.5\/16\/1f91e.png\" width=\"16\" height=\"16\">PS : 4 franciliens dans les 6 premiers au g\u00e9n\u00e9ral <img loading=\"lazy\" decoding=\"async\" alt=\"&#x1f4aa;\" src=\"https:\/\/www.facebook.com\/images\/emoji.php\/v9\/tc5\/1.5\/16\/1f4aa.png\" width=\"16\" height=\"16\"><\/p>\n\n\n\n<div style=\"height:20px\" aria-hidden=\"true\" class=\"wp-block-spacer\"><\/div>\n\n\n\n<h1 class=\"wp-block-heading\"><strong>Thomas<\/strong><\/h1>\n","protected":false},"excerpt":{"rendered":"<p>Victoire d&rsquo;\u00e9tape Et quelle \u00e9tape, quelle course ! Allez, je vous raconte. \u00c7a ne d\u00e9marrait pas tr\u00e8s bien. On avait pr\u00e9vu de covoiturer avec Aur\u00e9lien Collet. mais ce dernier a mal estim\u00e9 le temps de trajet. Du coup, on loupe le d\u00e9part de la premi\u00e8re vague dans laquelle se trouvent les premiers du classement et [&hellip;]<\/p>\n","protected":false},"author":1,"featured_media":15851,"comment_status":"open","ping_status":"open","sticky":false,"template":"","format":"standard","meta":{"ngg_post_thumbnail":0,"footnotes":""},"categories":[11],"tags":[],"class_list":["post-15848","post","type-post","status-publish","format-standard","has-post-thumbnail","hentry","category-on-l-a-fait","has-post-title","has-post-date","has-post-category","has-post-tag","has-post-comment","has-post-author",""],"_links":{"self":[{"href":"https:\/\/www.team-outdoor.fr\/blog\/wp-json\/wp\/v2\/posts\/15848","targetHints":{"allow":["GET"]}}],"collection":[{"href":"https:\/\/www.team-outdoor.fr\/blog\/wp-json\/wp\/v2\/posts"}],"about":[{"href":"https:\/\/www.team-outdoor.fr\/blog\/wp-json\/wp\/v2\/types\/post"}],"author":[{"embeddable":true,"href":"https:\/\/www.team-outdoor.fr\/blog\/wp-json\/wp\/v2\/users\/1"}],"replies":[{"embeddable":true,"href":"https:\/\/www.team-outdoor.fr\/blog\/wp-json\/wp\/v2\/comments?post=15848"}],"version-history":[{"count":3,"href":"https:\/\/www.team-outdoor.fr\/blog\/wp-json\/wp\/v2\/posts\/15848\/revisions"}],"predecessor-version":[{"id":15866,"href":"https:\/\/www.team-outdoor.fr\/blog\/wp-json\/wp\/v2\/posts\/15848\/revisions\/15866"}],"wp:featuredmedia":[{"embeddable":true,"href":"https:\/\/www.team-outdoor.fr\/blog\/wp-json\/wp\/v2\/media\/15851"}],"wp:attachment":[{"href":"https:\/\/www.team-outdoor.fr\/blog\/wp-json\/wp\/v2\/media?parent=15848"}],"wp:term":[{"taxonomy":"category","embeddable":true,"href":"https:\/\/www.team-outdoor.fr\/blog\/wp-json\/wp\/v2\/categories?post=15848"},{"taxonomy":"post_tag","embeddable":true,"href":"https:\/\/www.team-outdoor.fr\/blog\/wp-json\/wp\/v2\/tags?post=15848"}],"curies":[{"name":"wp","href":"https:\/\/api.w.org\/{rel}","templated":true}]}}