{"id":15888,"date":"2021-08-03T21:29:00","date_gmt":"2021-08-03T20:29:00","guid":{"rendered":"https:\/\/www.team-outdoor.fr\/blog\/?p=15888"},"modified":"2021-08-08T21:30:18","modified_gmt":"2021-08-08T20:30:18","slug":"les-lunettes-de-soleil-julbo-ultimate-photochromiques","status":"publish","type":"post","link":"https:\/\/www.team-outdoor.fr\/blog\/les-lunettes-de-soleil-julbo-ultimate-photochromiques\/","title":{"rendered":"Les Lunettes de soleil JULBO Ultimate Photochromiques"},"content":{"rendered":"\n<div style=\"height:20px\" aria-hidden=\"true\" class=\"wp-block-spacer\"><\/div>\n\n\n\n<figure class=\"wp-block-image size-large\"><a href=\"https:\/\/www.team-outdoor.fr\/blog\/wp-content\/uploads\/2021\/08\/107.jpg\"><img loading=\"lazy\" decoding=\"async\" width=\"1024\" height=\"1024\" src=\"https:\/\/www.team-outdoor.fr\/blog\/wp-content\/uploads\/2021\/08\/107-1024x1024.jpg\" alt=\"\" class=\"wp-image-15889\" srcset=\"https:\/\/www.team-outdoor.fr\/blog\/wp-content\/uploads\/2021\/08\/107-1024x1024.jpg 1024w, https:\/\/www.team-outdoor.fr\/blog\/wp-content\/uploads\/2021\/08\/107-300x300.jpg 300w, https:\/\/www.team-outdoor.fr\/blog\/wp-content\/uploads\/2021\/08\/107-150x150.jpg 150w, https:\/\/www.team-outdoor.fr\/blog\/wp-content\/uploads\/2021\/08\/107-768x768.jpg 768w, https:\/\/www.team-outdoor.fr\/blog\/wp-content\/uploads\/2021\/08\/107.jpg 1080w\" sizes=\"auto, (max-width: 1024px) 100vw, 1024px\" \/><\/a><\/figure>\n\n\n\n<div style=\"height:20px\" aria-hidden=\"true\" class=\"wp-block-spacer\"><\/div>\n\n\n\n<h1 class=\"has-black-color has-text-color wp-block-heading\"><img loading=\"lazy\" decoding=\"async\" width=\"16\" height=\"16\" alt=\"&#x1f449;\" src=\"https:\/\/static.xx.fbcdn.net\/images\/emoji.php\/v9\/taa\/1.5\/16\/1f449.png\"> A d\u00e9couvrir chez TEAM OUTDOOR <img loading=\"lazy\" decoding=\"async\" width=\"16\" height=\"16\" alt=\"&#x1f576;\" src=\"https:\/\/static.xx.fbcdn.net\/images\/emoji.php\/v9\/t45\/1.5\/16\/1f576.png\"><img loading=\"lazy\" decoding=\"async\" width=\"16\" height=\"16\" alt=\"&#x1f31e;\" src=\"https:\/\/static.xx.fbcdn.net\/images\/emoji.php\/v9\/tb8\/1.5\/16\/1f31e.png\"> <a href=\"https:\/\/www.facebook.com\/hashtag\/julboultimate?__eep__=6&amp;__cft__[0]=AZUq_h3znvNujaAa9lcHXD1Bmz-FIFTCm8mbdKEzFaLJ9PQ_V5ACQ1R13MMmk8trHHmaUkulzzmgGQNrEhrnyzIoWZlqnnbgnLoQkGPaLqDm9lj3zbAl9aCLX0syDn3T4BXqvjv3MtZkgSrqcGtDkuuREYpGol0w0ER8u0mX09Q1n4R_XI6HTflTZlK8gq5lkBs&amp;__tn__=*NK*F\">#julboultimate<\/a><\/h1>\n\n\n\n<div style=\"height:20px\" aria-hidden=\"true\" class=\"wp-block-spacer\"><\/div>\n\n\n\n<p class=\"has-black-color has-text-color has-medium-font-size\">Avec les verres REACTIV photochromic la m\u00e9t\u00e9o ne sera plus une excuse <img loading=\"lazy\" decoding=\"async\" alt=\"&#x26a1;\" src=\"https:\/\/static.xx.fbcdn.net\/images\/emoji.php\/v9\/te4\/1.5\/16\/26a1.png\" width=\"16\" height=\"16\"><\/p>\n\n\n\n<p class=\"has-black-color has-text-color has-medium-font-size\">Emmenez juste une paire de lunettes durant vos sorties sportives. Peu importe le temps qu&rsquo;il fait.<\/p>\n\n\n\n<p class=\"has-black-color has-text-color has-medium-font-size\">Comment \u00e7a marche ? Les verres REACTIV r\u00e9agissent aux UV et s\u2019activent \u00e0 leur contact. Plus le soleil est fort, plus le verre va foncer et inversement ; le tout en tr\u00e8s peu de temps et surtout sans aucune action de votre part !<\/p>\n\n\n\n<p class=\"has-black-color has-text-color\" style=\"font-size:clamp(14.642px, 0.915rem + ((1vw - 3.2px) * 0.575), 22px);\"><strong>Repoussez vos limites avec l&rsquo;Ultimate : <a href=\"https:\/\/www.team-outdoor.fr\/s\/885\/lunettes-de-soleil-julbo\" target=\"_blank\" rel=\"noreferrer noopener\">https:\/\/www.team-outdoor.fr\/s\/885\/lunettes-de-soleil-julbo<\/a><\/strong><\/p>\n","protected":false},"excerpt":{"rendered":"<p>A d\u00e9couvrir chez TEAM OUTDOOR #julboultimate Avec les verres REACTIV photochromic la m\u00e9t\u00e9o ne sera plus une excuse Emmenez juste une paire de lunettes durant vos sorties sportives. Peu importe le temps qu&rsquo;il fait. Comment \u00e7a marche ? Les verres REACTIV r\u00e9agissent aux UV et s\u2019activent \u00e0 leur contact. Plus le soleil est fort, plus [&hellip;]<\/p>\n","protected":false},"author":1,"featured_media":15889,"comment_status":"open","ping_status":"open","sticky":false,"template":"","format":"standard","meta":{"ngg_post_thumbnail":0,"footnotes":""},"categories":[1],"tags":[],"class_list":["post-15888","post","type-post","status-publish","format-standard","has-post-thumbnail","hentry","category-non-classe","has-post-title","has-post-date","has-post-category","has-post-tag","has-post-comment","has-post-author",""],"_links":{"self":[{"href":"https:\/\/www.team-outdoor.fr\/blog\/wp-json\/wp\/v2\/posts\/15888","targetHints":{"allow":["GET"]}}],"collection":[{"href":"https:\/\/www.team-outdoor.fr\/blog\/wp-json\/wp\/v2\/posts"}],"about":[{"href":"https:\/\/www.team-outdoor.fr\/blog\/wp-json\/wp\/v2\/types\/post"}],"author":[{"embeddable":true,"href":"https:\/\/www.team-outdoor.fr\/blog\/wp-json\/wp\/v2\/users\/1"}],"replies":[{"embeddable":true,"href":"https:\/\/www.team-outdoor.fr\/blog\/wp-json\/wp\/v2\/comments?post=15888"}],"version-history":[{"count":2,"href":"https:\/\/www.team-outdoor.fr\/blog\/wp-json\/wp\/v2\/posts\/15888\/revisions"}],"predecessor-version":[{"id":15891,"href":"https:\/\/www.team-outdoor.fr\/blog\/wp-json\/wp\/v2\/posts\/15888\/revisions\/15891"}],"wp:featuredmedia":[{"embeddable":true,"href":"https:\/\/www.team-outdoor.fr\/blog\/wp-json\/wp\/v2\/media\/15889"}],"wp:attachment":[{"href":"https:\/\/www.team-outdoor.fr\/blog\/wp-json\/wp\/v2\/media?parent=15888"}],"wp:term":[{"taxonomy":"category","embeddable":true,"href":"https:\/\/www.team-outdoor.fr\/blog\/wp-json\/wp\/v2\/categories?post=15888"},{"taxonomy":"post_tag","embeddable":true,"href":"https:\/\/www.team-outdoor.fr\/blog\/wp-json\/wp\/v2\/tags?post=15888"}],"curies":[{"name":"wp","href":"https:\/\/api.w.org\/{rel}","templated":true}]}}