{"id":15892,"date":"2021-08-13T14:38:24","date_gmt":"2021-08-13T13:38:24","guid":{"rendered":"https:\/\/www.team-outdoor.fr\/blog\/?p=15892"},"modified":"2021-08-13T14:38:24","modified_gmt":"2021-08-13T13:38:24","slug":"on-a-teste-pour-vous-les-lunettes-julbo-ultimate-par-antoine-davost","status":"publish","type":"post","link":"https:\/\/www.team-outdoor.fr\/blog\/on-a-teste-pour-vous-les-lunettes-julbo-ultimate-par-antoine-davost\/","title":{"rendered":"On a test\u00e9 pour vous les lunettes JULBO Ultimate par Antoine DAVOST"},"content":{"rendered":"\n<div style=\"height:20px\" aria-hidden=\"true\" class=\"wp-block-spacer\"><\/div>\n\n\n\n<h1 class=\"wp-block-heading\"> <strong>Contexte<\/strong><\/h1>\n\n\n\n<div style=\"height:20px\" aria-hidden=\"true\" class=\"wp-block-spacer\"><\/div>\n\n\n\n<p class=\"has-black-color has-text-color\" style=\"font-size:clamp(14px, 0.875rem + ((1vw - 3.2px) * 0.313), 18px);\">A mon arriv\u00e9e chez Team Outdoor en mars dernier, j\u2019ai propos\u00e9 \u00e0 Agn\u00e8s d\u2019implanter des lunettes techniques afin de r\u00e9pondre \u00e0 une demande grandissante de la part de nos clients. Apr\u00e8s plusieurs semaines de recherches et de comparaisons, c\u2019est une belle s\u00e9lection de la gamme JULBO que nous avons retenu, \u00e0 la fois pour la technicit\u00e9 des mod\u00e8les, la finition gage de durabilit\u00e9 dans le temps et le large spectre de lunettes (Trail, Course \u00e0 pied, Triathlon, Marche et Randonn\u00e9e, ski de fond&#8230;.)<\/p>\n\n\n\n<div style=\"height:20px\" aria-hidden=\"true\" class=\"wp-block-spacer\"><\/div>\n\n\n\n<figure class=\"wp-block-gallery columns-4 is-cropped wp-block-gallery-1 is-layout-flex wp-block-gallery-is-layout-flex\"><ul class=\"blocks-gallery-grid\"><li class=\"blocks-gallery-item\"><figure><a href=\"https:\/\/www.team-outdoor.fr\/blog\/wp-content\/uploads\/2021\/07\/752.jpg\"><img loading=\"lazy\" decoding=\"async\" width=\"800\" height=\"600\" src=\"https:\/\/www.team-outdoor.fr\/blog\/wp-content\/uploads\/2021\/07\/752.jpg\" alt=\"\" data-id=\"15810\" data-full-url=\"https:\/\/www.team-outdoor.fr\/blog\/wp-content\/uploads\/2021\/07\/752.jpg\" data-link=\"https:\/\/www.team-outdoor.fr\/blog\/les-lunettes-de-soleil-julbo-disponibles-chez-team-outdoor\/attachment\/752\/\" class=\"wp-image-15810\" srcset=\"https:\/\/www.team-outdoor.fr\/blog\/wp-content\/uploads\/2021\/07\/752.jpg 800w, https:\/\/www.team-outdoor.fr\/blog\/wp-content\/uploads\/2021\/07\/752-300x225.jpg 300w, https:\/\/www.team-outdoor.fr\/blog\/wp-content\/uploads\/2021\/07\/752-768x576.jpg 768w\" sizes=\"auto, (max-width: 800px) 100vw, 800px\" \/><\/a><\/figure><\/li><li class=\"blocks-gallery-item\"><figure><a href=\"https:\/\/www.team-outdoor.fr\/blog\/wp-content\/uploads\/2021\/07\/786.jpg\"><img loading=\"lazy\" decoding=\"async\" width=\"800\" height=\"600\" src=\"https:\/\/www.team-outdoor.fr\/blog\/wp-content\/uploads\/2021\/07\/786.jpg\" alt=\"\" data-id=\"15812\" data-full-url=\"https:\/\/www.team-outdoor.fr\/blog\/wp-content\/uploads\/2021\/07\/786.jpg\" data-link=\"https:\/\/www.team-outdoor.fr\/blog\/les-lunettes-de-soleil-julbo-disponibles-chez-team-outdoor\/attachment\/786\/\" class=\"wp-image-15812\" srcset=\"https:\/\/www.team-outdoor.fr\/blog\/wp-content\/uploads\/2021\/07\/786.jpg 800w, https:\/\/www.team-outdoor.fr\/blog\/wp-content\/uploads\/2021\/07\/786-300x225.jpg 300w, https:\/\/www.team-outdoor.fr\/blog\/wp-content\/uploads\/2021\/07\/786-768x576.jpg 768w\" sizes=\"auto, (max-width: 800px) 100vw, 800px\" \/><\/a><\/figure><\/li><li class=\"blocks-gallery-item\"><figure><a href=\"https:\/\/www.team-outdoor.fr\/blog\/wp-content\/uploads\/2021\/07\/782.jpg\"><img loading=\"lazy\" decoding=\"async\" width=\"800\" height=\"600\" src=\"https:\/\/www.team-outdoor.fr\/blog\/wp-content\/uploads\/2021\/07\/782.jpg\" alt=\"\" data-id=\"15814\" data-full-url=\"https:\/\/www.team-outdoor.fr\/blog\/wp-content\/uploads\/2021\/07\/782.jpg\" data-link=\"https:\/\/www.team-outdoor.fr\/blog\/les-lunettes-de-soleil-julbo-disponibles-chez-team-outdoor\/attachment\/782\/\" class=\"wp-image-15814\" srcset=\"https:\/\/www.team-outdoor.fr\/blog\/wp-content\/uploads\/2021\/07\/782.jpg 800w, https:\/\/www.team-outdoor.fr\/blog\/wp-content\/uploads\/2021\/07\/782-300x225.jpg 300w, https:\/\/www.team-outdoor.fr\/blog\/wp-content\/uploads\/2021\/07\/782-768x576.jpg 768w\" sizes=\"auto, (max-width: 800px) 100vw, 800px\" \/><\/a><\/figure><\/li><li class=\"blocks-gallery-item\"><figure><a href=\"https:\/\/www.team-outdoor.fr\/blog\/wp-content\/uploads\/2021\/07\/774.jpg\"><img loading=\"lazy\" decoding=\"async\" width=\"800\" height=\"600\" src=\"https:\/\/www.team-outdoor.fr\/blog\/wp-content\/uploads\/2021\/07\/774.jpg\" alt=\"\" data-id=\"15816\" data-full-url=\"https:\/\/www.team-outdoor.fr\/blog\/wp-content\/uploads\/2021\/07\/774.jpg\" data-link=\"https:\/\/www.team-outdoor.fr\/blog\/les-lunettes-de-soleil-julbo-disponibles-chez-team-outdoor\/attachment\/774\/\" class=\"wp-image-15816\" srcset=\"https:\/\/www.team-outdoor.fr\/blog\/wp-content\/uploads\/2021\/07\/774.jpg 800w, https:\/\/www.team-outdoor.fr\/blog\/wp-content\/uploads\/2021\/07\/774-300x225.jpg 300w, https:\/\/www.team-outdoor.fr\/blog\/wp-content\/uploads\/2021\/07\/774-768x576.jpg 768w\" sizes=\"auto, (max-width: 800px) 100vw, 800px\" \/><\/a><\/figure><\/li><li class=\"blocks-gallery-item\"><figure><a href=\"https:\/\/www.team-outdoor.fr\/blog\/wp-content\/uploads\/2021\/07\/749-1-e1626475348741.jpg\"><img loading=\"lazy\" decoding=\"async\" width=\"211\" height=\"317\" src=\"https:\/\/www.team-outdoor.fr\/blog\/wp-content\/uploads\/2021\/07\/749-1-e1626475348741.jpg\" alt=\"\" data-id=\"15811\" data-full-url=\"https:\/\/www.team-outdoor.fr\/blog\/wp-content\/uploads\/2021\/07\/749-1-e1626475348741.jpg\" data-link=\"https:\/\/www.team-outdoor.fr\/blog\/les-lunettes-de-soleil-julbo-disponibles-chez-team-outdoor\/749-1\/\" class=\"wp-image-15811\"\/><\/a><\/figure><\/li><li class=\"blocks-gallery-item\"><figure><a href=\"https:\/\/www.team-outdoor.fr\/blog\/wp-content\/uploads\/2021\/07\/789.jpg\"><img loading=\"lazy\" decoding=\"async\" width=\"700\" height=\"467\" src=\"https:\/\/www.team-outdoor.fr\/blog\/wp-content\/uploads\/2021\/07\/789.jpg\" alt=\"\" data-id=\"15813\" data-full-url=\"https:\/\/www.team-outdoor.fr\/blog\/wp-content\/uploads\/2021\/07\/789.jpg\" data-link=\"https:\/\/www.team-outdoor.fr\/blog\/les-lunettes-de-soleil-julbo-disponibles-chez-team-outdoor\/attachment\/789\/\" class=\"wp-image-15813\" srcset=\"https:\/\/www.team-outdoor.fr\/blog\/wp-content\/uploads\/2021\/07\/789.jpg 700w, https:\/\/www.team-outdoor.fr\/blog\/wp-content\/uploads\/2021\/07\/789-300x200.jpg 300w\" sizes=\"auto, (max-width: 700px) 100vw, 700px\" \/><\/a><\/figure><\/li><li class=\"blocks-gallery-item\"><figure><a href=\"https:\/\/www.team-outdoor.fr\/blog\/wp-content\/uploads\/2021\/07\/790.jpg\"><img loading=\"lazy\" decoding=\"async\" width=\"467\" height=\"700\" src=\"https:\/\/www.team-outdoor.fr\/blog\/wp-content\/uploads\/2021\/07\/790.jpg\" alt=\"\" data-id=\"15818\" data-full-url=\"https:\/\/www.team-outdoor.fr\/blog\/wp-content\/uploads\/2021\/07\/790.jpg\" data-link=\"https:\/\/www.team-outdoor.fr\/blog\/les-lunettes-de-soleil-julbo-disponibles-chez-team-outdoor\/attachment\/790\/\" class=\"wp-image-15818\" srcset=\"https:\/\/www.team-outdoor.fr\/blog\/wp-content\/uploads\/2021\/07\/790.jpg 467w, https:\/\/www.team-outdoor.fr\/blog\/wp-content\/uploads\/2021\/07\/790-200x300.jpg 200w\" sizes=\"auto, (max-width: 467px) 100vw, 467px\" \/><\/a><\/figure><\/li><li class=\"blocks-gallery-item\"><figure><a href=\"https:\/\/www.team-outdoor.fr\/blog\/wp-content\/uploads\/2021\/07\/777.jpg\"><img loading=\"lazy\" decoding=\"async\" width=\"466\" height=\"700\" src=\"https:\/\/www.team-outdoor.fr\/blog\/wp-content\/uploads\/2021\/07\/777.jpg\" alt=\"\" data-id=\"15817\" data-full-url=\"https:\/\/www.team-outdoor.fr\/blog\/wp-content\/uploads\/2021\/07\/777.jpg\" data-link=\"https:\/\/www.team-outdoor.fr\/blog\/les-lunettes-de-soleil-julbo-disponibles-chez-team-outdoor\/attachment\/777\/\" class=\"wp-image-15817\" srcset=\"https:\/\/www.team-outdoor.fr\/blog\/wp-content\/uploads\/2021\/07\/777.jpg 466w, https:\/\/www.team-outdoor.fr\/blog\/wp-content\/uploads\/2021\/07\/777-200x300.jpg 200w\" sizes=\"auto, (max-width: 466px) 100vw, 466px\" \/><\/a><\/figure><\/li><\/ul><\/figure>\n\n\n\n<div style=\"height:20px\" aria-hidden=\"true\" class=\"wp-block-spacer\"><\/div>\n\n\n\n<p class=\"has-black-color has-text-color\" style=\"font-size:clamp(14px, 0.875rem + ((1vw - 3.2px) * 0.313), 18px);\">Parmi les mod\u00e8les choisis, j\u2019ai eu la chance de pouvoir tester le mod\u00e8le Ultimate Reactiv Performance 1-3, une paire de lunettes photochromiques adapt\u00e9es \u00e0 la pratique du trail, la course \u00e0 pied et le v\u00e9lo (enfin tous les sports outdoor finalement\u00a0!). Apr\u00e8s 3 semaines d\u2019utilisation, voici, donc,  mon retour.<\/p>\n\n\n\n<div style=\"height:20px\" aria-hidden=\"true\" class=\"wp-block-spacer\"><\/div>\n\n\n\n<figure class=\"wp-block-gallery columns-1 is-cropped wp-block-gallery-2 is-layout-flex wp-block-gallery-is-layout-flex\"><ul class=\"blocks-gallery-grid\"><li class=\"blocks-gallery-item\"><figure><a href=\"https:\/\/www.team-outdoor.fr\/blog\/wp-content\/uploads\/2021\/08\/176.jpg\"><img loading=\"lazy\" decoding=\"async\" width=\"1024\" height=\"241\" src=\"https:\/\/www.team-outdoor.fr\/blog\/wp-content\/uploads\/2021\/08\/176-1024x241.jpg\" alt=\"\" data-id=\"15895\" data-full-url=\"https:\/\/www.team-outdoor.fr\/blog\/wp-content\/uploads\/2021\/08\/176.jpg\" data-link=\"https:\/\/www.team-outdoor.fr\/blog\/?attachment_id=15895\" class=\"wp-image-15895\" srcset=\"https:\/\/www.team-outdoor.fr\/blog\/wp-content\/uploads\/2021\/08\/176-1024x241.jpg 1024w, https:\/\/www.team-outdoor.fr\/blog\/wp-content\/uploads\/2021\/08\/176-300x71.jpg 300w, https:\/\/www.team-outdoor.fr\/blog\/wp-content\/uploads\/2021\/08\/176-768x180.jpg 768w, https:\/\/www.team-outdoor.fr\/blog\/wp-content\/uploads\/2021\/08\/176-1536x361.jpg 1536w, https:\/\/www.team-outdoor.fr\/blog\/wp-content\/uploads\/2021\/08\/176-2048x481.jpg 2048w\" sizes=\"auto, (max-width: 1024px) 100vw, 1024px\" \/><\/a><\/figure><\/li><\/ul><\/figure>\n\n\n\n<div style=\"height:20px\" aria-hidden=\"true\" class=\"wp-block-spacer\"><\/div>\n\n\n\n<h1 class=\"wp-block-heading\"><strong>Caract\u00e9ristiques techniques<\/strong><\/h1>\n\n\n\n<div style=\"height:20px\" aria-hidden=\"true\" class=\"wp-block-spacer\"><\/div>\n\n\n\n<ul class=\"has-black-color has-text-color wp-block-list\" style=\"font-size:clamp(14px, 0.875rem + ((1vw - 3.2px) * 0.313), 18px);\"><li>Verre photochromique teint\u00e9 MAT, cat\u00e9gorie 1 \u00e0 3<\/li><li>A\u00e9ration optimis\u00e9e<\/li><li>L\u00e9g\u00e8ret\u00e9&nbsp;: 27g&nbsp;!<\/li><li>Fit du nez ajustable<\/li><li>Branches r\u00e9glables et ultra-maintenantes<\/li><\/ul>\n\n\n\n<p class=\"has-black-color has-text-color\" style=\"font-size:clamp(14px, 0.875rem + ((1vw - 3.2px) * 0.313), 18px);\">Concernant le look, j\u2019ai opt\u00e9 pour le mod\u00e8le noir et rouge. L\u2019\u00e9cran est assez grand ce qui donne un style tr\u00e8s sportif \u00e0 mi-chemin entre la lunette cycliste et la lunette de trail. Je la trouve \u00e0 la fois assez classe et suffisamment discr\u00e8te pour une utilisation tant en running qu\u2019en randonn\u00e9e o\u00f9 style plus passe partout est souvent de mise.<\/p>\n\n\n\n<div style=\"height:20px\" aria-hidden=\"true\" class=\"wp-block-spacer\"><\/div>\n\n\n\n<figure class=\"wp-block-image size-full\"><a href=\"https:\/\/www.team-outdoor.fr\/blog\/wp-content\/uploads\/2021\/08\/177-1.jpg\"><img loading=\"lazy\" decoding=\"async\" width=\"700\" height=\"310\" src=\"https:\/\/www.team-outdoor.fr\/blog\/wp-content\/uploads\/2021\/08\/177-1.jpg\" alt=\"\" class=\"wp-image-15896\" srcset=\"https:\/\/www.team-outdoor.fr\/blog\/wp-content\/uploads\/2021\/08\/177-1.jpg 700w, https:\/\/www.team-outdoor.fr\/blog\/wp-content\/uploads\/2021\/08\/177-1-300x133.jpg 300w\" sizes=\"auto, (max-width: 700px) 100vw, 700px\" \/><\/a><\/figure>\n\n\n\n<div style=\"height:20px\" aria-hidden=\"true\" class=\"wp-block-spacer\"><\/div>\n\n\n\n<h1 class=\"has-black-color has-text-color wp-block-heading\"> <strong>Utilisation<\/strong><\/h1>\n\n\n\n<div style=\"height:21px\" aria-hidden=\"true\" class=\"wp-block-spacer\"><\/div>\n\n\n\n<p class=\"has-black-color has-text-color\" style=\"font-size:clamp(14px, 0.875rem + ((1vw - 3.2px) * 0.313), 18px);\">Si la m\u00e9t\u00e9o capricieuse de ce mois de juillet ne ravit pas les touristes parisiens, elle a au moins le m\u00e9rite de me faire tester ma paire d\u2019Ultimate par tous les temps et toutes les luminosit\u00e9s (on se console comme on peut)&nbsp;!<\/p>\n\n\n\n<div style=\"height:20px\" aria-hidden=\"true\" class=\"wp-block-spacer\"><\/div>\n\n\n\n<p class=\"has-black-color has-text-color\" style=\"font-size:clamp(14px, 0.875rem + ((1vw - 3.2px) * 0.313), 18px);\">Mon sport de pr\u00e9dilection c\u2019est la course \u00e0 pied et je fais parti des coureurs qui portent quasiment toujours des lunettes, la faute \u00e0 des yeux facilement irrit\u00e9s. Du coup, je porte les Ultimate sur tous mes entra\u00eenements depuis trois semaines, tant sur des s\u00e9ances de vitesses au soleil et dans le vent, que sur du long en sous-bois par temps de pluie. Dans tous les cas, l\u2019Ultimate de Julbo a la meilleure des caract\u00e9ristiques&nbsp;: elle se fait oublier&nbsp;!<\/p>\n\n\n\n<div style=\"height:20px\" aria-hidden=\"true\" class=\"wp-block-spacer\"><\/div>\n\n\n\n<p class=\"has-black-color has-text-color\" style=\"font-size:clamp(14px, 0.875rem + ((1vw - 3.2px) * 0.313), 18px);\">Dans la for\u00eat, le verre laisse passer la lumi\u00e8re au maximum (72% selon la marque) et accentue le contraste, c\u2019est top&nbsp;! En passant au soleil, l\u2019\u00e9cran s\u2019assombrit et prot\u00e8ge parfaitement les yeux (13% de transmission de la lumi\u00e8re visible).<\/p>\n\n\n\n<div style=\"height:20px\" aria-hidden=\"true\" class=\"wp-block-spacer\"><\/div>\n\n\n\n<p class=\"has-black-color has-text-color\" style=\"font-size:clamp(14px, 0.875rem + ((1vw - 3.2px) * 0.313), 18px);\">J\u2019utilise \u00e9galement les Ultimate sur mes sorties v\u00e9lo. Elles s\u2019adaptent parfaitement \u00e0 la forme du casque, et couvre tr\u00e8s bien les yeux pour se prot\u00e9ger du vent. Jusque-\u00e0 maintenant je suis satisfait sur la protection conf\u00e9r\u00e9e par mes ultimate. Je suis tout de m\u00eame curieux de les tester sur des balades plus longues en plaine comme en montagne dans diff\u00e9rentes configurations comme en plein cagnard et en descente. Suite du test au prochain num\u00e9ro, donc\u2026<\/p>\n\n\n\n<div style=\"height:25px\" aria-hidden=\"true\" class=\"wp-block-spacer\"><\/div>\n\n\n\n<h1 class=\"has-black-color has-text-color wp-block-heading\"><strong>Avis Personnel<\/strong><\/h1>\n\n\n\n<p class=\"has-black-color has-text-color\" style=\"font-size:clamp(14px, 0.875rem + ((1vw - 3.2px) * 0.313), 18px);\">Je suis pour le moment conquis par cette Ultimate de Julbo. Il faut dire que c\u2019est ma premi\u00e8re paire photochromique, donc je viens peut-\u00eatre de loin sur ce type de produit\u2026 Mais j\u2019aurai du mal \u00e0 m\u2019en passer dor\u00e9navant. Fini pour moi le switch de lunettes toutes les deux minutes sur des sorties en sous-bois, fini le rangement express de la paire lorsque le soleil se couche et, je l\u2019esp\u00e8re, fini les irritations des yeux lors des sorties v\u00e9los ensoleill\u00e9s et venteuses.<\/p>\n\n\n\n<div style=\"height:20px\" aria-hidden=\"true\" class=\"wp-block-spacer\"><\/div>\n\n\n\n<p class=\"has-black-color has-text-color\" style=\"font-size:clamp(14px, 0.875rem + ((1vw - 3.2px) * 0.313), 18px);\">J\u2019appr\u00e9cie tout particuli\u00e8rement le contraste offert par le verre lorsqu\u2019il est en cat\u00e9gorie 1. La vision est vraiment nette et l\u2019alternance luminosit\u00e9 accrue\/zone plus sombre fonctionne bien. Et, \u00e9videmment, j\u2019aime beaucoup son look sportif relativement sobre mais tr\u00e8s classe.<\/p>\n\n\n\n<div style=\"height:20px\" aria-hidden=\"true\" class=\"wp-block-spacer\"><\/div>\n\n\n\n<figure class=\"wp-block-image size-large\"><a href=\"https:\/\/www.team-outdoor.fr\/blog\/wp-content\/uploads\/2021\/08\/178.jpg\"><img loading=\"lazy\" decoding=\"async\" width=\"1024\" height=\"682\" src=\"https:\/\/www.team-outdoor.fr\/blog\/wp-content\/uploads\/2021\/08\/178-1024x682.jpg\" alt=\"\" class=\"wp-image-15898\" srcset=\"https:\/\/www.team-outdoor.fr\/blog\/wp-content\/uploads\/2021\/08\/178-1024x682.jpg 1024w, https:\/\/www.team-outdoor.fr\/blog\/wp-content\/uploads\/2021\/08\/178-300x200.jpg 300w, https:\/\/www.team-outdoor.fr\/blog\/wp-content\/uploads\/2021\/08\/178-768x512.jpg 768w, https:\/\/www.team-outdoor.fr\/blog\/wp-content\/uploads\/2021\/08\/178.jpg 1280w\" sizes=\"auto, (max-width: 1024px) 100vw, 1024px\" \/><\/a><\/figure>\n\n\n\n<div style=\"height:25px\" aria-hidden=\"true\" class=\"wp-block-spacer\"><\/div>\n\n\n\n<h1 class=\"has-black-color has-text-color wp-block-heading\"><strong>Bilan<\/strong><\/h1>\n\n\n\n<h1 class=\"wp-block-heading\"><strong>Points positifs<\/strong><\/h1>\n\n\n\n<ul class=\"has-black-color has-text-color wp-block-list\" style=\"font-size:clamp(14px, 0.875rem + ((1vw - 3.2px) * 0.313), 18px);\"><li>Les verres photochromiques super efficaces et tr\u00e8s protecteurs<\/li><li>Sa l\u00e9g\u00e8ret\u00e9 et son maintien lui permettent de se faire oublier<\/li><li>Sa polyvalence\u00a0: v\u00e9lo, run, trail (et m\u00eame conduite pour \u00eatre honn\u00eate)<\/li><\/ul>\n\n\n\n<div style=\"height:20px\" aria-hidden=\"true\" class=\"wp-block-spacer\"><\/div>\n\n\n\n<h1 class=\"wp-block-heading\"> <strong>A confirmer<\/strong><\/h1>\n\n\n\n<p class=\"has-black-color has-text-color\" style=\"font-size:clamp(14px, 0.875rem + ((1vw - 3.2px) * 0.313), 18px);\">A tester sur du tr\u00e8s long \u00e0 v\u00e9lo, la surface couvrante \u00e9tant moins grande qu\u2019un mod\u00e8le typ\u00e9 v\u00e9lo (comme la Rush)<\/p>\n","protected":false},"excerpt":{"rendered":"<p>Contexte A mon arriv\u00e9e chez Team Outdoor en mars dernier, j\u2019ai propos\u00e9 \u00e0 Agn\u00e8s d\u2019implanter des lunettes techniques afin de r\u00e9pondre \u00e0 une demande grandissante de la part de nos clients. Apr\u00e8s plusieurs semaines de recherches et de comparaisons, c\u2019est une belle s\u00e9lection de la gamme JULBO que nous avons retenu, \u00e0 la fois pour [&hellip;]<\/p>\n","protected":false},"author":1,"featured_media":15895,"comment_status":"open","ping_status":"open","sticky":false,"template":"","format":"standard","meta":{"ngg_post_thumbnail":0,"footnotes":""},"categories":[10],"tags":[],"class_list":["post-15892","post","type-post","status-publish","format-standard","has-post-thumbnail","hentry","category-on-a-teste-pour-vous","has-post-title","has-post-date","has-post-category","has-post-tag","has-post-comment","has-post-author",""],"_links":{"self":[{"href":"https:\/\/www.team-outdoor.fr\/blog\/wp-json\/wp\/v2\/posts\/15892","targetHints":{"allow":["GET"]}}],"collection":[{"href":"https:\/\/www.team-outdoor.fr\/blog\/wp-json\/wp\/v2\/posts"}],"about":[{"href":"https:\/\/www.team-outdoor.fr\/blog\/wp-json\/wp\/v2\/types\/post"}],"author":[{"embeddable":true,"href":"https:\/\/www.team-outdoor.fr\/blog\/wp-json\/wp\/v2\/users\/1"}],"replies":[{"embeddable":true,"href":"https:\/\/www.team-outdoor.fr\/blog\/wp-json\/wp\/v2\/comments?post=15892"}],"version-history":[{"count":7,"href":"https:\/\/www.team-outdoor.fr\/blog\/wp-json\/wp\/v2\/posts\/15892\/revisions"}],"predecessor-version":[{"id":16694,"href":"https:\/\/www.team-outdoor.fr\/blog\/wp-json\/wp\/v2\/posts\/15892\/revisions\/16694"}],"wp:featuredmedia":[{"embeddable":true,"href":"https:\/\/www.team-outdoor.fr\/blog\/wp-json\/wp\/v2\/media\/15895"}],"wp:attachment":[{"href":"https:\/\/www.team-outdoor.fr\/blog\/wp-json\/wp\/v2\/media?parent=15892"}],"wp:term":[{"taxonomy":"category","embeddable":true,"href":"https:\/\/www.team-outdoor.fr\/blog\/wp-json\/wp\/v2\/categories?post=15892"},{"taxonomy":"post_tag","embeddable":true,"href":"https:\/\/www.team-outdoor.fr\/blog\/wp-json\/wp\/v2\/tags?post=15892"}],"curies":[{"name":"wp","href":"https:\/\/api.w.org\/{rel}","templated":true}]}}