{"id":15963,"date":"2021-09-17T16:39:12","date_gmt":"2021-09-17T15:39:12","guid":{"rendered":"https:\/\/www.team-outdoor.fr\/blog\/?p=15963"},"modified":"2021-09-18T09:30:37","modified_gmt":"2021-09-18T08:30:37","slug":"team-outdoor-poli-2021-thomas-balabaud","status":"publish","type":"post","link":"https:\/\/www.team-outdoor.fr\/blog\/team-outdoor-poli-2021-thomas-balabaud\/","title":{"rendered":"TEAM OUTDOOR POLI 2021 : Thomas BALABAUD"},"content":{"rendered":"\n<div style=\"height:40px\" aria-hidden=\"true\" class=\"wp-block-spacer\"><\/div>\n\n\n\n<figure class=\"wp-block-image size-large\"><a href=\"https:\/\/www.team-outdoor.fr\/blog\/wp-content\/uploads\/2021\/09\/IMG_1781-1-scaled.jpg\"><img loading=\"lazy\" decoding=\"async\" width=\"1024\" height=\"683\" src=\"https:\/\/www.team-outdoor.fr\/blog\/wp-content\/uploads\/2021\/09\/IMG_1781-1-1024x683.jpg\" alt=\"\" class=\"wp-image-15945\" srcset=\"https:\/\/www.team-outdoor.fr\/blog\/wp-content\/uploads\/2021\/09\/IMG_1781-1-1024x683.jpg 1024w, https:\/\/www.team-outdoor.fr\/blog\/wp-content\/uploads\/2021\/09\/IMG_1781-1-300x200.jpg 300w, https:\/\/www.team-outdoor.fr\/blog\/wp-content\/uploads\/2021\/09\/IMG_1781-1-768x512.jpg 768w, https:\/\/www.team-outdoor.fr\/blog\/wp-content\/uploads\/2021\/09\/IMG_1781-1-1536x1024.jpg 1536w, https:\/\/www.team-outdoor.fr\/blog\/wp-content\/uploads\/2021\/09\/IMG_1781-1-2048x1365.jpg 2048w\" sizes=\"auto, (max-width: 1024px) 100vw, 1024px\" \/><\/a><\/figure>\n\n\n\n<div style=\"height:20px\" aria-hidden=\"true\" class=\"wp-block-spacer\"><\/div>\n\n\n\n<h1 class=\"wp-block-heading\">Thomas BALABAUD, 29 ans, Kin\u00e9sith\u00e9rapeute, 9 ans de course \u00e0 pied<\/h1>\n\n\n\n<h2 class=\"wp-block-heading\"><br>PALMAR\u00c8S<\/h2>\n\n\n\n<ul class=\"has-black-color has-text-color wp-block-list\" style=\"font-size:clamp(14px, 0.875rem + ((1vw - 3.2px) * 0.313), 18px);\"><li>2018 :  Pilatrail, 42km, 1er &#8211; Aravis Trail, 47km, 1er &#8211;  Ultra trail Vercors, 85km, 1er <\/li><li>2019 : Saint\u00e9 Lyon 75km, 12 \u00e8me<\/li><li>2020 : Trail des Forts de Besan\u00e7on, 50km, 4\u00e8me &#8211; Trail des Rois Maudits, 50km, 2\u00e8me<\/li><li>2021 : UT4M 160 Challenge, 4 x 40k, 1er &#8211; Tour de la Grande Casse, 66k, 1er &#8211; Ultra du Vercors, 85km, 1er<\/li><li>C\u00f4te ITRA 797.<\/li><\/ul>\n\n\n\n<div style=\"height:20px\" aria-hidden=\"true\" class=\"wp-block-spacer\"><\/div>\n\n\n\n<figure class=\"wp-block-gallery columns-3 is-cropped wp-block-gallery-1 is-layout-flex wp-block-gallery-is-layout-flex\"><ul class=\"blocks-gallery-grid\"><li class=\"blocks-gallery-item\"><figure><a href=\"https:\/\/www.team-outdoor.fr\/blog\/wp-content\/uploads\/2021\/09\/84-1024x687.jpg\"><img loading=\"lazy\" decoding=\"async\" width=\"1024\" height=\"687\" src=\"https:\/\/www.team-outdoor.fr\/blog\/wp-content\/uploads\/2021\/09\/84-1024x687.jpg\" alt=\"\" data-id=\"15967\" data-link=\"https:\/\/www.team-outdoor.fr\/blog\/?attachment_id=15967\" class=\"wp-image-15967\" srcset=\"https:\/\/www.team-outdoor.fr\/blog\/wp-content\/uploads\/2021\/09\/84-1024x687.jpg 1024w, https:\/\/www.team-outdoor.fr\/blog\/wp-content\/uploads\/2021\/09\/84-300x201.jpg 300w, https:\/\/www.team-outdoor.fr\/blog\/wp-content\/uploads\/2021\/09\/84-768x515.jpg 768w, https:\/\/www.team-outdoor.fr\/blog\/wp-content\/uploads\/2021\/09\/84.jpg 1396w\" sizes=\"auto, (max-width: 1024px) 100vw, 1024px\" \/><\/a><\/figure><\/li><li class=\"blocks-gallery-item\"><figure><a href=\"https:\/\/www.team-outdoor.fr\/blog\/wp-content\/uploads\/2021\/09\/382.jpg\"><img loading=\"lazy\" decoding=\"async\" width=\"611\" height=\"399\" src=\"https:\/\/www.team-outdoor.fr\/blog\/wp-content\/uploads\/2021\/09\/382.jpg\" alt=\"\" data-id=\"15968\" data-link=\"https:\/\/www.team-outdoor.fr\/blog\/?attachment_id=15968\" class=\"wp-image-15968\" srcset=\"https:\/\/www.team-outdoor.fr\/blog\/wp-content\/uploads\/2021\/09\/382.jpg 611w, https:\/\/www.team-outdoor.fr\/blog\/wp-content\/uploads\/2021\/09\/382-300x196.jpg 300w\" sizes=\"auto, (max-width: 611px) 100vw, 611px\" \/><\/a><\/figure><\/li><li class=\"blocks-gallery-item\"><figure><a href=\"https:\/\/www.team-outdoor.fr\/blog\/wp-content\/uploads\/2021\/09\/388.jpg\"><img loading=\"lazy\" decoding=\"async\" width=\"960\" height=\"720\" src=\"https:\/\/www.team-outdoor.fr\/blog\/wp-content\/uploads\/2021\/09\/388.jpg\" alt=\"\" data-id=\"15969\" data-full-url=\"https:\/\/www.team-outdoor.fr\/blog\/wp-content\/uploads\/2021\/09\/388.jpg\" data-link=\"https:\/\/www.team-outdoor.fr\/blog\/?attachment_id=15969\" class=\"wp-image-15969\" srcset=\"https:\/\/www.team-outdoor.fr\/blog\/wp-content\/uploads\/2021\/09\/388.jpg 960w, https:\/\/www.team-outdoor.fr\/blog\/wp-content\/uploads\/2021\/09\/388-300x225.jpg 300w, https:\/\/www.team-outdoor.fr\/blog\/wp-content\/uploads\/2021\/09\/388-768x576.jpg 768w\" sizes=\"auto, (max-width: 960px) 100vw, 960px\" \/><\/a><\/figure><\/li><\/ul><\/figure>\n\n\n\n<h2 class=\"has-black-color has-text-color wp-block-heading\">Mes d\u00e9buts de course \u00e0 pied<\/h2>\n\n\n\n<p class=\"has-black-color has-text-color\" style=\"font-size:clamp(14px, 0.875rem + ((1vw - 3.2px) * 0.313), 18px);\">J&rsquo;ai commenc\u00e9 \u00e0 courir lors de ma premi\u00e8re ann\u00e9e d&rsquo;\u00e9tudes de kin\u00e9. Pendant une soir\u00e9e un peu arros\u00e9e, on a d\u00e9cid\u00e9 avec mon copain Bertrand, de faire le marathon de Paris. L&rsquo;entra\u00eenement \u00e0 commenc\u00e9 et la passion est n\u00e9e.<\/p>\n\n\n\n<div style=\"height:20px\" aria-hidden=\"true\" class=\"wp-block-spacer\"><\/div>\n\n\n\n<h2 class=\"has-black-color has-text-color wp-block-heading\">Mon premier dossard<\/h2>\n\n\n\n<p class=\"has-black-color has-text-color\" style=\"font-size:clamp(14px, 0.875rem + ((1vw - 3.2px) * 0.313), 18px);\">Le Marathon de Paris en 2013 donc! La course la plus dure de ma vie. Malaise au 35\u00e8me kilom\u00e8tre. Je finis \u00e0 moiti\u00e9 en marchant. J&rsquo;ai dit \u00ab\u00a0plus jamais\u00a0\u00bb&#8230; Il semble que j&rsquo;ai chang\u00e9 d&rsquo;avis &#x1f605;<\/p>\n\n\n\n<div style=\"height:20px\" aria-hidden=\"true\" class=\"wp-block-spacer\"><\/div>\n\n\n\n<h2 class=\"has-black-color has-text-color wp-block-heading\">Mon meilleur souvenir<\/h2>\n\n\n\n<p class=\"has-black-color has-text-color\" style=\"font-size:clamp(14px, 0.875rem + ((1vw - 3.2px) * 0.313), 18px);\"><br>Y&rsquo;en a eu tellement&#8230; Celui qui me vient \u00e0 l&rsquo;esprit est ma premi\u00e8re victoire sur le Pilatrail en 2018. Je remporte la course devant de tr\u00e8s bons coureurs. Toute ma famille est l\u00e0 \u00e0 l&rsquo;arriv\u00e9e, m\u00eame des amis sont venus. J&rsquo;ai grandi l\u00e0-bas c&rsquo;\u00e9tait trop plaisant de venir gagner &#x1f929; En plus cette course a \u00e9t\u00e9 un vrai d\u00e9clencheur pour moi, elle m&rsquo;a permis de prendre confiance.<\/p>\n\n\n\n<div style=\"height:20px\" aria-hidden=\"true\" class=\"wp-block-spacer\"><\/div>\n\n\n\n<h2 class=\"wp-block-heading\">Mon pire souvenir<\/h2>\n\n\n\n<p class=\"has-black-color has-text-color\" style=\"font-size:clamp(14px, 0.875rem + ((1vw - 3.2px) * 0.313), 18px);\"><br>Il n&rsquo;y en a jamais eu &#x1f605;, allez peut-\u00eatre un! Le Trail des Moulins \u00e0 Mondeville. Le d\u00e9part est donn\u00e9 \u00e0 13h. 50 km par 35 degr\u00e9s \u00e0 l&rsquo;ombre. Le probl\u00e8me, c&rsquo;est qu&rsquo;il n&rsquo;y avait pas d&rsquo;ombre &#x1f923;. Je fais une grosse d\u00e9shydratation .  Je finis la course dans la douleur, je suis \u00e0 l&rsquo;arr\u00eat. Beno\u00eet du Team me rattrape. Je ne peux pas suivre. A l&rsquo;arriv\u00e9e, je finirai par rester un bon moment \u00e0 l&rsquo;infirmerie, pour finir par remplir le seau que le m\u00e9decin m&rsquo;avait donn\u00e9 &#x1f92e;!<\/p>\n\n\n\n<div style=\"height:20px\" aria-hidden=\"true\" class=\"wp-block-spacer\"><\/div>\n\n\n\n<h2 class=\"has-black-color has-text-color wp-block-heading\">Ce qu&rsquo;est le #500Kchallenge pour moi<\/h2>\n\n\n\n<p class=\"has-black-color has-text-color\" style=\"font-size:clamp(14px, 0.875rem + ((1vw - 3.2px) * 0.313), 18px);\"><br>Tout simplement une de mes plus belles exp\u00e9riences de course \u00e0 venir, je pense. Ce d\u00e9fi r\u00e9unit toutes les valeurs que j&rsquo;affectionne : la solidarit\u00e9, le d\u00e9passement de soi, la coh\u00e9sion&#8230; Je trouve qu&rsquo;on ne pouvait pas trouver plus beau projet. Nous sommes une \u00e9quipe de trail parisienne. Quoi de plus logique que de faire le tour de l&rsquo;\u00eele de France avec toute la team. C&rsquo;est sur que ce challenge nous laissera des souvenirs m\u00e9morables et viendra renforcer le lien qui nous unis. Trop h\u00e2te&#8230;. &#x1f929;<\/p>\n\n\n\n<div style=\"height:20px\" aria-hidden=\"true\" class=\"wp-block-spacer\"><\/div>\n\n\n\n<h2 class=\"wp-block-heading\"><strong>Thomas<\/strong><\/h2>\n","protected":false},"excerpt":{"rendered":"<p>Thomas BALABAUD, 29 ans, Kin\u00e9sith\u00e9rapeute, 9 ans de course \u00e0 pied PALMAR\u00c8S 2018 : Pilatrail, 42km, 1er &#8211; Aravis Trail, 47km, 1er &#8211; Ultra trail Vercors, 85km, 1er 2019 : Saint\u00e9 Lyon 75km, 12 \u00e8me 2020 : Trail des Forts de Besan\u00e7on, 50km, 4\u00e8me &#8211; Trail des Rois Maudits, 50km, 2\u00e8me 2021 : UT4M 160 [&hellip;]<\/p>\n","protected":false},"author":1,"featured_media":15939,"comment_status":"open","ping_status":"open","sticky":false,"template":"","format":"standard","meta":{"ngg_post_thumbnail":0,"footnotes":""},"categories":[9],"tags":[],"class_list":["post-15963","post","type-post","status-publish","format-standard","has-post-thumbnail","hentry","category-le-team-athletes-top","has-post-title","has-post-date","has-post-category","has-post-tag","has-post-comment","has-post-author",""],"_links":{"self":[{"href":"https:\/\/www.team-outdoor.fr\/blog\/wp-json\/wp\/v2\/posts\/15963","targetHints":{"allow":["GET"]}}],"collection":[{"href":"https:\/\/www.team-outdoor.fr\/blog\/wp-json\/wp\/v2\/posts"}],"about":[{"href":"https:\/\/www.team-outdoor.fr\/blog\/wp-json\/wp\/v2\/types\/post"}],"author":[{"embeddable":true,"href":"https:\/\/www.team-outdoor.fr\/blog\/wp-json\/wp\/v2\/users\/1"}],"replies":[{"embeddable":true,"href":"https:\/\/www.team-outdoor.fr\/blog\/wp-json\/wp\/v2\/comments?post=15963"}],"version-history":[{"count":5,"href":"https:\/\/www.team-outdoor.fr\/blog\/wp-json\/wp\/v2\/posts\/15963\/revisions"}],"predecessor-version":[{"id":16044,"href":"https:\/\/www.team-outdoor.fr\/blog\/wp-json\/wp\/v2\/posts\/15963\/revisions\/16044"}],"wp:featuredmedia":[{"embeddable":true,"href":"https:\/\/www.team-outdoor.fr\/blog\/wp-json\/wp\/v2\/media\/15939"}],"wp:attachment":[{"href":"https:\/\/www.team-outdoor.fr\/blog\/wp-json\/wp\/v2\/media?parent=15963"}],"wp:term":[{"taxonomy":"category","embeddable":true,"href":"https:\/\/www.team-outdoor.fr\/blog\/wp-json\/wp\/v2\/categories?post=15963"},{"taxonomy":"post_tag","embeddable":true,"href":"https:\/\/www.team-outdoor.fr\/blog\/wp-json\/wp\/v2\/tags?post=15963"}],"curies":[{"name":"wp","href":"https:\/\/api.w.org\/{rel}","templated":true}]}}