{"id":16216,"date":"2022-03-25T11:16:53","date_gmt":"2022-03-25T10:16:53","guid":{"rendered":"https:\/\/www.team-outdoor.fr\/blog\/?p=16216"},"modified":"2022-03-25T11:16:53","modified_gmt":"2022-03-25T10:16:53","slug":"rendez-vous-avec-le-teamoutdoorpoli-le-03-04-2022-au-trail-du-josas-partage-de-lapero","status":"publish","type":"post","link":"https:\/\/www.team-outdoor.fr\/blog\/rendez-vous-avec-le-teamoutdoorpoli-le-03-04-2022-au-trail-du-josas-partage-de-lapero\/","title":{"rendered":"Rendez-vous avec le #TeamOutdoorPoli le 03\/04\/2022 au Trail du Josas &#8211; Partage de l&rsquo;ap\u00e9ro"},"content":{"rendered":"\n<div style=\"height:28px\" aria-hidden=\"true\" class=\"wp-block-spacer\"><\/div>\n\n\n\n<figure class=\"wp-block-gallery has-nested-images columns-default is-cropped wp-block-gallery-1 is-layout-flex wp-block-gallery-is-layout-flex\">\n<figure class=\"wp-block-image size-large\"><a href=\"https:\/\/www.team-outdoor.fr\/blog\/wp-content\/uploads\/2022\/03\/trail-du-josas.jpg\"><img loading=\"lazy\" decoding=\"async\" width=\"634\" height=\"635\" data-id=\"16217\" src=\"https:\/\/www.team-outdoor.fr\/blog\/wp-content\/uploads\/2022\/03\/trail-du-josas.jpg\" alt=\"\" class=\"wp-image-16217\" srcset=\"https:\/\/www.team-outdoor.fr\/blog\/wp-content\/uploads\/2022\/03\/trail-du-josas.jpg 634w, https:\/\/www.team-outdoor.fr\/blog\/wp-content\/uploads\/2022\/03\/trail-du-josas-300x300.jpg 300w, https:\/\/www.team-outdoor.fr\/blog\/wp-content\/uploads\/2022\/03\/trail-du-josas-150x150.jpg 150w\" sizes=\"auto, (max-width: 634px) 100vw, 634px\" \/><\/a><\/figure>\n\n\n\n<figure class=\"wp-block-image size-large\"><a href=\"https:\/\/www.team-outdoor.fr\/blog\/wp-content\/uploads\/2022\/03\/2022-03-10-08.15.33.jpg\"><img loading=\"lazy\" decoding=\"async\" width=\"1024\" height=\"683\" data-id=\"16220\" src=\"https:\/\/www.team-outdoor.fr\/blog\/wp-content\/uploads\/2022\/03\/2022-03-10-08.15.33-1024x683.jpg\" alt=\"\" class=\"wp-image-16220\" srcset=\"https:\/\/www.team-outdoor.fr\/blog\/wp-content\/uploads\/2022\/03\/2022-03-10-08.15.33-1024x683.jpg 1024w, https:\/\/www.team-outdoor.fr\/blog\/wp-content\/uploads\/2022\/03\/2022-03-10-08.15.33-300x200.jpg 300w, https:\/\/www.team-outdoor.fr\/blog\/wp-content\/uploads\/2022\/03\/2022-03-10-08.15.33-768x512.jpg 768w, https:\/\/www.team-outdoor.fr\/blog\/wp-content\/uploads\/2022\/03\/2022-03-10-08.15.33.jpg 1440w\" sizes=\"auto, (max-width: 1024px) 100vw, 1024px\" \/><\/a><\/figure>\n\n\n\n<figure class=\"wp-block-image size-large\"><a href=\"https:\/\/www.team-outdoor.fr\/blog\/wp-content\/uploads\/2022\/03\/2022-03-10-08.12.23.jpg\"><img loading=\"lazy\" decoding=\"async\" width=\"1024\" height=\"1024\" data-id=\"16219\" src=\"https:\/\/www.team-outdoor.fr\/blog\/wp-content\/uploads\/2022\/03\/2022-03-10-08.12.23-1024x1024.jpg\" alt=\"\" class=\"wp-image-16219\" srcset=\"https:\/\/www.team-outdoor.fr\/blog\/wp-content\/uploads\/2022\/03\/2022-03-10-08.12.23-1024x1024.jpg 1024w, https:\/\/www.team-outdoor.fr\/blog\/wp-content\/uploads\/2022\/03\/2022-03-10-08.12.23-300x300.jpg 300w, https:\/\/www.team-outdoor.fr\/blog\/wp-content\/uploads\/2022\/03\/2022-03-10-08.12.23-150x150.jpg 150w, https:\/\/www.team-outdoor.fr\/blog\/wp-content\/uploads\/2022\/03\/2022-03-10-08.12.23-768x768.jpg 768w, https:\/\/www.team-outdoor.fr\/blog\/wp-content\/uploads\/2022\/03\/2022-03-10-08.12.23-1536x1536.jpg 1536w, https:\/\/www.team-outdoor.fr\/blog\/wp-content\/uploads\/2022\/03\/2022-03-10-08.12.23.jpg 2048w\" sizes=\"auto, (max-width: 1024px) 100vw, 1024px\" \/><\/a><\/figure>\n\n\n\n<figure class=\"wp-block-image size-large\"><a href=\"https:\/\/www.team-outdoor.fr\/blog\/wp-content\/uploads\/2022\/03\/2022-03-10-08.15.20.jpg\"><img loading=\"lazy\" decoding=\"async\" width=\"1024\" height=\"768\" data-id=\"16221\" src=\"https:\/\/www.team-outdoor.fr\/blog\/wp-content\/uploads\/2022\/03\/2022-03-10-08.15.20-1024x768.jpg\" alt=\"\" class=\"wp-image-16221\" srcset=\"https:\/\/www.team-outdoor.fr\/blog\/wp-content\/uploads\/2022\/03\/2022-03-10-08.15.20-1024x768.jpg 1024w, https:\/\/www.team-outdoor.fr\/blog\/wp-content\/uploads\/2022\/03\/2022-03-10-08.15.20-300x225.jpg 300w, https:\/\/www.team-outdoor.fr\/blog\/wp-content\/uploads\/2022\/03\/2022-03-10-08.15.20-768x576.jpg 768w, https:\/\/www.team-outdoor.fr\/blog\/wp-content\/uploads\/2022\/03\/2022-03-10-08.15.20-1536x1152.jpg 1536w, https:\/\/www.team-outdoor.fr\/blog\/wp-content\/uploads\/2022\/03\/2022-03-10-08.15.20.jpg 2048w\" sizes=\"auto, (max-width: 1024px) 100vw, 1024px\" \/><\/a><\/figure>\n\n\n\n<figure class=\"wp-block-image size-large\"><a href=\"https:\/\/www.team-outdoor.fr\/blog\/wp-content\/uploads\/2022\/03\/2022-03-10-08.12.37.jpg\"><img loading=\"lazy\" decoding=\"async\" width=\"1024\" height=\"769\" data-id=\"16222\" src=\"https:\/\/www.team-outdoor.fr\/blog\/wp-content\/uploads\/2022\/03\/2022-03-10-08.12.37-1024x769.jpg\" alt=\"\" class=\"wp-image-16222\" srcset=\"https:\/\/www.team-outdoor.fr\/blog\/wp-content\/uploads\/2022\/03\/2022-03-10-08.12.37-1024x769.jpg 1024w, https:\/\/www.team-outdoor.fr\/blog\/wp-content\/uploads\/2022\/03\/2022-03-10-08.12.37-300x225.jpg 300w, https:\/\/www.team-outdoor.fr\/blog\/wp-content\/uploads\/2022\/03\/2022-03-10-08.12.37-768x576.jpg 768w, https:\/\/www.team-outdoor.fr\/blog\/wp-content\/uploads\/2022\/03\/2022-03-10-08.12.37-1536x1153.jpg 1536w, https:\/\/www.team-outdoor.fr\/blog\/wp-content\/uploads\/2022\/03\/2022-03-10-08.12.37.jpg 2048w\" sizes=\"auto, (max-width: 1024px) 100vw, 1024px\" \/><\/a><\/figure>\n\n\n\n<figure class=\"wp-block-image size-large\"><a href=\"https:\/\/www.team-outdoor.fr\/blog\/wp-content\/uploads\/2022\/03\/2022-03-06-09.34.00.jpg\"><img loading=\"lazy\" decoding=\"async\" width=\"1024\" height=\"683\" data-id=\"16223\" src=\"https:\/\/www.team-outdoor.fr\/blog\/wp-content\/uploads\/2022\/03\/2022-03-06-09.34.00-1024x683.jpg\" alt=\"\" class=\"wp-image-16223\" srcset=\"https:\/\/www.team-outdoor.fr\/blog\/wp-content\/uploads\/2022\/03\/2022-03-06-09.34.00-1024x683.jpg 1024w, https:\/\/www.team-outdoor.fr\/blog\/wp-content\/uploads\/2022\/03\/2022-03-06-09.34.00-300x200.jpg 300w, https:\/\/www.team-outdoor.fr\/blog\/wp-content\/uploads\/2022\/03\/2022-03-06-09.34.00-768x512.jpg 768w, https:\/\/www.team-outdoor.fr\/blog\/wp-content\/uploads\/2022\/03\/2022-03-06-09.34.00.jpg 1440w\" sizes=\"auto, (max-width: 1024px) 100vw, 1024px\" \/><\/a><\/figure>\n<\/figure>\n\n\n\n<div style=\"height:20px\" aria-hidden=\"true\" class=\"wp-block-spacer\"><\/div>\n\n\n\n<p class=\"has-black-color has-text-color\" style=\"font-size:clamp(14px, 0.875rem + ((1vw - 3.2px) * 0.313), 18px);\">Nous vous donnons rendez-vous le 3 avril pour une riche matin\u00e9e de partage au Trail <a href=\"https:\/\/www.facebook.com\/coursesduJosas\/?__cft__[0]=AZWPmg7vUWb5D6S0kg_VRQd_nXjlvWJ0ov4XEXoCFy7G2ZPDM54-cFXUnxunlaxpS9cosGrZWO_AeMkqlldxYcj9pgdcG9zbv17869h6OOZqxFzytCJAjSBMKyWuGcjTUt-01VzSmwtO_D_1qWaTKnnP8srzSvR9pHp6AFZakS9wK0s9BVH6UG716U-QMQ7cp3agg-ft4EystMXKq98IfAwRoJ7jmcyANMmkDBLscmForQ&amp;__tn__=kK-R\">Les courses du Josas<\/a>. 15, 27 &amp; 42 km le dimanche. Le 15km est aussi ouvert aux marcheuses et marcheurs nordiques. Avec le <a href=\"https:\/\/www.facebook.com\/hashtag\/teamoutdoorpoli?__eep__=6&amp;__cft__[0]=AZWPmg7vUWb5D6S0kg_VRQd_nXjlvWJ0ov4XEXoCFy7G2ZPDM54-cFXUnxunlaxpS9cosGrZWO_AeMkqlldxYcj9pgdcG9zbv17869h6OOZqxFzytCJAjSBMKyWuGcjTUt-01VzSmwtO_D_1qWaTKnnP8srzSvR9pHp6AFZakS9wK0s9BVH6UG716U-QMQ7cp3agg-ft4EystMXKq98IfAwRoJ7jmcyANMmkDBLscmForQ&amp;__tn__=*NK-R\">#TeamOutdoorPoli<\/a>, nous y serons. Thomas Balabaud, Nicolas Duhail , Benoit Gandelot Fr\u00e9d\u00e9ric Pradon, sur le 42K, Florian Montmeat, Antoine Davost, Elisa Ravet, Sylvain Deson, sur le 27K. Et sur le 15K, Bertrand Gence, Jonathan Duhail et Agn\u00e8s Duhail.<\/p>\n\n\n\n<p class=\"has-black-color has-text-color\" style=\"font-size:clamp(14px, 0.875rem + ((1vw - 3.2px) * 0.313), 18px);\">Au programme, 3 distances : un 42km, un 27K, un 15K \u00e9galement ouvert \u00e0 la marche nordique! Ne tardez pas \u00e0 vous inscrire : <a href=\"https:\/\/inscriptions.oxybol.fr\/inscription_evenement_coureur.php?id_evenement=168\" target=\"_blank\" rel=\"noreferrer noopener\">https:\/\/inscriptions.oxybol.fr\/inscription_evenement_coureur.php?id_evenement=168<\/a><\/p>\n\n\n\n<p class=\"has-black-color has-text-color\" style=\"font-size:clamp(14px, 0.875rem + ((1vw - 3.2px) * 0.313), 18px);\">Nous vous proposons de venir partager l&rsquo;ap\u00e9ritif avec nous avant la paella. Et si vous souhaitez vous inscrire sous le club TEAM OUTDOOR, un petit pack cadeau vous sera offert. Merci de nous pr\u00e9venir par mel dans ce cas contact@team-outdoor.fr <\/p>\n\n\n\n<p class=\"has-black-color has-text-color\" style=\"font-size:clamp(14.642px, 0.915rem + ((1vw - 3.2px) * 0.575), 22px);\"><strong>On a h\u00e2te d&rsquo;y \u00eatre et de partager cette belle matin\u00e9e avec vous !<\/strong><\/p>\n","protected":false},"excerpt":{"rendered":"<p>Nous vous donnons rendez-vous le 3 avril pour une riche matin\u00e9e de partage au Trail Les courses du Josas. 15, 27 &amp; 42 km le dimanche. Le 15km est aussi ouvert aux marcheuses et marcheurs nordiques. Avec le #TeamOutdoorPoli, nous y serons. Thomas Balabaud, Nicolas Duhail , Benoit Gandelot Fr\u00e9d\u00e9ric Pradon, sur le 42K, Florian [&hellip;]<\/p>\n","protected":false},"author":1,"featured_media":16217,"comment_status":"open","ping_status":"open","sticky":false,"template":"","format":"standard","meta":{"ngg_post_thumbnail":0,"footnotes":""},"categories":[55,8],"tags":[],"class_list":["post-16216","post","type-post","status-publish","format-standard","has-post-thumbnail","hentry","category-coin-conseils","category-les-veillees-du-bois","has-post-title","has-post-date","has-post-category","has-post-tag","has-post-comment","has-post-author",""],"_links":{"self":[{"href":"https:\/\/www.team-outdoor.fr\/blog\/wp-json\/wp\/v2\/posts\/16216","targetHints":{"allow":["GET"]}}],"collection":[{"href":"https:\/\/www.team-outdoor.fr\/blog\/wp-json\/wp\/v2\/posts"}],"about":[{"href":"https:\/\/www.team-outdoor.fr\/blog\/wp-json\/wp\/v2\/types\/post"}],"author":[{"embeddable":true,"href":"https:\/\/www.team-outdoor.fr\/blog\/wp-json\/wp\/v2\/users\/1"}],"replies":[{"embeddable":true,"href":"https:\/\/www.team-outdoor.fr\/blog\/wp-json\/wp\/v2\/comments?post=16216"}],"version-history":[{"count":3,"href":"https:\/\/www.team-outdoor.fr\/blog\/wp-json\/wp\/v2\/posts\/16216\/revisions"}],"predecessor-version":[{"id":16226,"href":"https:\/\/www.team-outdoor.fr\/blog\/wp-json\/wp\/v2\/posts\/16216\/revisions\/16226"}],"wp:featuredmedia":[{"embeddable":true,"href":"https:\/\/www.team-outdoor.fr\/blog\/wp-json\/wp\/v2\/media\/16217"}],"wp:attachment":[{"href":"https:\/\/www.team-outdoor.fr\/blog\/wp-json\/wp\/v2\/media?parent=16216"}],"wp:term":[{"taxonomy":"category","embeddable":true,"href":"https:\/\/www.team-outdoor.fr\/blog\/wp-json\/wp\/v2\/categories?post=16216"},{"taxonomy":"post_tag","embeddable":true,"href":"https:\/\/www.team-outdoor.fr\/blog\/wp-json\/wp\/v2\/tags?post=16216"}],"curies":[{"name":"wp","href":"https:\/\/api.w.org\/{rel}","templated":true}]}}