{"id":17522,"date":"2024-03-15T17:57:47","date_gmt":"2024-03-15T16:57:47","guid":{"rendered":"https:\/\/www.team-outdoor.fr\/blog\/?p=17522"},"modified":"2024-03-15T17:57:47","modified_gmt":"2024-03-15T16:57:47","slug":"veillee-du-bois-biathlon-testin-bv-sport-jeudi-21-mars-2024-a-19h15-chez-team-outdoor","status":"publish","type":"post","link":"https:\/\/www.team-outdoor.fr\/blog\/veillee-du-bois-biathlon-testin-bv-sport-jeudi-21-mars-2024-a-19h15-chez-team-outdoor\/","title":{"rendered":"Veill\u00e9e du Bois Biathlon \/ Testin BV SPORT jeudi 21 Mars 2024 \u00e0 19h15 chez TEAM OUTDOOR"},"content":{"rendered":"\n<div style=\"height:50px\" aria-hidden=\"true\" class=\"wp-block-spacer\"><\/div>\n\n\n\n<h2 class=\"wp-block-heading has-black-color has-text-color has-link-color wp-elements-58378b2662e2984263000d37763874a1\" style=\"font-size:clamp(14px, 0.875rem + ((1vw - 3.2px) * 0.313), 18px);\">Inscription \u2192 <a href=\"https:\/\/forms.gle\/C33uCQbokVCDzxPV8?fbclid=IwAR1Ysoqv3rDRswXv-vDtv8gcB97aHlI9ID-3DQx2wHjEu28KsuN5RSaR4QE\" rel=\"noreferrer noopener\" target=\"_blank\">https:\/\/forms.gle\/C33uCQbokVCDzxPV8<\/a><\/h2>\n\n\n\n<p class=\"has-black-color has-text-color has-link-color wp-elements-fe35cca77da8ec12d6c17e310befef77\" style=\"font-size:clamp(14px, 0.875rem + ((1vw - 3.2px) * 0.313), 18px);\"><strong>Jeudi 21 mars 2024 &#8211; 19h15<\/strong><\/p>\n\n\n\n<p class=\"has-black-color has-text-color has-link-color wp-elements-cbd79097225a173a966b407efe826689\" style=\"font-size:clamp(14px, 0.875rem + ((1vw - 3.2px) * 0.313), 18px);\"><a><\/a>Bonjour \u00e0 tous,<\/p>\n\n\n\n<p class=\"has-black-color has-text-color has-link-color wp-elements-91dc1502f1ae661374f72e8a5128ad42\" style=\"font-size:clamp(14px, 0.875rem + ((1vw - 3.2px) * 0.313), 18px);\">Nous vous convions \u00e0 notre Veill\u00e9e du Bois Biathlon en \u00e9quipe le jeudi 21 Mars \u00e0 19h15 chez TEAM OUTDOOR. Cette s\u00e9ance, mixant, course et renforcement musculaire sera anim\u00e9e par des athl\u00e8tes du Team Outdoor Poli. Ce sera l&rsquo;occasion \u00e9galement de tester les manchons de compression BV SPORT. Avec la pr\u00e9sence de notre repr\u00e9sentant BV SPORT.<\/p>\n\n\n\n<div style=\"height:15px\" aria-hidden=\"true\" class=\"wp-block-spacer\"><\/div>\n\n\n\n<figure class=\"wp-block-image size-large\"><a href=\"https:\/\/www.team-outdoor.fr\/blog\/wp-content\/uploads\/2024\/03\/annonce-veillee-biathlon.jpg\"><img loading=\"lazy\" decoding=\"async\" width=\"1024\" height=\"1024\" src=\"https:\/\/www.team-outdoor.fr\/blog\/wp-content\/uploads\/2024\/03\/annonce-veillee-biathlon-1024x1024.jpg\" alt=\"\" class=\"wp-image-17524\" srcset=\"https:\/\/www.team-outdoor.fr\/blog\/wp-content\/uploads\/2024\/03\/annonce-veillee-biathlon-1024x1024.jpg 1024w, https:\/\/www.team-outdoor.fr\/blog\/wp-content\/uploads\/2024\/03\/annonce-veillee-biathlon-300x300.jpg 300w, https:\/\/www.team-outdoor.fr\/blog\/wp-content\/uploads\/2024\/03\/annonce-veillee-biathlon-150x150.jpg 150w, https:\/\/www.team-outdoor.fr\/blog\/wp-content\/uploads\/2024\/03\/annonce-veillee-biathlon-768x768.jpg 768w, https:\/\/www.team-outdoor.fr\/blog\/wp-content\/uploads\/2024\/03\/annonce-veillee-biathlon.jpg 1430w\" sizes=\"auto, (max-width: 1024px) 100vw, 1024px\" \/><\/a><\/figure>\n\n\n\n<div style=\"height:50px\" aria-hidden=\"true\" class=\"wp-block-spacer\"><\/div>\n\n\n\n<p class=\"has-black-color has-text-color has-link-color wp-elements-4ec0b57660770ac5572e1c06fbf9fe6d\" style=\"font-size:clamp(14px, 0.875rem + ((1vw - 3.2px) * 0.313), 18px);\">Les athl\u00e8tes du Team Outdoor Poli seront l\u00e0 pour partager ce moment de sport puis pour \u00e9changer autour du buffet ap\u00e9ritif qui cl\u00f4turera la soir\u00e9e. On pourra d\u00e9brieffer nos Ecotrails et aborder la th\u00e9matique des derniers jours d&rsquo;entrainement avant le Marathon de Paris. .<\/p>\n\n\n\n<div style=\"height:15px\" aria-hidden=\"true\" class=\"wp-block-spacer\"><\/div>\n\n\n\n<figure class=\"wp-block-image size-large\"><a href=\"https:\/\/www.team-outdoor.fr\/blog\/wp-content\/uploads\/2024\/03\/IMG_5903.jpg\"><img loading=\"lazy\" decoding=\"async\" width=\"1024\" height=\"682\" src=\"https:\/\/www.team-outdoor.fr\/blog\/wp-content\/uploads\/2024\/03\/IMG_5903-1024x682.jpg\" alt=\"\" class=\"wp-image-17526\" srcset=\"https:\/\/www.team-outdoor.fr\/blog\/wp-content\/uploads\/2024\/03\/IMG_5903-1024x682.jpg 1024w, https:\/\/www.team-outdoor.fr\/blog\/wp-content\/uploads\/2024\/03\/IMG_5903-300x200.jpg 300w, https:\/\/www.team-outdoor.fr\/blog\/wp-content\/uploads\/2024\/03\/IMG_5903-768x512.jpg 768w, https:\/\/www.team-outdoor.fr\/blog\/wp-content\/uploads\/2024\/03\/IMG_5903-1536x1024.jpg 1536w, https:\/\/www.team-outdoor.fr\/blog\/wp-content\/uploads\/2024\/03\/IMG_5903.jpg 2000w\" sizes=\"auto, (max-width: 1024px) 100vw, 1024px\" \/><\/a><\/figure>\n\n\n\n<p class=\"has-black-color has-text-color has-link-color wp-elements-1b9b8941605dec24c5f495162c4519fd\" style=\"font-size:clamp(14px, 0.875rem + ((1vw - 3.2px) * 0.313), 18px);\">Cet \u00e9v\u00e8nement est gratuit mais avec inscription obligatoire afin d&rsquo;en faciliter l&rsquo;organisation \u2192 <a href=\"https:\/\/forms.gle\/nQKDUuYn8FFRN8iS7\" target=\"_blank\" rel=\"noreferrer noopener\">https:\/\/forms.gle\/nQKDUuYn8FFRN8iS7<\/a><\/p>\n\n\n\n<p class=\"has-black-color has-text-color has-link-color wp-elements-5040c7a74e4054825c006fba93837963\" style=\"font-size:clamp(14px, 0.875rem + ((1vw - 3.2px) * 0.313), 18px);\">Pensez \u00e0 prendre des chaussures de course, une lampe frontale. Vous pourrez laisser vos affaires au magasin le temps de la s\u00e9ance. A jeudi 21 mars 19h15 chez TEAM OUTDOOR, 2, Place Edouard RENARD 75012 Paris &#8211; Vincennes.<\/p>\n\n\n\n<div style=\"height:15px\" aria-hidden=\"true\" class=\"wp-block-spacer\"><\/div>\n\n\n\n<div class=\"wp-block-buttons is-layout-flex wp-block-buttons-is-layout-flex\">\n<div class=\"wp-block-button has-custom-width wp-block-button__width-100 has-custom-font-size\" style=\"font-size:clamp(14px, 0.875rem + ((1vw - 3.2px) * 0.313), 18px);\"><a class=\"wp-block-button__link has-white-color has-black-background-color has-text-color has-background has-link-color wp-element-button\" href=\"https:\/\/forms.gle\/nQKDUuYn8FFRN8iS7\" target=\"_blank\" rel=\"noreferrer noopener\"><strong>Inscriptions<\/strong><\/a><\/div>\n<\/div>\n\n\n\n<figure class=\"wp-block-pullquote has-black-color has-text-color has-link-color wp-elements-b0bca3e7eee2f6737c285b8be62020ca\" style=\"font-size:clamp(14px, 0.875rem + ((1vw - 3.2px) * 0.313), 18px);\"><blockquote><p>TEAM OUTDOOR<br>2, Place \u00c9douard RENARD 75012 Paris &#8211; Bois de Vincennes<br>contact@team-outdoor.fr<br>01.43.40.62.39<\/p><\/blockquote><\/figure>\n\n\n\n<p class=\"has-black-color has-text-color has-link-color wp-elements-8dbf429abc452a09da5104de0ddc905e\" style=\"font-size:clamp(14px, 0.875rem + ((1vw - 3.2px) * 0.313), 18px);\"><a href=\"https:\/\/l.facebook.com\/l.php?u=http%3A%2F%2Fwww.team-outdoor.fr%2F%3Ffbclid%3DIwAR1EQLDXDLIfTNolcsVJLsYcBqcn0_Y9TMPjByWKUr2KSY91MUF24oR6fRQ&amp;h=AT01XmdGuq_rm8krMqeD_uNF-S_hI6KLEFRiBm-nYglan1KQscgxQKZsGeLlo1qMwyxqg7Yukm7CqLvqI5GJXkAVvEnNKAu3ts1D7D4AUq4rdtmxlaPFHpgam2qglaYV2cnL5Z-eboebu5ihug&amp;__tn__=-UK-R&amp;c[0]=AT0M8LmvX-GlQAmk1XEEKgxw96u_ObceGpOEQ-UprZ7SVwl6Qw-vl8UEh3IvU6srDZIj_9OcC-lkjUkB0BEPf0SoG7WbqrrNVT3u7_3YBbLpZDvPssTcpzk_zDgzUf0C4jLKOIyvkzfoI8pbK7NLNKMHYj1bIqqyJbk7eRsNQQzzu0gZf-Y36705xJvvPh6x-w7CosODtV0I\" rel=\"noreferrer noopener\" target=\"_blank\">www.team-outdoor.fr<\/a><\/p>\n","protected":false},"excerpt":{"rendered":"<p>Inscription \u2192 https:\/\/forms.gle\/C33uCQbokVCDzxPV8 Jeudi 21 mars 2024 &#8211; 19h15 Bonjour \u00e0 tous, Nous vous convions \u00e0 notre Veill\u00e9e du Bois Biathlon en \u00e9quipe le jeudi 21 Mars \u00e0 19h15 chez TEAM OUTDOOR. Cette s\u00e9ance, mixant, course et renforcement musculaire sera anim\u00e9e par des athl\u00e8tes du Team Outdoor Poli. Ce sera l&rsquo;occasion \u00e9galement de tester les [&hellip;]<\/p>\n","protected":false},"author":1,"featured_media":17524,"comment_status":"open","ping_status":"open","sticky":false,"template":"","format":"standard","meta":{"ngg_post_thumbnail":0,"footnotes":""},"categories":[8],"tags":[],"class_list":["post-17522","post","type-post","status-publish","format-standard","has-post-thumbnail","hentry","category-les-veillees-du-bois","has-post-title","has-post-date","has-post-category","has-post-tag","has-post-comment","has-post-author",""],"_links":{"self":[{"href":"https:\/\/www.team-outdoor.fr\/blog\/wp-json\/wp\/v2\/posts\/17522","targetHints":{"allow":["GET"]}}],"collection":[{"href":"https:\/\/www.team-outdoor.fr\/blog\/wp-json\/wp\/v2\/posts"}],"about":[{"href":"https:\/\/www.team-outdoor.fr\/blog\/wp-json\/wp\/v2\/types\/post"}],"author":[{"embeddable":true,"href":"https:\/\/www.team-outdoor.fr\/blog\/wp-json\/wp\/v2\/users\/1"}],"replies":[{"embeddable":true,"href":"https:\/\/www.team-outdoor.fr\/blog\/wp-json\/wp\/v2\/comments?post=17522"}],"version-history":[{"count":3,"href":"https:\/\/www.team-outdoor.fr\/blog\/wp-json\/wp\/v2\/posts\/17522\/revisions"}],"predecessor-version":[{"id":17527,"href":"https:\/\/www.team-outdoor.fr\/blog\/wp-json\/wp\/v2\/posts\/17522\/revisions\/17527"}],"wp:featuredmedia":[{"embeddable":true,"href":"https:\/\/www.team-outdoor.fr\/blog\/wp-json\/wp\/v2\/media\/17524"}],"wp:attachment":[{"href":"https:\/\/www.team-outdoor.fr\/blog\/wp-json\/wp\/v2\/media?parent=17522"}],"wp:term":[{"taxonomy":"category","embeddable":true,"href":"https:\/\/www.team-outdoor.fr\/blog\/wp-json\/wp\/v2\/categories?post=17522"},{"taxonomy":"post_tag","embeddable":true,"href":"https:\/\/www.team-outdoor.fr\/blog\/wp-json\/wp\/v2\/tags?post=17522"}],"curies":[{"name":"wp","href":"https:\/\/api.w.org\/{rel}","templated":true}]}}