{"id":17695,"date":"2024-11-25T08:12:11","date_gmt":"2024-11-25T07:12:11","guid":{"rendered":"https:\/\/www.team-outdoor.fr\/blog\/?p=17695"},"modified":"2025-01-08T08:20:41","modified_gmt":"2025-01-08T07:20:41","slug":"marathon-de-la-rochelle-2024-jan-gutermann-team-outdoorpoli-premier-francais-rp-2-24-35","status":"publish","type":"post","link":"https:\/\/www.team-outdoor.fr\/blog\/marathon-de-la-rochelle-2024-jan-gutermann-team-outdoorpoli-premier-francais-rp-2-24-35\/","title":{"rendered":"Marathon de la Rochelle 2024 Jan GUTERMANN, TEAM OUTDOORPOLI, premier fran\u00e7ais, RP  2.24.35"},"content":{"rendered":"\n<div style=\"height:25px\" aria-hidden=\"true\" class=\"wp-block-spacer\"><\/div>\n\n\n\n<figure class=\"wp-block-gallery has-nested-images columns-default is-cropped wp-block-gallery-1 is-layout-flex wp-block-gallery-is-layout-flex\">\n<figure class=\"wp-block-image size-large\"><a href=\"https:\/\/www.team-outdoor.fr\/blog\/wp-content\/uploads\/2025\/01\/468552754_18335086204145224_6619496539186329160_n-1.jpg\"><img loading=\"lazy\" decoding=\"async\" width=\"896\" height=\"1024\" data-id=\"17699\" src=\"https:\/\/www.team-outdoor.fr\/blog\/wp-content\/uploads\/2025\/01\/468552754_18335086204145224_6619496539186329160_n-1-896x1024.jpg\" alt=\"\" class=\"wp-image-17699\" srcset=\"https:\/\/www.team-outdoor.fr\/blog\/wp-content\/uploads\/2025\/01\/468552754_18335086204145224_6619496539186329160_n-1-896x1024.jpg 896w, https:\/\/www.team-outdoor.fr\/blog\/wp-content\/uploads\/2025\/01\/468552754_18335086204145224_6619496539186329160_n-1-263x300.jpg 263w, https:\/\/www.team-outdoor.fr\/blog\/wp-content\/uploads\/2025\/01\/468552754_18335086204145224_6619496539186329160_n-1-768x877.jpg 768w, https:\/\/www.team-outdoor.fr\/blog\/wp-content\/uploads\/2025\/01\/468552754_18335086204145224_6619496539186329160_n-1-1345x1536.jpg 1345w, https:\/\/www.team-outdoor.fr\/blog\/wp-content\/uploads\/2025\/01\/468552754_18335086204145224_6619496539186329160_n-1.jpg 1440w\" sizes=\"auto, (max-width: 896px) 100vw, 896px\" \/><\/a><\/figure>\n\n\n\n<figure class=\"wp-block-image size-large\"><a href=\"https:\/\/www.team-outdoor.fr\/blog\/wp-content\/uploads\/2025\/01\/468561833_18335086195145224_6489950933394280093_n-1.jpg\"><img loading=\"lazy\" decoding=\"async\" width=\"896\" height=\"1024\" data-id=\"17700\" src=\"https:\/\/www.team-outdoor.fr\/blog\/wp-content\/uploads\/2025\/01\/468561833_18335086195145224_6489950933394280093_n-1-896x1024.jpg\" alt=\"\" class=\"wp-image-17700\" srcset=\"https:\/\/www.team-outdoor.fr\/blog\/wp-content\/uploads\/2025\/01\/468561833_18335086195145224_6489950933394280093_n-1-896x1024.jpg 896w, https:\/\/www.team-outdoor.fr\/blog\/wp-content\/uploads\/2025\/01\/468561833_18335086195145224_6489950933394280093_n-1-263x300.jpg 263w, https:\/\/www.team-outdoor.fr\/blog\/wp-content\/uploads\/2025\/01\/468561833_18335086195145224_6489950933394280093_n-1-768x878.jpg 768w, https:\/\/www.team-outdoor.fr\/blog\/wp-content\/uploads\/2025\/01\/468561833_18335086195145224_6489950933394280093_n-1.jpg 946w\" sizes=\"auto, (max-width: 896px) 100vw, 896px\" \/><\/a><\/figure>\n\n\n\n<figure class=\"wp-block-image size-large\"><a href=\"https:\/\/www.team-outdoor.fr\/blog\/wp-content\/uploads\/2025\/01\/468144650_18335086186145224_3994162088788033378_n-1.jpg\"><img loading=\"lazy\" decoding=\"async\" width=\"892\" height=\"1024\" data-id=\"17701\" src=\"https:\/\/www.team-outdoor.fr\/blog\/wp-content\/uploads\/2025\/01\/468144650_18335086186145224_3994162088788033378_n-1-892x1024.jpg\" alt=\"\" class=\"wp-image-17701\" srcset=\"https:\/\/www.team-outdoor.fr\/blog\/wp-content\/uploads\/2025\/01\/468144650_18335086186145224_3994162088788033378_n-1-892x1024.jpg 892w, https:\/\/www.team-outdoor.fr\/blog\/wp-content\/uploads\/2025\/01\/468144650_18335086186145224_3994162088788033378_n-1-261x300.jpg 261w, https:\/\/www.team-outdoor.fr\/blog\/wp-content\/uploads\/2025\/01\/468144650_18335086186145224_3994162088788033378_n-1-768x882.jpg 768w, https:\/\/www.team-outdoor.fr\/blog\/wp-content\/uploads\/2025\/01\/468144650_18335086186145224_3994162088788033378_n-1.jpg 1065w\" sizes=\"auto, (max-width: 892px) 100vw, 892px\" \/><\/a><\/figure>\n<\/figure>\n\n\n\n<div style=\"height:25px\" aria-hidden=\"true\" class=\"wp-block-spacer\"><\/div>\n\n\n\n<p class=\"has-black-color has-text-color has-link-color has-medium-font-size wp-elements-271440a92182f71b09689964edcacfaa\">Samedi soir, veille de course. Sans trop savoir comment ni pourquoi, je me retrouve \u00e0 la c\u00e9r\u00e9monie de pr\u00e9sentation des \u00e9lites. Dans l\u2019assembl\u00e9e : une dizaine de k\u00e9nyans\/\u00e9thiopiens partant sur des bases de 2h10. \u00c0 c\u00f4t\u00e9 de \u00e7a, 5 petits fran\u00e7ais (dont moi !) plut\u00f4t autour des 2h25. Je ne peux m\u2019emp\u00eacher de rigoler quand je monte sur la sc\u00e8ne \u00e0 c\u00f4t\u00e9 de tous ces gars l\u00e0 ! C\u2019est \u00e0 moiti\u00e9 la classe, \u00e0 moiti\u00e9 g\u00eanant <a><\/a>d\u2019\u00eatre pr\u00e9sent\u00e9 comme \u00e9lite quand il y\u2019a des gars comme \u00e7a \u00e0 c\u00f4t\u00e9, d\u2019un tel niveau.<\/p>\n\n\n\n<p class=\"has-black-color has-text-color has-link-color has-medium-font-size wp-elements-7add7082657fed9a57d9b644c9ffd1aa\">Enfin bref, ce moment est l\u2019occasion pour moi de discuter avec les autres gars du plan pour demain : au vu du vent atroce annonc\u00e9, il serait bon de rester prudent et plut\u00f4t partir avec le groupe des Kenyanes visant 2h26 de leur c\u00f4t\u00e9. Elles auront d\u2019ailleurs un li\u00e8vre de luxe cens\u00e9 les amener sur ces allures. Bon un passage en 1h13 au semi \u00e7a me frustre un peu car je pense pouvoir faire mieux que 2h26 au final mais \u00e7a me semble plus raisonnable.<\/p>\n\n\n\n<p class=\"has-black-color has-text-color has-link-color has-medium-font-size wp-elements-2c9782dbefe453dd808c5d5518fef8c6\">Dimanche, d\u00e9part. Je me retrouve directement dans le groupe comme pr\u00e9vu : nous sommes une vingtaine pendant un bon moment, tous embarqu\u00e9s dans la roue d\u2019un Flo Caro en footing qui nous abrite parfaitement de ce vent absolument d\u00e9moniaque qui souffle plein sud. Je m\u2019aper\u00e7ois au fur et \u00e0 mesure que le groupe se r\u00e9duit et surtout que nous allons l\u00e9g\u00e8rement plus vite qu\u2019un passage 1h13 au semi : \u00e7a m\u2019arrange parfaitement !<\/p>\n\n\n\n<p class=\"has-black-color has-text-color has-link-color has-medium-font-size wp-elements-6bd7723674f108706b4fce914019803d\">Km20. Nous ne sommes plus que 4-5 dans le groupe. Peu avant le passage du semi (s\u2019annoncant sous les 1h12 !) , je me retrouve avec un autre des gars juste devant notre li\u00e8vre.<\/p>\n\n\n\n<p class=\"has-black-color has-text-color has-link-color has-medium-font-size wp-elements-99d62deda77dcdc8701aacf0ec00f103\">Dois-je ralentir pour bien rester au chaud ? Ou continuer sur ma lanc\u00e9e car pour l\u2019instant tout va bien ? Apr\u00e8s discussion rapide avec mon acolyte du moment, je d\u00e9cide finalement de prendre la deuxi\u00e8me option, et filer&#8230;compl\u00e8tement seul ! Apr\u00e8s tout je reste un traileur, l\u2019effort en solitaire \u00e7a me conna\u00eet <img loading=\"lazy\" decoding=\"async\" height=\"16\" width=\"16\" alt=\"&#x1f607;\" src=\"https:\/\/static.xx.fbcdn.net\/images\/emoji.php\/v9\/t93\/3\/16\/1f607.png\"><\/p>\n\n\n\n<p class=\"has-black-color has-text-color has-link-color has-medium-font-size wp-elements-df21d5944e90c3d72ddb8c8eddefc472\">Je prends donc rapidement mes distances avec les autres, et d\u00e9cide de ne plus me retourner et juste avancer aussi vite et loin que possible. Rapidement, je vois que la bataille contre le vent va devenir une magnifique danse en enfer : on \u00e9tait quand m\u00eame bien au chaud avant !<\/p>\n\n\n\n<p class=\"has-black-color has-text-color has-link-color has-medium-font-size wp-elements-ebf71d25a259a329ac879cad5c87d268\">! Les kilom\u00e8tres s&rsquo;encha\u00eenent plus ou moins vite selon l&rsquo;orientation vent de face ou non, et finalement j&rsquo;atteins une zone critique aux alentours du km35 ou tout devient compliqu\u00e9. Par chance, je suis port\u00e9 par un public de feu, \u00e0 fond derri\u00e8re&#8230;le premier fran\u00e7ais. Bon il y&rsquo;a toujours 8 Kenyans devant mais c&rsquo;est comme \u00e7a, on ne joue pas dans la m\u00eame cat\u00e9gorie !<\/p>\n\n\n\n<p class=\"has-black-color has-text-color has-link-color has-medium-font-size wp-elements-d7d738511909deac5519eae8e41f3dce\">Pouss\u00e9 jusqu&rsquo;au bout, je parviens dans la douleur \u00e0 franchir cette ligne d&rsquo;arriv\u00e9e en 9eme position, 1er fran\u00e7ais : quel soulagement ! Chrono : 2h24 et quelque. Au final, c&rsquo;est \u00e0 peu pr\u00e8s ce que je visais, mais je sais que dans d&rsquo;autres conditions \u00e7a aurait \u00e9t\u00e9 encore mieux ! De quoi me motiver \u00e0 repartir m&rsquo;entra\u00eener d\u00e8s que possible, car le travail \u00e7a paie bordel <img loading=\"lazy\" decoding=\"async\" height=\"16\" width=\"16\" alt=\"&#x1f62c;\" src=\"https:\/\/static.xx.fbcdn.net\/images\/emoji.php\/v9\/tfd\/3\/16\/1f62c.png\"><\/p>\n\n\n\n<p class=\"has-black-color has-text-color has-link-color has-medium-font-size wp-elements-d381a5bb4d1843d3e802342293d62140\">Alors \u00e0 nouveau je profite de ce post pour remercier ceux qui me soutiennent au quotidien : famille, amis, co\u00e9quipiers, public&#8230; C&rsquo;est si pr\u00e9cieux notamment dans les moments les plus durs ! <img loading=\"lazy\" decoding=\"async\" height=\"16\" width=\"16\" alt=\"&#x1f975;\" src=\"https:\/\/static.xx.fbcdn.net\/images\/emoji.php\/v9\/tad\/3\/16\/1f975.png\"><\/p>\n\n\n\n<p class=\"has-black-color has-text-color has-link-color has-medium-font-size wp-elements-be8823b4af140c8b6cf9b11fe221952e\"><strong>Retour tr\u00e8s prochainement de la pr\u00e9pa trail pour arriver au sommet de mes capacit\u00e9s au MIUT fin avril 2025 <img loading=\"lazy\" decoding=\"async\" height=\"16\" width=\"16\" src=\"https:\/\/static.xx.fbcdn.net\/images\/emoji.php\/v9\/t63\/3\/16\/270c.png\" alt=\"&#x270c;&#xfe0f;\"><\/strong><\/p>\n\n\n\n<p class=\"has-black-color has-text-color has-link-color has-medium-font-size wp-elements-4387bf33904ebac4eb298d4da117d4ab\">Jan<\/p>\n\n\n\n<p><img loading=\"lazy\" decoding=\"async\" height=\"16\" width=\"16\" alt=\"&#x1f4f8;\" src=\"https:\/\/static.xx.fbcdn.net\/images\/emoji.php\/v9\/t1c\/3\/16\/1f4f8.png\"><a href=\"https:\/\/www.facebook.com\/stadion.actu?__cft__[0]=AZWq2gwp3kQBZeLlkrUjbatfbVWPNpt71CCqJPWiZ4D5khFkuHPmqnN-5sIxHih1XMCfrUA3h6eSH-MQkl5Bn2dg9JkxtMyKIJGylnadgf6DC21u7adBLXLfFK18PSN7bHZNjMGcp90CWrH2QYmYSNuts3__dRRu1s3r6kOVNDVPgA&amp;__tn__=-]K-R\">Stadion<\/a> \/ justin Sellier <img loading=\"lazy\" decoding=\"async\" height=\"16\" width=\"16\" alt=\"&#x1f64f;\" src=\"https:\/\/static.xx.fbcdn.net\/images\/emoji.php\/v9\/tbe\/3\/16\/1f64f.png\"><\/p>\n\n\n\n<p><a href=\"https:\/\/www.facebook.com\/teamoutdoor?__cft__[0]=AZWq2gwp3kQBZeLlkrUjbatfbVWPNpt71CCqJPWiZ4D5khFkuHPmqnN-5sIxHih1XMCfrUA3h6eSH-MQkl5Bn2dg9JkxtMyKIJGylnadgf6DC21u7adBLXLfFK18PSN7bHZNjMGcp90CWrH2QYmYSNuts3__dRRu1s3r6kOVNDVPgA&amp;__tn__=-]K-R\">TEAM OUTDOOR<\/a><a href=\"https:\/\/www.facebook.com\/POLI.FR?__cft__[0]=AZWq2gwp3kQBZeLlkrUjbatfbVWPNpt71CCqJPWiZ4D5khFkuHPmqnN-5sIxHih1XMCfrUA3h6eSH-MQkl5Bn2dg9JkxtMyKIJGylnadgf6DC21u7adBLXLfFK18PSN7bHZNjMGcp90CWrH2QYmYSNuts3__dRRu1s3r6kOVNDVPgA&amp;__tn__=-]K-R\"> <\/a><a href=\"https:\/\/www.facebook.com\/POLI.FR?__cft__[0]=AZWq2gwp3kQBZeLlkrUjbatfbVWPNpt71CCqJPWiZ4D5khFkuHPmqnN-5sIxHih1XMCfrUA3h6eSH-MQkl5Bn2dg9JkxtMyKIJGylnadgf6DC21u7adBLXLfFK18PSN7bHZNjMGcp90CWrH2QYmYSNuts3__dRRu1s3r6kOVNDVPgA&amp;__tn__=-]K-R\">POLI<\/a><a href=\"https:\/\/www.facebook.com\/BVSPORTFRANCE?__cft__[0]=AZWq2gwp3kQBZeLlkrUjbatfbVWPNpt71CCqJPWiZ4D5khFkuHPmqnN-5sIxHih1XMCfrUA3h6eSH-MQkl5Bn2dg9JkxtMyKIJGylnadgf6DC21u7adBLXLfFK18PSN7bHZNjMGcp90CWrH2QYmYSNuts3__dRRu1s3r6kOVNDVPgA&amp;__tn__=-]K-R\"> <\/a><a href=\"https:\/\/www.facebook.com\/BVSPORTFRANCE?__cft__[0]=AZWq2gwp3kQBZeLlkrUjbatfbVWPNpt71CCqJPWiZ4D5khFkuHPmqnN-5sIxHih1XMCfrUA3h6eSH-MQkl5Bn2dg9JkxtMyKIJGylnadgf6DC21u7adBLXLfFK18PSN7bHZNjMGcp90CWrH2QYmYSNuts3__dRRu1s3r6kOVNDVPgA&amp;__tn__=-]K-R\">BV Sport France<\/a><a href=\"https:\/\/www.facebook.com\/meltonicnutritionsportive?__cft__[0]=AZWq2gwp3kQBZeLlkrUjbatfbVWPNpt71CCqJPWiZ4D5khFkuHPmqnN-5sIxHih1XMCfrUA3h6eSH-MQkl5Bn2dg9JkxtMyKIJGylnadgf6DC21u7adBLXLfFK18PSN7bHZNjMGcp90CWrH2QYmYSNuts3__dRRu1s3r6kOVNDVPgA&amp;__tn__=-]K-R\"> <\/a><a href=\"https:\/\/www.facebook.com\/meltonicnutritionsportive?__cft__[0]=AZWq2gwp3kQBZeLlkrUjbatfbVWPNpt71CCqJPWiZ4D5khFkuHPmqnN-5sIxHih1XMCfrUA3h6eSH-MQkl5Bn2dg9JkxtMyKIJGylnadgf6DC21u7adBLXLfFK18PSN7bHZNjMGcp90CWrH2QYmYSNuts3__dRRu1s3r6kOVNDVPgA&amp;__tn__=-]K-R\">MELTONIC<\/a><a href=\"https:\/\/www.facebook.com\/elematfrance?__cft__[0]=AZWq2gwp3kQBZeLlkrUjbatfbVWPNpt71CCqJPWiZ4D5khFkuHPmqnN-5sIxHih1XMCfrUA3h6eSH-MQkl5Bn2dg9JkxtMyKIJGylnadgf6DC21u7adBLXLfFK18PSN7bHZNjMGcp90CWrH2QYmYSNuts3__dRRu1s3r6kOVNDVPgA&amp;__tn__=-]K-R\"> <\/a><a href=\"https:\/\/www.facebook.com\/elematfrance?__cft__[0]=AZWq2gwp3kQBZeLlkrUjbatfbVWPNpt71CCqJPWiZ4D5khFkuHPmqnN-5sIxHih1XMCfrUA3h6eSH-MQkl5Bn2dg9JkxtMyKIJGylnadgf6DC21u7adBLXLfFK18PSN7bHZNjMGcp90CWrH2QYmYSNuts3__dRRu1s3r6kOVNDVPgA&amp;__tn__=-]K-R\">Elemat<\/a><a href=\"https:\/\/www.facebook.com\/performanceetcoaching?__cft__[0]=AZWq2gwp3kQBZeLlkrUjbatfbVWPNpt71CCqJPWiZ4D5khFkuHPmqnN-5sIxHih1XMCfrUA3h6eSH-MQkl5Bn2dg9JkxtMyKIJGylnadgf6DC21u7adBLXLfFK18PSN7bHZNjMGcp90CWrH2QYmYSNuts3__dRRu1s3r6kOVNDVPgA&amp;__tn__=-]K-R\"> <\/a><a href=\"https:\/\/www.facebook.com\/performanceetcoaching?__cft__[0]=AZWq2gwp3kQBZeLlkrUjbatfbVWPNpt71CCqJPWiZ4D5khFkuHPmqnN-5sIxHih1XMCfrUA3h6eSH-MQkl5Bn2dg9JkxtMyKIJGylnadgf6DC21u7adBLXLfFK18PSN7bHZNjMGcp90CWrH2QYmYSNuts3__dRRu1s3r6kOVNDVPgA&amp;__tn__=-]K-R\">Performance et Coaching<\/a><\/p>\n","protected":false},"excerpt":{"rendered":"<p>Samedi soir, veille de course. Sans trop savoir comment ni pourquoi, je me retrouve \u00e0 la c\u00e9r\u00e9monie de pr\u00e9sentation des \u00e9lites. Dans l\u2019assembl\u00e9e : une dizaine de k\u00e9nyans\/\u00e9thiopiens partant sur des bases de 2h10. \u00c0 c\u00f4t\u00e9 de \u00e7a, 5 petits fran\u00e7ais (dont moi !) plut\u00f4t autour des 2h25. Je ne peux m\u2019emp\u00eacher de rigoler quand [&hellip;]<\/p>\n","protected":false},"author":1,"featured_media":17704,"comment_status":"open","ping_status":"open","sticky":false,"template":"","format":"standard","meta":{"ngg_post_thumbnail":0,"footnotes":""},"categories":[9],"tags":[],"class_list":["post-17695","post","type-post","status-publish","format-standard","has-post-thumbnail","hentry","category-le-team-athletes-top","has-post-title","has-post-date","has-post-category","has-post-tag","has-post-comment","has-post-author",""],"_links":{"self":[{"href":"https:\/\/www.team-outdoor.fr\/blog\/wp-json\/wp\/v2\/posts\/17695","targetHints":{"allow":["GET"]}}],"collection":[{"href":"https:\/\/www.team-outdoor.fr\/blog\/wp-json\/wp\/v2\/posts"}],"about":[{"href":"https:\/\/www.team-outdoor.fr\/blog\/wp-json\/wp\/v2\/types\/post"}],"author":[{"embeddable":true,"href":"https:\/\/www.team-outdoor.fr\/blog\/wp-json\/wp\/v2\/users\/1"}],"replies":[{"embeddable":true,"href":"https:\/\/www.team-outdoor.fr\/blog\/wp-json\/wp\/v2\/comments?post=17695"}],"version-history":[{"count":2,"href":"https:\/\/www.team-outdoor.fr\/blog\/wp-json\/wp\/v2\/posts\/17695\/revisions"}],"predecessor-version":[{"id":17703,"href":"https:\/\/www.team-outdoor.fr\/blog\/wp-json\/wp\/v2\/posts\/17695\/revisions\/17703"}],"wp:featuredmedia":[{"embeddable":true,"href":"https:\/\/www.team-outdoor.fr\/blog\/wp-json\/wp\/v2\/media\/17704"}],"wp:attachment":[{"href":"https:\/\/www.team-outdoor.fr\/blog\/wp-json\/wp\/v2\/media?parent=17695"}],"wp:term":[{"taxonomy":"category","embeddable":true,"href":"https:\/\/www.team-outdoor.fr\/blog\/wp-json\/wp\/v2\/categories?post=17695"},{"taxonomy":"post_tag","embeddable":true,"href":"https:\/\/www.team-outdoor.fr\/blog\/wp-json\/wp\/v2\/tags?post=17695"}],"curies":[{"name":"wp","href":"https:\/\/api.w.org\/{rel}","templated":true}]}}