{"id":17973,"date":"2025-11-01T10:37:42","date_gmt":"2025-11-01T09:37:42","guid":{"rendered":"https:\/\/www.team-outdoor.fr\/blog\/?p=17973"},"modified":"2025-11-01T10:37:43","modified_gmt":"2025-11-01T09:37:43","slug":"nouvelles-casquettes-ciele-chez-to","status":"publish","type":"post","link":"https:\/\/www.team-outdoor.fr\/blog\/nouvelles-casquettes-ciele-chez-to\/","title":{"rendered":"Nouvelles casquettes CIELE chez TO"},"content":{"rendered":"\n<div style=\"height:25px\" aria-hidden=\"true\" class=\"wp-block-spacer\"><\/div>\n\n\n\n<p class=\"has-black-color has-text-color has-link-color wp-elements-f2ffcf3d31c106d5eeb96d73a04e54fd\" style=\"font-size:clamp(14px, 0.875rem + ((1vw - 3.2px) * 0.156), 16px);\">Alerte NOUVEAUT\u00c9S Casquettes <a href=\"https:\/\/www.facebook.com\/hashtag\/ciele?__eep__=6&amp;__cft__[0]=AZUVM-Ineqj3-GR_hqz_SeTSQUB0E-eNJT_cDpZEkIp4lvrs3uSvh5v6I0Ki3Z_oT7jSHZoo3am3blbL5G5iKstNvwdNdZJCiuL0SurLn8ye3bsJ83Al55WRdmeAFfhwPsc4XapU4okGbM0Qz_9R6-FUPBoRjhGUEQrTfanxX6F3FMqM9RUqpZdMvkplWa_aknw&amp;__tn__=*NK-R\">#ciele<\/a> chez TO. Casquettes trait\u00e9es anti-UV, con\u00e7ues \u00e0 base de bouteilles plastiques recycl\u00e9es, marquage r\u00e9tro-r\u00e9fl\u00e9chissant avant et arri\u00e8re. Et lavables en machine!<\/p>\n\n\n\n<p class=\"has-black-color has-text-color has-link-color wp-elements-80f5beffad77d6d48530ed6c3e982441\" style=\"font-size:clamp(14px, 0.875rem + ((1vw - 3.2px) * 0.156), 16px);\"><a><\/a>Disponibles dans diff\u00e9rents mod\u00e8les, couleurs et tailles en magasin et sur <a href=\"http:\/\/www.team-outdoor.fr\/?fbclid=IwZXh0bgNhZW0CMTAAYnJpZBEwcG1Qb2RhVFhDam9ZSjNLWQEeBBe--klbCsceaWLKzuKcvUvouDS7ONh_JjqEOPupvGxCSTtvvMafAp8MFj0_aem_gJFaLh-p_7PZq0ix558lBw\" rel=\"noreferrer noopener\" target=\"_blank\">www.team-outdoor.fr<\/a><\/p>\n\n\n\n<div style=\"height:20px\" aria-hidden=\"true\" class=\"wp-block-spacer\"><\/div>\n\n\n\n<figure class=\"wp-block-gallery has-nested-images columns-default is-cropped wp-block-gallery-1 is-layout-flex wp-block-gallery-is-layout-flex\">\n<figure class=\"wp-block-image size-large\"><a href=\"https:\/\/www.team-outdoor.fr\/blog\/wp-content\/uploads\/2025\/11\/Design-sans-titre-scaled.png\"><img loading=\"lazy\" decoding=\"async\" width=\"819\" height=\"1024\" data-id=\"17976\" src=\"https:\/\/www.team-outdoor.fr\/blog\/wp-content\/uploads\/2025\/11\/Design-sans-titre-819x1024.png\" alt=\"\" class=\"wp-image-17976\" srcset=\"https:\/\/www.team-outdoor.fr\/blog\/wp-content\/uploads\/2025\/11\/Design-sans-titre-819x1024.png 819w, https:\/\/www.team-outdoor.fr\/blog\/wp-content\/uploads\/2025\/11\/Design-sans-titre-240x300.png 240w, https:\/\/www.team-outdoor.fr\/blog\/wp-content\/uploads\/2025\/11\/Design-sans-titre-768x960.png 768w, https:\/\/www.team-outdoor.fr\/blog\/wp-content\/uploads\/2025\/11\/Design-sans-titre-1229x1536.png 1229w, https:\/\/www.team-outdoor.fr\/blog\/wp-content\/uploads\/2025\/11\/Design-sans-titre-1638x2048.png 1638w, https:\/\/www.team-outdoor.fr\/blog\/wp-content\/uploads\/2025\/11\/Design-sans-titre-scaled.png 2048w\" sizes=\"auto, (max-width: 819px) 100vw, 819px\" \/><\/a><\/figure>\n\n\n\n<figure class=\"wp-block-image size-large\"><a href=\"https:\/\/www.team-outdoor.fr\/blog\/wp-content\/uploads\/2025\/11\/IMG_5184-2.jpg\"><img loading=\"lazy\" decoding=\"async\" width=\"768\" height=\"1024\" data-id=\"17977\" src=\"https:\/\/www.team-outdoor.fr\/blog\/wp-content\/uploads\/2025\/11\/IMG_5184-2-768x1024.jpg\" alt=\"\" class=\"wp-image-17977\" srcset=\"https:\/\/www.team-outdoor.fr\/blog\/wp-content\/uploads\/2025\/11\/IMG_5184-2-768x1024.jpg 768w, https:\/\/www.team-outdoor.fr\/blog\/wp-content\/uploads\/2025\/11\/IMG_5184-2-225x300.jpg 225w, https:\/\/www.team-outdoor.fr\/blog\/wp-content\/uploads\/2025\/11\/IMG_5184-2-1152x1536.jpg 1152w, https:\/\/www.team-outdoor.fr\/blog\/wp-content\/uploads\/2025\/11\/IMG_5184-2-1536x2048.jpg 1536w, https:\/\/www.team-outdoor.fr\/blog\/wp-content\/uploads\/2025\/11\/IMG_5184-2.jpg 1836w\" sizes=\"auto, (max-width: 768px) 100vw, 768px\" \/><\/a><\/figure>\n<\/figure>\n\n\n\n<div style=\"height:25px\" aria-hidden=\"true\" class=\"wp-block-spacer\"><\/div>\n\n\n\n<p class=\"has-black-color has-text-color has-link-color wp-elements-7a4eadef5d84be4a7a3795b272edc509\" style=\"font-size:clamp(14px, 0.875rem + ((1vw - 3.2px) * 0.156), 16px);\">Tous nos mod\u00e8les : <a href=\"https:\/\/www.team-outdoor.fr\/s\/921\/ciele\">https:\/\/www.team-outdoor.fr\/s\/921\/ciele<\/a><\/p>\n","protected":false},"excerpt":{"rendered":"<p>Alerte NOUVEAUT\u00c9S Casquettes #ciele chez TO. Casquettes trait\u00e9es anti-UV, con\u00e7ues \u00e0 base de bouteilles plastiques recycl\u00e9es, marquage r\u00e9tro-r\u00e9fl\u00e9chissant avant et arri\u00e8re. Et lavables en machine! Disponibles dans diff\u00e9rents mod\u00e8les, couleurs et tailles en magasin et sur www.team-outdoor.fr Tous nos mod\u00e8les : https:\/\/www.team-outdoor.fr\/s\/921\/ciele<\/p>\n","protected":false},"author":1,"featured_media":17977,"comment_status":"open","ping_status":"open","sticky":false,"template":"","format":"standard","meta":{"ngg_post_thumbnail":0,"footnotes":""},"categories":[5],"tags":[134,135],"class_list":["post-17973","post","type-post","status-publish","format-standard","has-post-thumbnail","hentry","category-nouveau-chez-to","tag-casquettes","tag-ciele","has-post-title","has-post-date","has-post-category","has-post-tag","has-post-comment","has-post-author",""],"_links":{"self":[{"href":"https:\/\/www.team-outdoor.fr\/blog\/wp-json\/wp\/v2\/posts\/17973","targetHints":{"allow":["GET"]}}],"collection":[{"href":"https:\/\/www.team-outdoor.fr\/blog\/wp-json\/wp\/v2\/posts"}],"about":[{"href":"https:\/\/www.team-outdoor.fr\/blog\/wp-json\/wp\/v2\/types\/post"}],"author":[{"embeddable":true,"href":"https:\/\/www.team-outdoor.fr\/blog\/wp-json\/wp\/v2\/users\/1"}],"replies":[{"embeddable":true,"href":"https:\/\/www.team-outdoor.fr\/blog\/wp-json\/wp\/v2\/comments?post=17973"}],"version-history":[{"count":3,"href":"https:\/\/www.team-outdoor.fr\/blog\/wp-json\/wp\/v2\/posts\/17973\/revisions"}],"predecessor-version":[{"id":17980,"href":"https:\/\/www.team-outdoor.fr\/blog\/wp-json\/wp\/v2\/posts\/17973\/revisions\/17980"}],"wp:featuredmedia":[{"embeddable":true,"href":"https:\/\/www.team-outdoor.fr\/blog\/wp-json\/wp\/v2\/media\/17977"}],"wp:attachment":[{"href":"https:\/\/www.team-outdoor.fr\/blog\/wp-json\/wp\/v2\/media?parent=17973"}],"wp:term":[{"taxonomy":"category","embeddable":true,"href":"https:\/\/www.team-outdoor.fr\/blog\/wp-json\/wp\/v2\/categories?post=17973"},{"taxonomy":"post_tag","embeddable":true,"href":"https:\/\/www.team-outdoor.fr\/blog\/wp-json\/wp\/v2\/tags?post=17973"}],"curies":[{"name":"wp","href":"https:\/\/api.w.org\/{rel}","templated":true}]}}