{"id":9251,"date":"2015-10-12T18:27:57","date_gmt":"2015-10-12T17:27:57","guid":{"rendered":"http:\/\/www.team-outdoor.fr\/blog\/?p=9251"},"modified":"2015-10-12T19:45:14","modified_gmt":"2015-10-12T18:45:14","slug":"100-km-de-millau-france-de-trail-2-courses-a-quatre-jambes-un-recit-a-4-mains-ii","status":"publish","type":"post","link":"https:\/\/www.team-outdoor.fr\/blog\/100-km-de-millau-france-de-trail-2-courses-a-quatre-jambes-un-recit-a-4-mains-ii\/","title":{"rendered":"100 km de Millau, France de Trail : 2 courses \u00e0 quatre jambes, un r\u00e9cit \u00e0 4 mains (II)"},"content":{"rendered":"<p style=\"text-align: justify;\"><a href=\"http:\/\/www.team-outdoor.fr\/blog\/wp-content\/uploads\/2015\/10\/164.jpg\"><br class=\"none\" \/><img loading=\"lazy\" decoding=\"async\" class=\"aligncenter size-full wp-image-9288\" src=\"http:\/\/www.team-outdoor.fr\/blog\/wp-content\/uploads\/2015\/10\/164.jpg\" alt=\"164\" width=\"900\" height=\"687\" srcset=\"https:\/\/www.team-outdoor.fr\/blog\/wp-content\/uploads\/2015\/10\/164.jpg 900w, https:\/\/www.team-outdoor.fr\/blog\/wp-content\/uploads\/2015\/10\/164-300x229.jpg 300w, https:\/\/www.team-outdoor.fr\/blog\/wp-content\/uploads\/2015\/10\/164-600x458.jpg 600w\" sizes=\"auto, (max-width: 900px) 100vw, 900px\" \/><\/a><br class=\"none\" \/><br class=\"none\" \/><br class=\"none\" \/><span style=\"font-size: 14pt; color: #000000;\"><strong>Partie II : les championnats de France de Trail court 2015, le 27 septembre 2015, Le Mont Dore (63)<\/strong><\/span><br class=\"none\" \/><span style=\"font-size: 14pt; color: #000000;\"><strong>par Jonathan DUHAIL et agn\u00e8s HERVE, Team Outdoor Paris<\/strong><\/span><br class=\"none\" \/><br class=\"none\" \/><br class=\"none\" \/><br class=\"none\" \/><\/p>\n<p style=\"text-align: justify;\"><span style=\"font-size: 12pt; color: #000000;\"><strong><a href=\"http:\/\/www.team-outdoor.fr\/blog\/wp-content\/uploads\/2015\/10\/2015-09-27-07.31.371.jpg\"><img loading=\"lazy\" decoding=\"async\" class=\"alignleft size-medium wp-image-9250\" src=\"http:\/\/www.team-outdoor.fr\/blog\/wp-content\/uploads\/2015\/10\/2015-09-27-07.31.371-300x225.jpg\" alt=\"2015-09-27 07.31.37\" width=\"300\" height=\"225\" srcset=\"https:\/\/www.team-outdoor.fr\/blog\/wp-content\/uploads\/2015\/10\/2015-09-27-07.31.371-300x225.jpg 300w, https:\/\/www.team-outdoor.fr\/blog\/wp-content\/uploads\/2015\/10\/2015-09-27-07.31.371-1024x768.jpg 1024w, https:\/\/www.team-outdoor.fr\/blog\/wp-content\/uploads\/2015\/10\/2015-09-27-07.31.371-600x450.jpg 600w\" sizes=\"auto, (max-width: 300px) 100vw, 300px\" \/><\/a>\u2026 <span style=\"color: #800080;\"><a style=\"color: #800080;\" href=\"http:\/\/www.team-outdoor.fr\/blog\/100-km-de-millau-france-de-trail-2-courses-a-quatre-jambes-un-recit-a-4-mains\/\" target=\"_blank\">[suite]<\/a><\/span> [J] Apr\u00e8s 3h de route et quelques pauses pour d\u00e9tendre la fesse et la jambe d\u2019Agn\u00e8s,<\/strong> nous arrivons au Mont Dore. Il est d\u00e9j\u00e0 20h30 et il fait nuit noire, mais il y a un superbe feu d\u2019artifice pour nous accueillir, juste \u00e0 c\u00f4t\u00e9 de notre h\u00f4tel :) Notre chambre est assez petite mais on arrive quand m\u00eame \u00e0 rentrer tout notre bazar.<\/span><\/p>\n<p style=\"text-align: justify;\"><em><span style=\"font-size: 12pt; color: #000000;\"><strong>[A] Nous voici enfin au Mont Dore.<\/strong> Le chemin m\u2019a paru interminable. La douleur \u00e0 la fesse \u00e9tait bien pr\u00e9sente, la d\u00e9ception \u00e9galement mais je fais en sorte de ne pas trop le montrer. Maintenant, il faut que Jo se concentre sur sa course et se fasse plaisir. Le Mont Dore est vraiment une petite ville sympathique, m\u00eame si l\u00e0, on ne la verra que de nuit pour aujourd\u2019hui. Allez, c\u2019est l\u2019heure de manger et de valider les derniers d\u00e9tails pour demain.<\/span><\/em><\/p>\n<p style=\"text-align: justify;\"><span style=\"font-size: 12pt; color: #000000;\"><strong>[J] Apr\u00e8s un rapide repas, je montre \u00e0 Agn\u00e8s les points du parcours o\u00f9 elle pourra passer me voir\u00a0<\/strong>: d\u00e9part, puis 5 points sur le parcours et enfin l\u2019arriv\u00e9e. Il y a un seul ravito au 11<sup>\u00e8me<\/sup> km, donc je lui laisserai une flasque pour qu\u2019elle puisse me la donner \u00e0 cet endroit.<\/span><\/p>\n<p style=\"text-align: justify;\"><span style=\"font-size: 12pt; color: #000000;\"><strong><a href=\"http:\/\/www.team-outdoor.fr\/blog\/wp-content\/uploads\/2015\/10\/165.jpg\"><img loading=\"lazy\" decoding=\"async\" class=\"alignright size-medium wp-image-9289\" src=\"http:\/\/www.team-outdoor.fr\/blog\/wp-content\/uploads\/2015\/10\/165-180x300.jpg\" alt=\"165\" width=\"180\" height=\"300\" srcset=\"https:\/\/www.team-outdoor.fr\/blog\/wp-content\/uploads\/2015\/10\/165-180x300.jpg 180w, https:\/\/www.team-outdoor.fr\/blog\/wp-content\/uploads\/2015\/10\/165.jpg 539w\" sizes=\"auto, (max-width: 180px) 100vw, 180px\" \/><\/a>Nous parlons ensuite rapidement de la course du lendemain\u00a0<\/strong>: sur ces Championnats, la densit\u00e9 de coureurs est plut\u00f4t impressionnante et il ne va pas falloir se louper pour remplir les objectifs. Les deux grands favoris sont C\u00e9dric FLEURETON et Julien RANCON. Derri\u00e8re, pas mal de noms ressortent\u00a0: BELLAMY, BROCHOT, BARONIAN, MAILLARD, MICHAUD, VIET, DEMURE, \u2026<\/span><\/p>\n<p style=\"text-align: justify;\"><span style=\"font-size: 12pt; color: #000000;\"><em><strong>[A] En d\u00e9but de semaine, un article paru en ligne sur EnduranceMag.<\/strong> Jonathan \u00e9tait cit\u00e9 paris les 5 favoris de l\u2019\u00e9preuve. Cela le faisait bien rigoler de voir son nom aux cot\u00e9s de celui de Bellamy et de Michaud\u2026 mais perso, j\u2019\u00e9tais confiante. Je sais bien que cette course est tr\u00e8s tr\u00e8s dense en termes de niveau. Mais, je sais aussi que sur ce genre de grands rendez-vous, cela part tr\u00e8s tr\u00e8s vite devant. Et du coup, \u00e7a risque aussi d\u2019exploser. M\u00eame s\u2019il le sait d\u00e9j\u00e0, je rappelle \u00e0 Jo de prendre un d\u00e9part \u00e0 son rythme sans prendre de risque \u00e0 suivre devant. J\u2019ai une grosse confiance en lui, il a beaucoup progress\u00e9 cette ann\u00e9e et il est en grosse forme en ce moment. S\u2019il ne se met pas dans le rouge en d\u00e9but de course, il devrait pouvoir remonter progressivement. <\/em><\/span><\/p>\n<p style=\"text-align: justify;\"><span style=\"font-size: 12pt; color: #000000;\"><strong><a href=\"http:\/\/www.team-outdoor.fr\/blog\/wp-content\/uploads\/2015\/10\/166.jpg\"><img loading=\"lazy\" decoding=\"async\" class=\"alignleft size-medium wp-image-9290\" src=\"http:\/\/www.team-outdoor.fr\/blog\/wp-content\/uploads\/2015\/10\/166-251x300.jpg\" alt=\"166\" width=\"251\" height=\"300\" srcset=\"https:\/\/www.team-outdoor.fr\/blog\/wp-content\/uploads\/2015\/10\/166-251x300.jpg 251w, https:\/\/www.team-outdoor.fr\/blog\/wp-content\/uploads\/2015\/10\/166.jpg 528w\" sizes=\"auto, (max-width: 251px) 100vw, 251px\" \/><\/a>[J] Demain, il y a un double objectif.<\/strong> Il s\u2019agira, d\u00e9j\u00e0, de bien figurer au classement, en visant un top 10. Mais, aux France ce sera \u00e9galement le podium du TTN qui va se jouer. Pour cela il va falloir arriver devant mes principaux \u00ab\u00a0concurrents\u00a0\u00bb au classement g\u00e9n\u00e9ral. Agn\u00e8s croit fort en moi, du coup je suis hyper motiv\u00e9 pour aller chercher le podium, voire mieux. Pour le moment je suis 4<sup>\u00e8me<\/sup>, mais je me dis que tout est possible.<\/span><\/p>\n<p style=\"text-align: justify;\"><span style=\"font-size: 12pt; color: #000000;\">Le classement du TTN se joue sur les meilleurs classements sur 4 courses, plus le classement du Championnat de France. Pour bien planter le d\u00e9cor, voici un petit point sur le classement avant les France\u00a0:<\/span><\/p>\n<ul style=\"text-align: justify;\">\n<li><span style=\"font-size: 12pt; color: #000000;\"><strong>1<sup>er<\/sup>:<\/strong> <strong>Laurent VICENTE &#8211; Team ERREA<\/strong>, avec un total de 26199 points. Il a gagn\u00e9 le Trail Givr\u00e9 de Montanay et les Gendarmes et les Voleurs, fait 2<sup>\u00e8me<\/sup> au Circuit des Grands Crus \u00e0 Rouffach et 3<sup>\u00e8me<\/sup> \u00e0 l\u2019Infernal Trail des Vosges. C\u2019est un redoutable comp\u00e9titeur, qui g\u00e8re bien ses courses et qui est plut\u00f4t sp\u00e9cialis\u00e9 en course de montagne. Le parcours des France devrait bien lui convenir. C\u2019est la seconde fois qu\u2019on prendra le d\u00e9part ensemble cette saison, apr\u00e8s l\u2019Infernal trail des Vosges il y a 15 jours.<\/span><\/li>\n<\/ul>\n<ul style=\"text-align: justify;\">\n<li><span style=\"font-size: 12pt; color: #000000;\"><strong>2<sup>\u00e8me<\/sup>: Geoffroy SARRAN &#8211; Team MIZUNO,<\/strong> avec un total de 25816 points. Il a gagn\u00e9 le Trail des Sangliers \u00e0 Balaruc-les-Bains et Sur les Traces du Loup, fait 2<sup>\u00e8me<\/sup> au Trail de Sancerre et 3<sup>\u00e8me<\/sup> au Transju\u2019Trail apr\u00e8s s\u2019\u00eatre perdu en d\u00e9but de parcours. C\u2019est le vainqueur du TTN 2014. Chaque fois que l\u2019on a couru sur la m\u00eame course, on a toujours fini avec une seule place d\u2019\u00e9cart\u00a0: \u00e7a s\u2019annonce compliqu\u00e9 pour lui reprendre des points\u00a0! Ce sera la quatri\u00e8me fois qu\u2019on s\u2019alignera ensemble sur une course TTN.<\/span><\/li>\n<\/ul>\n<ul style=\"text-align: justify;\">\n<li><span style=\"font-size: 12pt; color: #000000;\"><strong>3<sup>\u00e8me\u00a0<\/sup>: Romuald DE PAEPE &#8211; Team ADIDAS,<\/strong> avec un total de 25545 points. Il a gagn\u00e9 le Sparnatrail \u00e0 Epernay, fait 2<sup>\u00e8me<\/sup> aux Gendarmes et les Voleurs et Sur les Traces du Loup et 4<sup>\u00e8me<\/sup> au Trail de Sancerre. C\u2019est le plus exp\u00e9riment\u00e9 de nous 4. Il r\u00e9alise vraiment une grosse saison, que ce soit sur les cross (10<sup>\u00e8me<\/sup> aux France de cross V\u00e9t\u00e9ran) ou en trail (4<sup>\u00e8me<\/sup> place \u00e0 l\u2019OCC cet \u00e9t\u00e9). Il aime les m\u00eames types de profils que moi et c\u2019est toujours tr\u00e8s serr\u00e9 aussi lorsque l\u2019on court l\u2019un contre l\u2019autre.<\/span><\/li>\n<\/ul>\n<p style=\"text-align: justify;\"><span style=\"font-size: 12pt; color: #000000;\"><em><strong>[A] Bon et le 4<sup>\u00e8me<\/sup> au classement TTN bah c\u2019est Jo. Jonathan DUHAIL &#8211; TEAM OUTDOOR PARIS<\/strong> \u2013 la classe heing\u00a0! &#8211; , avec un total de 25388 points. Sur le TTN, il a donc remport\u00e9 deux manches le Trail de Sancerre et l\u2019Infernal Trail des Vosges. Il signe une seconde place \u00e0 la Transju\u2019Trail et une belle 5<sup>\u00e8me<\/sup> place au tr\u00e8s relev\u00e9 Trail Faverges Icebreaker. Si Jo n\u2019arr\u00eate pas de me dire que le parcours des France ne semble pas \u00eatre ce qui lui convient le mieux, je suis certaine qu\u2019il va pouvoir sortir son \u00e9pingle du jeu s\u2019il g\u00e8re sa course \u00e0 sa main comme il sait bien le faire. Inutile de partir comme un tarbel\u00e9 comme il y a 15 jours dans les Vosges\u00a0;)<\/em><\/span><\/p>\n<p style=\"text-align: justify;\"><span style=\"font-size: 12pt; color: #000000;\"><strong>[J] Apr\u00e8s une derni\u00e8re r\u00e9vision pour rassurer Agn\u00e8s sur son p\u00e9riple de suiveuse demain,<\/strong> je range le GPS &#8211; dans lequel on a rentr\u00e9 les points de passage en favoris &#8211; et les cartes du parcours. Petit massage pour essayer de d\u00e9tendre la jambe douloureuse de ma ch\u00e9rie et dodo. Le r\u00e9veil est encore fix\u00e9 assez t\u00f4t demain matin\u2026<br class=\"none\" \/><br class=\"none\" \/><a href=\"http:\/\/www.team-outdoor.fr\/blog\/wp-content\/uploads\/2015\/10\/163.jpg\"><img loading=\"lazy\" decoding=\"async\" class=\"aligncenter size-full wp-image-9287\" src=\"http:\/\/www.team-outdoor.fr\/blog\/wp-content\/uploads\/2015\/10\/163.jpg\" alt=\"163\" width=\"900\" height=\"167\" srcset=\"https:\/\/www.team-outdoor.fr\/blog\/wp-content\/uploads\/2015\/10\/163.jpg 900w, https:\/\/www.team-outdoor.fr\/blog\/wp-content\/uploads\/2015\/10\/163-300x56.jpg 300w, https:\/\/www.team-outdoor.fr\/blog\/wp-content\/uploads\/2015\/10\/163-600x111.jpg 600w\" sizes=\"auto, (max-width: 900px) 100vw, 900px\" \/><\/a><\/span><\/p>\n<p style=\"text-align: justify;\"><span style=\"font-size: 12pt; color: #000000;\"><strong>A 5h00 du matin, r\u00e9veil anticip\u00e9\u2026<\/strong> On est sortis de notre sommeil par le speaker qui pr\u00e9sente la Trail long\u00a0: les favoris, le parcours, les organisateurs\u2026 A 5h30, coup de feu pour donner le d\u00e9part du 60km. On les reverra sans doute sur le parcours car les 30 derniers kms sont communs.<\/span><\/p>\n<p style=\"text-align: justify;\"><span style=\"font-size: 12pt; color: #000000;\"><em><strong>[A] Vers 6h00, nous d\u00e9jeunons rapidement puis nous rangeons tous les bagages.<\/strong> Jo pr\u00e9pare ses flasques. Il ne partira qu\u2019avec 500 mL au d\u00e9part du Mont Dore et je lui donnerai son autre flasque au ravitaillement qui se trouve au Col de la Croix Saint Robert apr\u00e8s 11 kilom\u00e8tres de course. Il y a, en outre, pas mal de points d\u2019eau sur le parcours.<\/em><\/span><\/p>\n<p style=\"text-align: justify;\"><span style=\"font-size: 12pt; color: #000000;\"><strong><a href=\"http:\/\/www.team-outdoor.fr\/blog\/wp-content\/uploads\/2015\/10\/2015-09-27-08.06.45.jpg\"><img loading=\"lazy\" decoding=\"async\" class=\"alignright size-medium wp-image-9253\" src=\"http:\/\/www.team-outdoor.fr\/blog\/wp-content\/uploads\/2015\/10\/2015-09-27-08.06.45-300x225.jpg\" alt=\"2015-09-27 08.06.45\" width=\"300\" height=\"225\" srcset=\"https:\/\/www.team-outdoor.fr\/blog\/wp-content\/uploads\/2015\/10\/2015-09-27-08.06.45-300x225.jpg 300w, https:\/\/www.team-outdoor.fr\/blog\/wp-content\/uploads\/2015\/10\/2015-09-27-08.06.45-1024x768.jpg 1024w, https:\/\/www.team-outdoor.fr\/blog\/wp-content\/uploads\/2015\/10\/2015-09-27-08.06.45-600x450.jpg 600w\" sizes=\"auto, (max-width: 300px) 100vw, 300px\" \/><\/a>[J] D\u00e9part de l\u2019h\u00f4tel \u00e0 7h45 pour aller garer la voiture pr\u00eate \u00e0 partir<\/strong> vers le premier point pour Agn\u00e8s. La m\u00e9t\u00e9o s\u2019annonce parfaite pour le moment\u00a0: le soleil est l\u00e0, m\u00eame si, \u00e0 cette heure matinale, il fait plut\u00f4t froid (de nombreux coureurs partiront soit en manches longues soit en manchettes). Je garde donc un haut manches longues et ma veste pour rester bien au chaud le plus longtemps possible.<\/span><\/p>\n<p style=\"text-align: justify;\"><span style=\"font-size: 12pt; color: #000000;\"><strong>On se dirige ensuite vers le gymnase pour r\u00e9cup\u00e9rer mon dossard.<\/strong> Sur le chemin on rencontre pas mal de personnes qu\u2019on connait\u00a0: Baptiste DOMANICO, avec qui j\u2019avais couru au Trail des 3 Ch\u00e2teaux et \u00e0 Faverges, Jaouad ZEROUAL qui a gagn\u00e9 le Trail Dr\u00f4me et qui est coach\u00e9 par Bertrand, l\u2019entraineur d\u2019Agn\u00e8s, Vincent VIET qui s\u2019aligne cette ann\u00e9e sur le court apr\u00e8s sa superbe 4<sup>\u00e8me<\/sup> place l\u2019an dernier sur le long aux France, \u2026<\/span><\/p>\n<p style=\"text-align: justify;\"><span style=\"font-size: 12pt; color: #000000;\"><strong><a href=\"http:\/\/www.team-outdoor.fr\/blog\/wp-content\/uploads\/2015\/10\/2015-09-27-08.07.28.jpg\"><img loading=\"lazy\" decoding=\"async\" class=\"alignleft size-medium wp-image-9254\" src=\"http:\/\/www.team-outdoor.fr\/blog\/wp-content\/uploads\/2015\/10\/2015-09-27-08.07.28-225x300.jpg\" alt=\"2015-09-27 08.07.28\" width=\"225\" height=\"300\" srcset=\"https:\/\/www.team-outdoor.fr\/blog\/wp-content\/uploads\/2015\/10\/2015-09-27-08.07.28-225x300.jpg 225w, https:\/\/www.team-outdoor.fr\/blog\/wp-content\/uploads\/2015\/10\/2015-09-27-08.07.28-768x1024.jpg 768w, https:\/\/www.team-outdoor.fr\/blog\/wp-content\/uploads\/2015\/10\/2015-09-27-08.07.28-600x800.jpg 600w\" sizes=\"auto, (max-width: 225px) 100vw, 225px\" \/><\/a>Pour cette course mon dossard sera le 52\u00a0: j\u2019aurai acc\u00e8s au sas \u00e9lite<\/strong> (trois sas sont d\u00e9finis\u00a0: \u00e9lite, Championnat de France et Open) mais Agn\u00e8s me conseille quand m\u00eame de ne pas m\u2019y rendre trop tard pour \u00eatre quand m\u00eame bien plac\u00e9. Apr\u00e8s une inspection du mat\u00e9riel obligatoire (coupe-vent, boisson, sifflet, couverture de survie, bonnet et r\u00e9serve alimentaire), je file m\u2019\u00e9chauffer car le temps passe vite. On part avec Agn\u00e8s rep\u00e9rer la fin du parcours. Beaucoup de coureurs ont eu la m\u00eame id\u00e9e, la c\u00f4te (qui sera une descente en fin de course) est bien remplie et il faut zigzaguer un peu.<\/span><\/p>\n<p style=\"text-align: justify;\"><span style=\"font-size: 12pt; color: #000000;\"><strong>La suite de l\u2019\u00e9chauffement se passe bien, sur un terrain un peu plus plat<\/strong> pour ne pas non plus se fumer les jambes avant la course :)\u00a0!!! Apr\u00e8s une derni\u00e8re pause pour \u00eatre plus l\u00e9ger je me dirige vers le d\u00e9part o\u00f9 je retrouve ma ch\u00e9rie\u00a0: je lui donne tout le bazar dont je n\u2019ai plus besoin\u00a0: mon pull, mes gants, &#8230; et je file dans le sas.<\/span><\/p>\n<p style=\"text-align: justify;\"><span style=\"font-size: 12pt; color: #000000;\"><em><strong><a href=\"http:\/\/www.team-outdoor.fr\/blog\/wp-content\/uploads\/2015\/10\/2015-09-27-08.52.23.jpg\"><img loading=\"lazy\" decoding=\"async\" class=\"alignright size-medium wp-image-9260\" src=\"http:\/\/www.team-outdoor.fr\/blog\/wp-content\/uploads\/2015\/10\/2015-09-27-08.52.23-225x300.jpg\" alt=\"2015-09-27 08.52.23\" width=\"225\" height=\"300\" srcset=\"https:\/\/www.team-outdoor.fr\/blog\/wp-content\/uploads\/2015\/10\/2015-09-27-08.52.23-225x300.jpg 225w, https:\/\/www.team-outdoor.fr\/blog\/wp-content\/uploads\/2015\/10\/2015-09-27-08.52.23-768x1024.jpg 768w, https:\/\/www.team-outdoor.fr\/blog\/wp-content\/uploads\/2015\/10\/2015-09-27-08.52.23-600x800.jpg 600w\" sizes=\"auto, (max-width: 225px) 100vw, 225px\" \/><\/a>[A] Apr\u00e8s la petite photo de mon homme derri\u00e8re son grillage du sas et un dernier bisou,<\/strong> je file me placer \u00e0 500m du d\u00e9part afin de me rapprocher de la voiture le plus possible. Je n\u2019ai pas beaucoup de temps pour aller au premier point de passage, surtout que je ne peux pas vraiment courir aujourd\u2019hui. Au coin de la rue, je retrouve Martine, la maman de Geoffroy, avec laquelle j\u2019avais partag\u00e9 le suivi au trail du Sancerre. Elle m\u2019apprend que Geoffroy s\u2019est bless\u00e9 au genou et qu\u2019il \u00e9tait r\u00e9calcitrant \u00e0 prendre le d\u00e9part. Je la sens inqui\u00e8te. J\u2019esp\u00e8re que ses doutes ne vont pas \u00eatre fond\u00e9s et que Geoffroy va pouvoir se faire plaisir. C\u2019est vraiment un gar\u00e7on sympa.<\/em><\/span><\/p>\n<p style=\"text-align: justify;\"><span style=\"font-size: 12pt; color: #000000;\"><strong>[J] Ma ch\u00e9rie est partie se positionner un peu plus loin dans le village.<\/strong> Dans le sas, il n\u2019y a pas encore tout le monde mais il est d\u00e9j\u00e0 bien rempli. Je retrouve Geoffroy et Laurent qui sont en premi\u00e8re ligne et j\u2019aper\u00e7ois, plus ou moins, tous les favoris. Il ne manque que Romuald \u00e0 l\u2019appel\u00a0!! Il arrivera juste avant le d\u00e9part et j\u2019apprendrai apr\u00e8s la course qu\u2019il s\u2019\u00e9tait bless\u00e9 la veille. Il faut dire que la saison est longue.<\/span><\/p>\n<p style=\"text-align: justify;\"><span style=\"font-size: 12pt; color: #000000;\"><strong><a href=\"http:\/\/www.team-outdoor.fr\/blog\/wp-content\/uploads\/2015\/10\/2015-09-27-08.17.34.jpg\"><img loading=\"lazy\" decoding=\"async\" class=\"alignleft size-medium wp-image-9255\" src=\"http:\/\/www.team-outdoor.fr\/blog\/wp-content\/uploads\/2015\/10\/2015-09-27-08.17.34-300x225.jpg\" alt=\"2015-09-27 08.17.34\" width=\"300\" height=\"225\" srcset=\"https:\/\/www.team-outdoor.fr\/blog\/wp-content\/uploads\/2015\/10\/2015-09-27-08.17.34-300x225.jpg 300w, https:\/\/www.team-outdoor.fr\/blog\/wp-content\/uploads\/2015\/10\/2015-09-27-08.17.34-1024x768.jpg 1024w, https:\/\/www.team-outdoor.fr\/blog\/wp-content\/uploads\/2015\/10\/2015-09-27-08.17.34-600x450.jpg 600w\" sizes=\"auto, (max-width: 300px) 100vw, 300px\" \/><\/a>Je suis en troisi\u00e8me ligne environ. Au coup de pistolet, tout le monde s\u2019\u00e9lance.<\/strong> \u00c7a part moins vite que je l\u2019avais imagin\u00e9. Il y a 2kms de faux-plat descendant donc l\u2019allure est soutenue, mais ce n\u2019est pas non plus trop rapide. Je vois ma ch\u00e9rie au coin de la rue et je l\u2019entends qui m\u2019encourage. Apr\u00e8s 1 kilom\u00e8tre, un premier groupe se forme devant avec une quinzaine de coureurs dont les principaux favoris. Je suis en t\u00eate d\u2019un second groupe aux cot\u00e9s de Geoffroy et Laurent\u00a0: \u00e7a sent le marquage \u00e0 la culotte pour le TTN cette affaire :)<\/span><\/p>\n<p style=\"text-align: justify;\"><span style=\"font-size: 12pt; color: #000000;\"><strong>Comme pr\u00e9vu, je ne cherche pas \u00e0 m\u2019accrocher \u00e0 la t\u00eate de course.<\/strong> Apr\u00e8s les deux premiers kms de bitume, on bifurque sur un chemin qui monte doucement. Les \u00e9carts commencent \u00e0 se creuser. Je trouve que mon rythme est d\u00e9j\u00e0 assez \u00e9lev\u00e9 pour un 34km avec autant de d\u00e9nivel\u00e9, donc je n\u2019h\u00e9site pas \u00e0 laisser passer quelques coureurs.<\/span><\/p>\n<p style=\"text-align: justify;\"><span style=\"font-size: 12pt; color: #000000;\"><em><strong>[A] Bon bah je file \u00e0 la voiture pour rejoindre le premier point de passage.<\/strong> Il va falloir la jouer strat\u00e9gique aujourd\u2019hui, car j\u2019ai l\u2019impression que le nombre de suiveurs est sensiblement plus \u00e9lev\u00e9 sur les France que sur les autres manches du TTN. En plus, \u00e0 chaque point de passage, il faut que je fasse demi-tour pour rejoindre le point de passage suivant. Et comme, \u00e0 chaque fois, les coureurs traversent la route que l\u2019on prend, il va falloir faire demi-tour avant de se garer pr\u00eate \u00e0 repartir dans l\u2019autre sens afin de ne pas \u00eatre bloqu\u00e9e par les coureurs ou par les voitures suiveuses\u2026 <\/em><\/span><\/p>\n<p style=\"text-align: justify;\"><span style=\"font-size: 12pt; color: #000000;\"><em><strong><a href=\"http:\/\/www.team-outdoor.fr\/blog\/wp-content\/uploads\/2015\/10\/2015-09-27-08.31.20.jpg\"><img loading=\"lazy\" decoding=\"async\" class=\"alignright size-medium wp-image-9257\" src=\"http:\/\/www.team-outdoor.fr\/blog\/wp-content\/uploads\/2015\/10\/2015-09-27-08.31.20-300x225.jpg\" alt=\"2015-09-27 08.31.20\" width=\"300\" height=\"225\" srcset=\"https:\/\/www.team-outdoor.fr\/blog\/wp-content\/uploads\/2015\/10\/2015-09-27-08.31.20-300x225.jpg 300w, https:\/\/www.team-outdoor.fr\/blog\/wp-content\/uploads\/2015\/10\/2015-09-27-08.31.20-1024x768.jpg 1024w, https:\/\/www.team-outdoor.fr\/blog\/wp-content\/uploads\/2015\/10\/2015-09-27-08.31.20-600x450.jpg 600w\" sizes=\"auto, (max-width: 300px) 100vw, 300px\" \/><\/a>Pour ce premier point, je pr\u00e9f\u00e8re me garer un peu en aval du point indiqu\u00e9 par le GPS.<\/strong> Je suis un peu anxieuse par rapport \u00e0 la t\u00eate des bas-c\u00f4t\u00e9s. La derni\u00e8re fois que je me suis gar\u00e9e sur un bas-c\u00f4t\u00e9 qui avait cette tronche l\u00e0\u2026. Bah, je n\u2019en suis ressortie qu\u2019avec l\u2019aide d\u2019un Jojo poussant la C3\u00a0! <\/em><\/span><\/p>\n<p style=\"text-align: justify;\"><span style=\"font-size: 12pt; color: #000000;\"><em><strong>Ouf, me voici gar\u00e9e\u2026 mais bon il y a 300m \u00e0 faire pour rejoindre le point de passage.<\/strong> Je \u00ab\u00a0coure\u00a0\u00bb clopin-clopant jusqu\u2019au chemin qui traverse la route. Pour le moment, ce sont les coureurs du 60 qui sortent du Bois. Je retrouve Martine bien en place\u00a0! Elle a \u00e9t\u00e9 plus rapide que moi\u00a0! Voil\u00e0 d\u00e9j\u00e0 Julien RANCON, C\u00e9dric FLEURETON, Jaouad et 2 autres coureurs du 34\u2026. Puis, environ \u00e0 la 25<sup>\u00e8me<\/sup> place, Jo. Geoffroy est juste devant lui avec Laurent VICENTE. <\/em><\/span><\/p>\n<p style=\"text-align: justify;\"><span style=\"font-size: 12pt; color: #000000;\"><strong>Au 5<sup>\u00e8me<\/sup> km, Agn\u00e8s est l\u00e0 comme pr\u00e9vu.<\/strong> Elle m\u2019encourage \u00e0 fond, surtout qu\u2019elle me voit avec Laurent et Geoffroy et que je ne dois pas para\u00eetre tr\u00e8s facile \u00e0 ce moment\u00a0! Juste apr\u00e8s la travers\u00e9e de cette route Laurent acc\u00e9l\u00e8re un peu. Geoffroy s\u2019accroche, mais de mon c\u00f4t\u00e9 je ne me sens pas capable de suivre et je les laisse prendre quelques m\u00e8tres d\u2019avance.<\/span><\/p>\n<p style=\"text-align: justify;\"><span style=\"font-size: 12pt; color: #000000;\"><strong><a href=\"http:\/\/www.team-outdoor.fr\/blog\/wp-content\/uploads\/2015\/10\/48247_big.jpg\"><img loading=\"lazy\" decoding=\"async\" class=\"alignleft size-medium wp-image-9275\" src=\"http:\/\/www.team-outdoor.fr\/blog\/wp-content\/uploads\/2015\/10\/48247_big-300x200.jpg\" alt=\"48247_big\" width=\"300\" height=\"200\" srcset=\"https:\/\/www.team-outdoor.fr\/blog\/wp-content\/uploads\/2015\/10\/48247_big-300x200.jpg 300w, https:\/\/www.team-outdoor.fr\/blog\/wp-content\/uploads\/2015\/10\/48247_big-600x400.jpg 600w, https:\/\/www.team-outdoor.fr\/blog\/wp-content\/uploads\/2015\/10\/48247_big.jpg 900w\" sizes=\"auto, (max-width: 300px) 100vw, 300px\" \/><\/a>Nous montons maintenant depuis 5kms environ sur un rythme r\u00e9gulier.<\/strong> J\u2019ai repris Geoffroy et nous courons ensemble. Laurent est en visuel pas loin devant. Le temps est magnifique et le soleil se l\u00e8ve sur les montagnes autour de nous. Pour le moment, il ne fait pas chaud mais je sais que \u00e7a va venir :)<\/span><\/p>\n<p style=\"text-align: justify;\"><span style=\"font-size: 12pt; color: #000000;\"><em><strong>[A] Pfffiou. Impossible de lire sur son visage si cela allait ou pas.<\/strong> On a beau avoir convenu d\u2019un d\u00e9part prudent pour Jo, \u00e7a fait bizarre de le voir en 25<sup>\u00e8me<\/sup> position. Bon, je n\u2019ai pas le temps de gamberger. Je file retrouver ma C3 gar\u00e9e \u00e0 perp\u00e8te\u2026 Martine est d\u00e9j\u00e0 remont\u00e9e dans sa voiture conduite par son fr\u00e8re. En me doublant alors que je cours sur le c\u00f4t\u00e9 de la route, ils me proposent de d\u00e9poser \u00e0 ma voiture. Mais j\u2019y suis dans 150m alors pas la peine de les d\u00e9ranger pour \u00e7a. <\/em><\/span><\/p>\n<p style=\"text-align: justify;\"><span style=\"font-size: 12pt; color: #000000;\"><em><strong>\u00c7a y est\u00a0! Je rallume le GPS point\u00e9 sur le Col de la croix Morand et je fonce\u2026<\/strong> enfin, j\u2019aurais bien aim\u00e9 foncer. Mais il y a plein de voitures sur la route qui m\u00e8ne au col. L\u2019enfer\u2026 \u00c7a se traine le c\u2026 devant comme dirait mon ch\u00e9ri. Je vais le rater si \u00e7a continue comme \u00e7a. Apr\u00e8s des minutes qui me paraissent des heures, j\u2019arrive enfin \u00e0 proximit\u00e9 du sommet. Et l\u00e0, c\u2019est un bordel sans nom, toujours comme dirait mon ch\u00e9ri\u2026 On n\u2019avance pas. <\/em><\/span><\/p>\n<p style=\"text-align: justify;\"><span style=\"font-size: 12pt; color: #000000;\"><em><strong><a href=\"http:\/\/www.team-outdoor.fr\/blog\/wp-content\/uploads\/2015\/10\/2015-09-27-14.49.53.jpg\"><img loading=\"lazy\" decoding=\"async\" class=\"alignright size-medium wp-image-9273\" src=\"http:\/\/www.team-outdoor.fr\/blog\/wp-content\/uploads\/2015\/10\/2015-09-27-14.49.53-300x225.jpg\" alt=\"2015-09-27 14.49.53\" width=\"300\" height=\"225\" srcset=\"https:\/\/www.team-outdoor.fr\/blog\/wp-content\/uploads\/2015\/10\/2015-09-27-14.49.53-300x225.jpg 300w, https:\/\/www.team-outdoor.fr\/blog\/wp-content\/uploads\/2015\/10\/2015-09-27-14.49.53-1024x768.jpg 1024w, https:\/\/www.team-outdoor.fr\/blog\/wp-content\/uploads\/2015\/10\/2015-09-27-14.49.53-600x450.jpg 600w\" sizes=\"auto, (max-width: 300px) 100vw, 300px\" \/><\/a>Les voitures sont bloqu\u00e9es par les coureurs du 60 qui traversent la route mais elles veulent aller au sommet.<\/strong> Je d\u00e9cide de faire demi-tour. Enfin si la voiture qui me colle derri\u00e8re veut bien me laisser faire. Ca y est. Je fonce me garer dans la descente l\u00e0 o\u00f9 il y a encore de la place\u2026. C\u2019est-\u00e0-dire assez loin\u00a0!!! Je sors de la voiture. Je regarde sur le chemin en contrebas. Je vois une grande perche avec son Tee-Shirt jaune\u00a0! Merde\u00a0! D\u00e9j\u00e0 Jonathan\u00a0! On est au m\u00eame niveau. Alors c\u2019est soit je sprinte, soit je le rate\u2026.<br class=\"none\" \/><br class=\"none\" \/><\/em><strong>[J] Au 7<sup>\u00e8me<\/sup> km nous arrivons au Col de la Croix Morand\u00a0:<\/strong> nous sortons d\u2019un petit bois pour courir \u00e0 travers des pr\u00e9s. Il faut r\u00e9guli\u00e8rement enjamber des petites \u00e9chelles qui permettent de passer les barbel\u00e9s. Je vois le groupe de t\u00eate un peu plus loin devant. Il s\u2019est quand m\u00eame beaucoup \u00e9tiol\u00e9 vu qu\u2019il ne reste que 5 ou 6 coureurs dedans. C\u2019est \u00e0 ce moment que Geoffroy d\u00e9croche.<br class=\"none\" \/><br class=\"none\" \/><em><strong><a href=\"http:\/\/www.team-outdoor.fr\/blog\/wp-content\/uploads\/2015\/10\/P1290081.jpg\"><img loading=\"lazy\" decoding=\"async\" class=\"alignleft size-medium wp-image-9278\" src=\"http:\/\/www.team-outdoor.fr\/blog\/wp-content\/uploads\/2015\/10\/P1290081-300x225.jpg\" alt=\"P1290081\" width=\"300\" height=\"225\" srcset=\"https:\/\/www.team-outdoor.fr\/blog\/wp-content\/uploads\/2015\/10\/P1290081-300x225.jpg 300w, https:\/\/www.team-outdoor.fr\/blog\/wp-content\/uploads\/2015\/10\/P1290081-1024x768.jpg 1024w, https:\/\/www.team-outdoor.fr\/blog\/wp-content\/uploads\/2015\/10\/P1290081-600x450.jpg 600w\" sizes=\"auto, (max-width: 300px) 100vw, 300px\" \/><\/a>[A] J\u2019arriverai, essouffl\u00e9e, 5 secondes apr\u00e8s sa travers\u00e9e de route<\/strong> mais il a au moins entendu mes encouragements\u00a0!<\/em><\/span><\/p>\n<p style=\"text-align: justify;\"><span style=\"font-size: 12pt; color: #000000;\"><strong>[J] La mont\u00e9e continue puisqu\u2019on voit les coureurs devant qui sont d\u00e9j\u00e0 dans les lacets au-dessus<\/strong>. Au passage sur la route, Agn\u00e8s est l\u00e0, fid\u00e8le au poste <em>[il ne se doute de rien l\u2019animal\u2026\u00a0!!!]<\/em> . Il ne doit pas faire chaud vu le nombre de couche qu\u2019elle a sur elle ;) [<em>euh, alors l\u00e0, d\u00e9trompe-toi mon ptit gars\u2026 Certes, il ne fait pas chaud dehors, mais l\u00e0, avec mes 18\u00a0000 couches que je n\u2019ai pas eu le temps de retirer avant de piquer mon sprint \u00e0 16 km\/h pour ne pas te rater, bah je tombe l\u2019eau comme on dit\u00a0!<\/em>]<\/span><\/p>\n<p style=\"text-align: justify;\"><span style=\"font-size: 12pt; color: #000000;\"><strong>Je relance autant que possible sur la portion de 300m de route que l\u2019on emprunte<\/strong> et je continue de courir dans la suite de la mont\u00e9e\u00a0: la pente n\u2019est pas trop raide et permet de courir partout pour le moment. Arriv\u00e9 au sommet, je jette un \u0153il au panorama (mais sans m\u2019arr\u00eater, faut pas d\u00e9conner\u00a0!!) pour basculer dans la premi\u00e8re petite descente.<\/span><\/p>\n<p style=\"text-align: justify;\"><span style=\"font-size: 12pt; color: #000000;\"><strong>Puis, on remonte vers les cr\u00eates pour ensuite redescendre et rejoindre le ravito.<\/strong> Je ne suis pas super \u00e0 l\u2019aise dans la descente et j\u2019essaie de me concentrer mais, pour le moment, je n\u2019y arrive pas trop. Heureusement, c\u2019est plut\u00f4t court et on remonte de nouveau. \u00c7a fait maintenant un moment que l\u2019on a rejoint le parcours du 60km et il faut doubler tr\u00e8s r\u00e9guli\u00e8rement.<\/span><\/p>\n<p style=\"text-align: justify;\"><span style=\"font-size: 12pt; color: #000000;\"><em><strong><a href=\"http:\/\/www.team-outdoor.fr\/blog\/wp-content\/uploads\/2015\/10\/48258_big.jpg\"><img loading=\"lazy\" decoding=\"async\" class=\"alignright size-medium wp-image-9277\" src=\"http:\/\/www.team-outdoor.fr\/blog\/wp-content\/uploads\/2015\/10\/48258_big-300x200.jpg\" alt=\"48258_big\" width=\"300\" height=\"200\" srcset=\"https:\/\/www.team-outdoor.fr\/blog\/wp-content\/uploads\/2015\/10\/48258_big-300x200.jpg 300w, https:\/\/www.team-outdoor.fr\/blog\/wp-content\/uploads\/2015\/10\/48258_big-600x400.jpg 600w, https:\/\/www.team-outdoor.fr\/blog\/wp-content\/uploads\/2015\/10\/48258_big.jpg 900w\" sizes=\"auto, (max-width: 300px) 100vw, 300px\" \/><\/a>[A]. Je n\u2019aurais pas le temps de profiter du paysage de ce magnifique Col de la Croix Morand.<\/strong> Si c\u2019est autant le merdier au Col de la Croix Saint Robert, \u00e7a va \u00eatre l\u2019angoisse. Car l\u00e0, je n\u2019ai pas le droit de me louper, vu que je dois lui apporter sa seconde flasque. En plus, si je ne suis pas l\u00e0, il ne pourra m\u00eame pas profiter du ravito. Il a d\u00e9cid\u00e9 de laisser l\u2019\u00e9co-tasse non obligatoire dans la voiture puisqu\u2019on s\u2019est cal\u00e9s pour que je le fournisse aussi en coca. <\/em><\/span><\/p>\n<p style=\"text-align: justify;\"><span style=\"font-size: 12pt; color: #000000;\"><em><strong>Je saute dans ma C3, j\u2019appuie sur le favori N\u00b04.<\/strong> D\u2019habitude, je planifie le prochain point de passage avant de sortir de la voiture mais l\u00e0, vu le timing, je n\u2019ai pas eu le temps\u2026. Bon, bah, comme d\u2019hab devant les voitures n\u2019avancent pas. Le GPS indique 12 minutes de route\u2026 puis 13\u2026 puis 14\u2026 p\u00f4 p\u00f4 p\u00f4 p\u00f4 p\u00f4\u2026 c\u2019est pas gagn\u00e9 cette affaire-l\u00e0\u00a0!<\/em><\/span><\/p>\n<p style=\"text-align: justify;\"><span style=\"font-size: 12pt; color: #000000;\"><em><strong>D\u2019autant moins gagn\u00e9, qu\u2019une fois arriv\u00e9e au point indiqu\u00e9 par le GPS, pas de ravito\u00a0!<\/strong> Je me renseigne aupr\u00e8s d\u2019une personne qui est l\u00e0\u2026 \u00ab\u00a0bah non ma petite dame, vous n\u2019\u00eates pas \u00e0 la Croix Saint Robert ici\u00a0\u00bb\u2026 eh merde\u00a0! Je suis vraiment une looseuse\u00a0! Je me suis plant\u00e9e de favori. Il fallait aller au favori 3\u2026 A ce moment-l\u00e0, je suis \u00e9nerv\u00e9e contre moi-m\u00eame mais \u00e0 un point indescriptible\u00a0! Je pouvais rater tous les points de passage mais pas celui-l\u00e0. J\u2019ai les larmes aux yeux. Mais pas le temps de s\u2019apitoyer sur soi-m\u00eame. Je saute dans ma C3 et je fonce direction la Croix Saint Robert. <\/em><\/span><\/p>\n<p style=\"text-align: justify;\"><span style=\"font-size: 12pt; color: #000000;\"><em><strong><a href=\"http:\/\/www.team-outdoor.fr\/blog\/wp-content\/uploads\/2015\/10\/P1290082.jpg\"><img loading=\"lazy\" decoding=\"async\" class=\"alignleft size-medium wp-image-9279\" src=\"http:\/\/www.team-outdoor.fr\/blog\/wp-content\/uploads\/2015\/10\/P1290082-300x225.jpg\" alt=\"P1290082\" width=\"300\" height=\"225\" srcset=\"https:\/\/www.team-outdoor.fr\/blog\/wp-content\/uploads\/2015\/10\/P1290082-300x225.jpg 300w, https:\/\/www.team-outdoor.fr\/blog\/wp-content\/uploads\/2015\/10\/P1290082-1024x768.jpg 1024w, https:\/\/www.team-outdoor.fr\/blog\/wp-content\/uploads\/2015\/10\/P1290082-600x450.jpg 600w\" sizes=\"auto, (max-width: 300px) 100vw, 300px\" \/><\/a>Avec le temps que j\u2019ai perdu pour aller au parking de la station du Puy de Sancy,<\/strong> il y a plein de pinpins qui ont emprunt\u00e9 la route du col. Plus on se rapproche du sommet et moins on avance vite. On est maintenant \u00e0 la queue leu leu \u00e0 10 kil\/h. le GPS m\u2019indique encore 1.5 kilom\u00e8tres. Le bazar devient sans nom quelques m\u00e8tres plus loin. <\/em><\/span><\/p>\n<p style=\"text-align: justify;\"><span style=\"font-size: 12pt; color: #000000;\"><em><strong>Des voitures sont gar\u00e9es sur la partie gauche de la route.<\/strong> D\u2019autres voitures (plein) qui reviennent du ravito \u2013 pour la course du 60 kilom\u00e8tres ou parce qu\u2019elles ont voulu aller le plus pr\u00e8s possible du col mais qu\u2019il n\u2019y a plus de place pour se garer\u2013 veulent passer et se d\u00e9calent sur la partie droite de la route. Ce qui fait qu\u2019on est compl\u00e8tement bloqu\u00e9s. Je sens le truc arriver que je vais rater Jonathan. Je rep\u00e8re une esp\u00e8ce de place ou il y a \u00e9trangement personne. Je m\u2019impose pour faire demi-tour cr\u00e9ant un merdier encore plus redoutable pour les voitures derri\u00e8re moi mais bon, cas de force majeure\u00a0! <\/em><\/span><\/p>\n<p style=\"text-align: justify;\"><span style=\"font-size: 12pt; color: #000000;\"><strong>[J] Arriv\u00e9 de nouveau au sommet, je me lance dans la descente vers le ravito.<\/strong> Je ne me fais pas du tout plaisir et je sens que je n\u2019avance pas vraiment bien. Trois coureurs me passent en m\u00eame temps, mais quand j\u2019essaie de les accrocher, je me ramasse tout de suite\u00a0! Tant pis, je fais la descente \u00e0 mon rythme en esp\u00e9rant que \u00e7a aille mieux apr\u00e8s.<\/span><\/p>\n<p style=\"text-align: justify;\"><span style=\"font-size: 12pt; color: #000000;\"><strong><em>[A]<\/em> <\/strong><em><strong>Ouf je suis gar\u00e9e\u00a0! J\u2019attrape le sac dans lequel j\u2019ai la flasque et le coca et je cours vers le ravito.<\/strong> Je m\u2019informe\u2026 le premier du 34 n\u2019est pas encore pass\u00e9\u2026 ouf\u2026 Je sors la flasque et le coca. J\u2019essaie de rep\u00e9rer la zone d\u2019assistance afin de ne pas avoir de p\u00e9nalit\u00e9. Mais c\u2019est un foutoir monstre ici aussi. Il y a des spectateurs partout, des gars de teams partout avec des flasques et des sacs. Les coureurs n\u2019ont pratiquement pas la place de passer. <\/em><\/span><\/p>\n<p style=\"text-align: justify;\"><span style=\"font-size: 12pt; color: #000000;\"><em><strong><a href=\"http:\/\/www.team-outdoor.fr\/blog\/wp-content\/uploads\/2015\/10\/2015-09-27-14.50.03.jpg\"><img loading=\"lazy\" decoding=\"async\" class=\"alignright size-medium wp-image-9274\" src=\"http:\/\/www.team-outdoor.fr\/blog\/wp-content\/uploads\/2015\/10\/2015-09-27-14.50.03-300x225.jpg\" alt=\"2015-09-27 14.50.03\" width=\"300\" height=\"225\" srcset=\"https:\/\/www.team-outdoor.fr\/blog\/wp-content\/uploads\/2015\/10\/2015-09-27-14.50.03-300x225.jpg 300w, https:\/\/www.team-outdoor.fr\/blog\/wp-content\/uploads\/2015\/10\/2015-09-27-14.50.03-1024x768.jpg 1024w, https:\/\/www.team-outdoor.fr\/blog\/wp-content\/uploads\/2015\/10\/2015-09-27-14.50.03-600x450.jpg 600w\" sizes=\"auto, (max-width: 300px) 100vw, 300px\" \/><\/a>Julien RANCON arrive alors, suivi de pr\u00e8s par C\u00e9dric FLEURETON.<\/strong> Puis Thibault BARONIAN pointe, un peu d\u00e9croch\u00e9, en troisi\u00e8me position. Jaouad est 5<sup>\u00e8me<\/sup>. En attendant Jonathan, je discute avec les parents de Gw\u00e9na\u00ebl BUSSEUIL, vraiment tr\u00e8s gentils. Leur fils a fait 5<sup>\u00e8me<\/sup> du TTN court en 2014 mais a connu un d\u00e9but de saison perturb\u00e9 par une blessure cette ann\u00e9e. Les coureurs du 34 continuent d\u2019arriver au ravito. J\u2019en suis \u00e0 15\u2026 Au loin, dans la pente qui descend \u00e0 pic, je reconnais la magnifique foul\u00e9e de mon homme\u00a0! J\u2019esp\u00e8re qu\u2019il va bien. <\/em><\/span><\/p>\n<p style=\"text-align: justify;\"><span style=\"font-size: 12pt; color: #000000;\"><strong>[J] Voil\u00e0 le ravito\u00a0: c\u2019est noir de monde\u00a0!!<\/strong> On voit que c\u2019est le Championnat de France, beaucoup de monde est venu suivre les coureurs. Je me dis qu\u2019Agn\u00e8s doit se sentir moins seule\u00a0! Je rep\u00e8re facilement ma ch\u00e9rie, les bras lev\u00e9s avec une flasque dans la main gauche et la bouteille de coca dans la main droite\u00a0!<\/span><\/p>\n<p style=\"text-align: justify;\"><span style=\"font-size: 12pt; color: #000000;\"><strong>Je bois quelques gorg\u00e9es de coca et r\u00e9cup\u00e8re la flasque.<\/strong> J\u2019ai alors le droit \u00e0 une question de ma ch\u00e9rie\u00a0: \u00ab\u00a0\u00c7a va pas\u00a0?\u00bb, alors que j\u2019ai pas l\u2019impression d\u2019\u00eatre mal. Quand je lui r\u00e9ponds que \u00e7a va, elle me demande comment \u00e7a se fait que je suis loin de la premi\u00e8re nana\u00a0! Je sais tr\u00e8s bien qu\u2019il n\u2019y a pas de fille devant moi, donc je lui r\u00e9ponds que c\u2019est pas possible, que \u00e7a doit \u00eatre une fille du 60km. [<em>Ouais, la boulette\u00a0! mais je n\u2019ai pas dit \u00ab\u00a0loin\u00a0\u00bb, j\u2019ai juste dit \u00ab\u00a0derri\u00e8re\u00a0\u00bb\u00a0!!!<\/em>]<\/span><\/p>\n<p style=\"text-align: justify;\"><span style=\"font-size: 12pt; color: #000000;\"><strong><a href=\"http:\/\/www.team-outdoor.fr\/blog\/wp-content\/uploads\/2015\/10\/P1290091.jpg\"><img loading=\"lazy\" decoding=\"async\" class=\"alignleft size-medium wp-image-9284\" src=\"http:\/\/www.team-outdoor.fr\/blog\/wp-content\/uploads\/2015\/10\/P1290091-300x225.jpg\" alt=\"P1290091\" width=\"300\" height=\"225\" srcset=\"https:\/\/www.team-outdoor.fr\/blog\/wp-content\/uploads\/2015\/10\/P1290091-300x225.jpg 300w, https:\/\/www.team-outdoor.fr\/blog\/wp-content\/uploads\/2015\/10\/P1290091-1024x768.jpg 1024w, https:\/\/www.team-outdoor.fr\/blog\/wp-content\/uploads\/2015\/10\/P1290091-600x450.jpg 600w\" sizes=\"auto, (max-width: 300px) 100vw, 300px\" \/><\/a>Bon, je lui pardonne car gr\u00e2ce \u00e0 ma ch\u00e9rie, je connais mon classement.<\/strong> Jusqu\u2019\u00e0 pr\u00e9sent, aucune indication par les spectateurs. Elle m\u2019annonce 18<sup>\u00e8me<\/sup>. Ce n\u2019est pas vraiment ce que j\u2019esp\u00e9rai \u00e0 cet endroit, mais la course n\u2019est pas finie. C\u2019est m\u00eame l\u00e0 qu\u2019elle est sens\u00e9e commencer\u2026 enfin, j\u2019esp\u00e8re\u00a0!<\/span><\/p>\n<p style=\"text-align: justify;\"><span style=\"font-size: 12pt; color: #000000;\"><strong>En repartant, je me dis que de toute fa\u00e7on je ne suis pas trop mal<\/strong> et je dois \u00eatre \u00e0 peu pr\u00e8s \u00e0 ma place vu que Romu et Geoffroy sont derri\u00e8re, et Laurent pas loin devant. Je profite du petit replat qu\u2019il y a avant d\u2019entamer les bosses suivantes pour relancer. Je sens que les jambes vont bien et que je n\u2019ai pas encore trop entam\u00e9 mes r\u00e9serves.<\/span><\/p>\n<p style=\"text-align: justify;\"><span style=\"font-size: 12pt; color: #000000;\"><strong>Du coup quand \u00e7a remonte, je continue \u00e0 courir m\u00eame si la pente devient un peu plus raide.<\/strong> Je rattrape Hocine BOUTRIA (2<sup>\u00e8me<\/sup> \u00e0 l\u2019Infernal Trail) dans une des mont\u00e9es\u00a0: il n\u2019avance plus trop et semble dans le dur. Il finira quand m\u00eame, mais \u00e0 une 62<sup>\u00e8me<\/sup> place qui ne refl\u00e8te pas du tout son niveau. A partir de ce moment-l\u00e0, je remonte r\u00e9guli\u00e8rement des coureurs. C\u2019est encourageant vu que la mi-course n\u2019est pas encore pass\u00e9e.<\/span><\/p>\n<p style=\"text-align: justify;\"><span style=\"font-size: 12pt; color: #000000;\"><em><strong>[A]. Mon homme repart apr\u00e8s quelques secondes de ravito<\/strong>. Je range la flasque vide dans le sac. Je salue les parents de Gw\u00e9na\u00ebl et je fonce vers la voiture. Normalement, Jo fait pas mal de kilom\u00e8tres avant que je puisse le revoir donc j\u2019ai le temps de rejoindre le parking de la station du Sancy situ\u00e9 \u00e0 4 kilom\u00e8tres de l\u2019arriv\u00e9e. Mais avec ce merdier, on ne sait jamais, je pr\u00e9f\u00e8re ne pas camper sur place\u00a0! <\/em><\/span><\/p>\n<p style=\"text-align: justify;\"><span style=\"font-size: 12pt; color: #000000;\"><em><strong><a href=\"http:\/\/www.team-outdoor.fr\/blog\/wp-content\/uploads\/2015\/10\/169.jpg\"><img loading=\"lazy\" decoding=\"async\" class=\"alignright size-medium wp-image-9292\" src=\"http:\/\/www.team-outdoor.fr\/blog\/wp-content\/uploads\/2015\/10\/169-300x225.jpg\" alt=\"169\" width=\"300\" height=\"225\" srcset=\"https:\/\/www.team-outdoor.fr\/blog\/wp-content\/uploads\/2015\/10\/169-300x225.jpg 300w, https:\/\/www.team-outdoor.fr\/blog\/wp-content\/uploads\/2015\/10\/169.jpg 600w\" sizes=\"auto, (max-width: 300px) 100vw, 300px\" \/><\/a>Quand j\u2019arrive \u00e0 proximit\u00e9 de la C3, \u00e0 peine ai-je mis la cl\u00e9 dans la serrure<\/strong> que je me fais alpaguer par un gars de l\u2019orga qui me sermonne sur l\u2019endroit o\u00f9 je suis gar\u00e9e\u2026\u2026 juste devant un gros panneau \u00ab\u00a0interdit de stationner\u00a0\u00bb plac\u00e9 l\u00e0 pour l\u2019occasion. Je comprends mieux pourquoi il y avait une place libre ici. C\u2019est s\u00fbr, qu\u2019avec le recul, je conviens que l\u2019emplacement n\u2019est pas franchement g\u00e9nial, en plein dans un virage\u2026 Je fais mon plus beau sourire en m\u2019excusant et argumentant le fait que j\u2019ai bien failli rater le ravito de mon ch\u00e9ri\u2026 bla bla bla\u2026je dois le saouler car il me fait vite signe de circuler\u2026Ses grands gestes de la main me font grave penser \u00e0 ceux de Bourvil quand il chante \u00ab\u00a0La tagadatactique du gendarme\u00a0\u00bb\u2026 Je lutte pour garder mon s\u00e9rieux\u00a0! Je fais vraiment n\u2019importe quoi aujourd\u2019hui\u00a0!<\/em><\/span><\/p>\n<p style=\"text-align: justify;\"><span style=\"font-size: 12pt; color: #000000;\"><em><strong>Je suis \u00e9puis\u00e9e\u2026 Je pointe le favori 4 \u2013 le bon cette fois \u2013<\/strong> dans le GPS et je repars. Ouf, on va enfin pouvoir sortir de cette gal\u00e8re. Enfin&#8230; il faudra 20 bonnes minutes suppl\u00e9mentaires pour s\u2019extirper de ce col. Car les voitures continuent \u00e0 monter au sommet l\u00e0 o\u00f9 il n\u2019y a plus de place, \u00e0 faire demi-tour et \u00e0 redescendre, tout cela avec la moiti\u00e9 de la route du col bloqu\u00e9e par les voitures qui y sont gar\u00e9es\u00a0! <\/em><\/span><\/p>\n<figure id=\"attachment_9294\" aria-describedby=\"caption-attachment-9294\" style=\"width: 300px\" class=\"wp-caption alignleft\"><a href=\"http:\/\/www.team-outdoor.fr\/blog\/wp-content\/uploads\/2015\/10\/171.jpg\"><img loading=\"lazy\" decoding=\"async\" class=\"wp-image-9294 size-medium\" src=\"http:\/\/www.team-outdoor.fr\/blog\/wp-content\/uploads\/2015\/10\/171-300x200.jpg\" alt=\"171\" width=\"300\" height=\"200\" srcset=\"https:\/\/www.team-outdoor.fr\/blog\/wp-content\/uploads\/2015\/10\/171-300x200.jpg 300w, https:\/\/www.team-outdoor.fr\/blog\/wp-content\/uploads\/2015\/10\/171-1024x684.jpg 1024w, https:\/\/www.team-outdoor.fr\/blog\/wp-content\/uploads\/2015\/10\/171-600x401.jpg 600w, https:\/\/www.team-outdoor.fr\/blog\/wp-content\/uploads\/2015\/10\/171.jpg 2000w\" sizes=\"auto, (max-width: 300px) 100vw, 300px\" \/><\/a><figcaption id=\"caption-attachment-9294\" class=\"wp-caption-text\"><em>cr\u00e9dit photo Ski &amp; Run<\/em><\/figcaption><\/figure>\n<p style=\"text-align: justify;\"><span style=\"font-size: 12pt; color: #000000;\"><strong>[J] Au 16<sup>\u00e8me<\/sup> km, on entame la descente vers la vall\u00e9e de Chaudefour.<\/strong> C\u2019est la premi\u00e8re vraie descente du parcours\u00a0: 600mD- sur 4km. Je me sens tout de suite beaucoup mieux que sur les premi\u00e8res descentes. Gr\u00e2ce aux conseils de Bertrand, je ne me laisse pas porter par la pente mais je continue de donner du rythme. C\u2019est vraiment agr\u00e9able de prendre du plaisir aussi en descente et de ne pas se dire pendant tout le long\u00a0: \u00ab\u00a0<em>Quand est-ce que \u00e7a va s\u2019arr\u00eater\u00a0?<\/em>\u00a0\u00bb.<\/span><\/p>\n<p style=\"text-align: justify;\"><span style=\"font-size: 12pt; color: #000000;\"><strong>Pendant la descente, je rattrape Jaouad qui ne semble pas au mieux<\/strong>\u00a0: il s\u2019est bless\u00e9 \u00e0 la cuisse. Je cours un peu avec lui vu que c\u2019est un single. En plus, \u00e7a me permet de temporiser un peu et de r\u00e9cup\u00e9rer avant la derni\u00e8re grosse ascension du parcours vers le Puy de Sancy.<\/span><\/p>\n<p style=\"text-align: justify;\"><span style=\"font-size: 12pt; color: #000000;\"><strong>Toute cette partie de la course est tr\u00e8s sauvage<\/strong>\u00a0: c\u2019est un r\u00e9gal de courir dans ces paysages magnifiques et tr\u00e8s vari\u00e9s. Parfois, on est en sous-bois, parfois \u00e0 d\u00e9couvert avec vu sur les massifs\u2026 Bref, je profite de la descente qui passe tr\u00e8s rapidement. Le seul d\u00e9faut c\u2019est qu\u2019aucun point n\u2019est accessible en voiture donc je ne reverrai Agn\u00e8s qu\u2019apr\u00e8s la descente du Sancy.<\/span><\/p>\n<figure id=\"attachment_9297\" aria-describedby=\"caption-attachment-9297\" style=\"width: 300px\" class=\"wp-caption alignright\"><a href=\"http:\/\/www.team-outdoor.fr\/blog\/wp-content\/uploads\/2015\/10\/172.jpg\"><img loading=\"lazy\" decoding=\"async\" class=\"wp-image-9297 size-medium\" src=\"http:\/\/www.team-outdoor.fr\/blog\/wp-content\/uploads\/2015\/10\/172-300x200.jpg\" alt=\"172\" width=\"300\" height=\"200\" srcset=\"https:\/\/www.team-outdoor.fr\/blog\/wp-content\/uploads\/2015\/10\/172-300x200.jpg 300w, https:\/\/www.team-outdoor.fr\/blog\/wp-content\/uploads\/2015\/10\/172-1024x684.jpg 1024w, https:\/\/www.team-outdoor.fr\/blog\/wp-content\/uploads\/2015\/10\/172-600x401.jpg 600w, https:\/\/www.team-outdoor.fr\/blog\/wp-content\/uploads\/2015\/10\/172.jpg 2000w\" sizes=\"auto, (max-width: 300px) 100vw, 300px\" \/><\/a><figcaption id=\"caption-attachment-9297\" class=\"wp-caption-text\"><em>cr\u00e9dit photo Ski &amp; Run<\/em><\/figcaption><\/figure>\n<p style=\"text-align: justify;\"><span style=\"font-size: 12pt; color: #000000;\"><strong>En bas, comme pr\u00e9vu, il y a un point d\u2019eau.<\/strong> Je ne m\u2019y arr\u00eate pas, car je suis tr\u00e8s large niveau boisson, je n\u2019ai pas bu \u00e9norm\u00e9ment. La mont\u00e9e, comme les pr\u00e9c\u00e9dentes commence par une pente pas vraiment tr\u00e8s raide qui se coure bien si on s\u2019est \u00e9conomis\u00e9 au d\u00e9part. On arrive au 20<sup>\u00e8me<\/sup> km, il n\u2019en reste donc plus que 14. C\u2019est \u00e0 partir de l\u00e0 que je commence \u00e0 vraiment puiser dans mes r\u00e9serves. J\u2019ai quelques coureurs en points de mire que je remonte un par un. Beaucoup d\u2019entre eux marchent alors que j\u2019ai l\u2019impression d\u2019\u00eatre encore tr\u00e8s bien.<\/span><\/p>\n<p style=\"text-align: justify;\"><span style=\"font-size: 12pt; color: #000000;\"><strong>[A]\u2026 <\/strong><em><strong>enfin arriv\u00e9e au parking\u2026 apr\u00e8s \u00e9tude de la carte<\/strong>, je d\u00e9cide de me garer un peu plus bas. Je roule sur une petite route qui sera ensuite emprunt\u00e9e par les coureurs. Je rep\u00e8re l\u2019endroit o\u00f9 ils quittent la route pour garer ma voiture juste apr\u00e8s afin de ne pas \u00eatre g\u00ean\u00e9e pour repartir vers le prochain point de passage puis l\u2019arriv\u00e9e. Je replace la rubalise qui barre la route. Elle a \u00e9t\u00e9 arrach\u00e9e. De l\u00e0, je vois les coureurs sur la cr\u00eate de l\u2019autre versant. Ils sont tout petits vus d\u2019ici. Jonathan a d\u00e9j\u00e0 d\u00fb passer ici. En face, on aper\u00e7oit le Puy de Sancy auquel s\u2019attaqueront les coureurs. <\/em><\/span><\/p>\n<p style=\"text-align: justify;\"><span style=\"font-size: 12pt; color: #000000;\"><strong><a href=\"http:\/\/www.team-outdoor.fr\/blog\/wp-content\/uploads\/2015\/10\/P1290084.jpg\"><img loading=\"lazy\" decoding=\"async\" class=\"alignleft size-medium wp-image-9280\" src=\"http:\/\/www.team-outdoor.fr\/blog\/wp-content\/uploads\/2015\/10\/P1290084-300x225.jpg\" alt=\"P1290084\" width=\"300\" height=\"225\" srcset=\"https:\/\/www.team-outdoor.fr\/blog\/wp-content\/uploads\/2015\/10\/P1290084-300x225.jpg 300w, https:\/\/www.team-outdoor.fr\/blog\/wp-content\/uploads\/2015\/10\/P1290084-1024x768.jpg 1024w, https:\/\/www.team-outdoor.fr\/blog\/wp-content\/uploads\/2015\/10\/P1290084-600x450.jpg 600w\" sizes=\"auto, (max-width: 300px) 100vw, 300px\" \/><\/a>[J] Le paysage devient plus rocailleux<\/strong> au fur et \u00e0 mesure que l\u2019on progresse vers le sommet. Arrive un premier passage tr\u00e8s raide o\u00f9 je d\u00e9cide de marcher (enfin o\u00f9 la pente me force \u00e0 marcher plut\u00f4t;)). D\u00e8s que possible, je relance. Pas loin du sommet, je rattrape Maud GOBERT, alors en 2<sup>\u00e8me<\/sup> position sur le 60km chez les femmes. Je l\u2019encourage parce qu\u2019Agn\u00e8s et elle se connaissent bien. A ma grande surprise, elle me r\u00e9pond\u00a0: <em>\u00ab\u00a0Ah mais c\u2019est le compagnon d\u2019Agn\u00e8s\u00a0!\u00a0\u00bb<\/em> Je ne pensais pas qu\u2019elle se souviendrait de moi, vu qu\u2019on ne s\u2019est pas crois\u00e9s souvent.<\/span><\/p>\n<p style=\"text-align: justify;\"><span style=\"font-size: 12pt; color: #000000;\"><strong>Je continue la fin de la mont\u00e9e \u00e0 mon rythme<\/strong> et juste apr\u00e8s je rattrape aussi la premi\u00e8re femme du 60km (Anne-Lise ROUSSET), que Maud rattrapera aussi avant l\u2019arriv\u00e9e. Sur la fin de l\u2019ascension, je reprends encore quelques places en courant tout le long. Le passage au sommet est splendide. De nombreux spectateurs sont mont\u00e9s jusque-l\u00e0 et il y a de l\u2019ambiance (mais aussi des commentaires moins sympas\u00a0: \u00ab\u00a0Regarde la gueule qu\u2019il tire celui-l\u00e0\u00a0\u00bb ou \u00ab\u00a0Il va jamais aller au bout c\u2019est s\u00fbr\u00a0\u00bb :)).<\/span><\/p>\n<p style=\"text-align: justify;\"><span style=\"font-size: 12pt; color: #000000;\"><strong><a href=\"http:\/\/www.team-outdoor.fr\/blog\/wp-content\/uploads\/2015\/10\/P1290085.jpg\"><img loading=\"lazy\" decoding=\"async\" class=\"alignright size-medium wp-image-9281\" src=\"http:\/\/www.team-outdoor.fr\/blog\/wp-content\/uploads\/2015\/10\/P1290085-300x225.jpg\" alt=\"P1290085\" width=\"300\" height=\"225\" srcset=\"https:\/\/www.team-outdoor.fr\/blog\/wp-content\/uploads\/2015\/10\/P1290085-300x225.jpg 300w, https:\/\/www.team-outdoor.fr\/blog\/wp-content\/uploads\/2015\/10\/P1290085-1024x768.jpg 1024w, https:\/\/www.team-outdoor.fr\/blog\/wp-content\/uploads\/2015\/10\/P1290085-600x450.jpg 600w\" sizes=\"auto, (max-width: 300px) 100vw, 300px\" \/><\/a>Le d\u00e9but de la descente est horrible.<\/strong> Ce sont des marches d\u2019escalier en bois, compl\u00e8tement irr\u00e9guli\u00e8res, et assez casse-gueule. J\u2019essaie de les descendre du mieux possible en pas chass\u00e9s, comme je fais d\u2019habitude dans les escaliers avec mes grands pieds. Ensuite, on revient sur du classique, c\u2019est-\u00e0-dire une descente plut\u00f4t raide et assez technique avec de la boue et des cailloux. J\u2019arrive \u00e0 maintenir un bon rythme dans cette descente et \u00e0 revenir sur quelques concurrents.<\/span><\/p>\n<p style=\"text-align: justify;\"><span style=\"font-size: 12pt; color: #000000;\"><em><strong>[A] Un b\u00e9n\u00e9vole vient se garer \u00e0 quelques 50 m\u00e8tres de l\u00e0 o\u00f9 je suis.<\/strong> Il me parle de loin mais je ne comprends pas trop ce qu\u2019il me dit. Ah, il me demande si je suis plac\u00e9e l\u00e0\u00a0! En fait, il pensait que j\u2019\u00e9tais aussi b\u00e9n\u00e9vole. Je lui dis que j\u2019attends juste mon ch\u00e9ri. C\u00e9cile Lafranchi se gare pas loin, on papote un peu puis elle part vers le parking pour attendre son mari. Avec le b\u00e9n\u00e9vole, on papote en attendant les coureurs. C\u2019est un gendarme, super gentil. Il me pr\u00e9sente les diff\u00e9rents sommets qu\u2019on voit de l\u00e0. Il est aussi b\u00e9n\u00e9vole sur une course de ski l\u2019hiver. Les coureurs se font d\u00e9sirer\u00a0! On verra les premiers du 60 qui ont bien creus\u00e9 l\u2019\u00e9cart\u2026 Je prends le pari que ceux du 34 arriveront \u00e0 11h30\u2026 gagn\u00e9\u00a0! C\u2019est C\u00e9dric FLEURETON qui est maintenant en t\u00eate avec 1min15 d\u2019avance sur Julien RANCON. Thibault est toujours troisi\u00e8me un peu plus loin derri\u00e8re. Il a creus\u00e9 le trou sur le quatri\u00e8me.<\/em><\/span><\/p>\n<p style=\"text-align: justify;\"><span style=\"font-size: 12pt; color: #000000;\"><em><strong><a href=\"http:\/\/www.team-outdoor.fr\/blog\/wp-content\/uploads\/2015\/10\/2015-09-27-11.46.34.jpg\"><img loading=\"lazy\" decoding=\"async\" class=\"alignleft size-medium wp-image-9261\" src=\"http:\/\/www.team-outdoor.fr\/blog\/wp-content\/uploads\/2015\/10\/2015-09-27-11.46.34-300x225.jpg\" alt=\"2015-09-27 11.46.34\" width=\"300\" height=\"225\" srcset=\"https:\/\/www.team-outdoor.fr\/blog\/wp-content\/uploads\/2015\/10\/2015-09-27-11.46.34-300x225.jpg 300w, https:\/\/www.team-outdoor.fr\/blog\/wp-content\/uploads\/2015\/10\/2015-09-27-11.46.34-1024x768.jpg 1024w, https:\/\/www.team-outdoor.fr\/blog\/wp-content\/uploads\/2015\/10\/2015-09-27-11.46.34-600x450.jpg 600w\" sizes=\"auto, (max-width: 300px) 100vw, 300px\" \/><\/a>Je dis \u00e0 mon compagnon d\u2019attente que mon ch\u00e9ri ne devrait pas tarder \u00e0 arriver.<\/strong> C\u2019est frustrant de ne pas savoir s\u2019il a pu remonter de sa 18<sup>\u00e8me<\/sup> place. M\u00eame si j\u2019ai une grande confiance en lui. Je vois passer Bertrand BROCHOT puis j\u2019aper\u00e7ois Jo au loin quelques m\u00e8tres derri\u00e8re un coureur que je ne reconnais pas d\u2019ici. C\u2019est Christophe MARLARDE. Je pr\u00e9viens le b\u00e9n\u00e9vole que mon ch\u00e9ri arrive et que je vais filer juste apr\u00e8s pour aller le voir passer juste en dessous. Il est super content de me voir heureuse comme \u00e7a et il encouragera Jonathan \u00e0 son passage.<\/em><\/span><\/p>\n<p style=\"text-align: justify;\"><span style=\"font-size: 12pt; color: #000000;\"><strong>[J] A 5km de l\u2019arriv\u00e9e, je double Laurent qui commence \u00e0 baisser un peu de rythme.<\/strong> De mon c\u00f4t\u00e9, je donne tout pour finir le plus fort possible, et essayer de grappiller encore quelques places. On passe sur un bout de route. Je vois ma ch\u00e9rie au loin qui m\u2019encourage et qui m\u2019annonce en neuvi\u00e8me place alors qu\u2019il reste encore plus de 4km.<\/span><\/p>\n<p style=\"text-align: justify;\"><span style=\"font-size: 12pt; color: #000000;\"><strong>Je double Christophe MALARDE qui terminera juste derri\u00e8re moi \u00e0 l\u2019arriv\u00e9e et deuxi\u00e8me V1.<\/strong> Le profil est beaucoup moins descendant et il faut se faire mal pour conserver un rythme soutenu. Quelques petites bosses viennent m\u00eame pimenter la fin du parcours. Je vois devant deux concurrents qui avancent bien, mais quand je rattrape le premier d\u2019entre eux, il s\u2019agit de Thierry BREUIL qui est sur le 60km\u2026 On s\u2019encourage mutuellement et je repars \u00e0 la poursuite de l\u2019autre coureur.<\/span><\/p>\n<p style=\"text-align: justify;\"><span style=\"font-size: 12pt; color: #000000;\"><em><strong><a href=\"http:\/\/www.team-outdoor.fr\/blog\/wp-content\/uploads\/2015\/10\/2015-09-27-08.33.04.jpg\"><img loading=\"lazy\" decoding=\"async\" class=\"alignright size-medium wp-image-9259\" src=\"http:\/\/www.team-outdoor.fr\/blog\/wp-content\/uploads\/2015\/10\/2015-09-27-08.33.04-300x225.jpg\" alt=\"2015-09-27 08.33.04\" width=\"300\" height=\"225\" srcset=\"https:\/\/www.team-outdoor.fr\/blog\/wp-content\/uploads\/2015\/10\/2015-09-27-08.33.04-300x225.jpg 300w, https:\/\/www.team-outdoor.fr\/blog\/wp-content\/uploads\/2015\/10\/2015-09-27-08.33.04-1024x768.jpg 1024w, https:\/\/www.team-outdoor.fr\/blog\/wp-content\/uploads\/2015\/10\/2015-09-27-08.33.04-600x450.jpg 600w\" sizes=\"auto, (max-width: 300px) 100vw, 300px\" \/><\/a>[A] J\u2019encourage Jo \u00e0 passer devant Christophe.<\/strong> Chaque place compte\u00a0! Surtout que cela va se jouer l\u00e0 pour la victoire au g\u00e9n\u00e9ral du TTN\u2026 Je n\u2019aper\u00e7ois pas Laurent VICENTE mais je n\u2019ai pas le temps d\u2019attendre qu\u2019il passe si je veux voir Jonathan 500 m\u00e8tres plus bas\u2026Je saute dans ma voiture et fonce sur cette petite route toute caboss\u00e9e\u00a0!!! Merde trop tard\u00a0! Je l\u2019ai loup\u00e9\u00a0!<\/em><\/span><\/p>\n<p style=\"text-align: justify;\"><span style=\"font-size: 12pt; color: #000000;\"><strong>[J] Tout \u00e0 coup, j\u2019entends derri\u00e8re moi des coups de klaxon<\/strong>\u00a0: je sais instantan\u00e9ment qui c\u2019est, m\u00eame sans la voir. Agn\u00e8s me confirmera que c\u2019\u00e9tait bien elle\u00a0: apr\u00e8s m\u2019avoir vu plus haut, elle a repris la voiture mais est arriv\u00e9e trop tard. Elle m\u2019a vu passer de loin donc elle a klaxonn\u00e9 en se disant que j\u2019allais savoir qui c\u2019\u00e9tait. Puis, peu apr\u00e8s, j\u2019entends une voiture qui fait une longue marche arri\u00e8re\u00a0! Ouais, elle s\u2019amuse bien\u00a0!<\/span><\/p>\n<p style=\"text-align: justify;\"><span style=\"font-size: 12pt; color: #000000;\"><em><strong>[A] S\u2019il savait la suite\u2026 mais bon, j\u2019ai trop honte<\/strong>\u2026 je le laisse vous la raconter\u2026 De retour au Mont Dore, je l\u2019encouragerais dans les derniers 500m. Il peut encore reprendre une place, Benjamin BELLAMY n\u2019est vraiment pas loin devant. Il ne faut rien l\u00e2cher. <\/em><\/span><\/p>\n<p style=\"text-align: justify;\"><span style=\"font-size: 12pt; color: #000000;\"><strong>[J] Enfin, j\u2019arrive au niveau de la derni\u00e8re descente<\/strong> pour arriver au Mont-Dore. Une fois de plus, je retrouve Agn\u00e8s et pas mal d\u2019autres spectateurs. Elle m\u2019encourage \u00e0 aller reprendre le coureur devant moi mais je ne l\u2019aurai pas\u2026 Il ne restait que 500m\u2026<br class=\"none\" \/><br class=\"none\" \/><br class=\"none\" \/><\/span><\/p>\n<div id='gallery-1' class='gallery galleryid-9251 gallery-columns-3 gallery-size-thumbnail'><figure class='gallery-item'>\n\t\t\t<div class='gallery-icon portrait'>\n\t\t\t\t<a href='https:\/\/www.team-outdoor.fr\/blog\/2015-09-27-12-18-49\/'><img loading=\"lazy\" decoding=\"async\" width=\"150\" height=\"150\" src=\"https:\/\/www.team-outdoor.fr\/blog\/wp-content\/uploads\/2015\/10\/2015-09-27-12.18.49-150x150.jpg\" class=\"attachment-thumbnail size-thumbnail\" alt=\"\" \/><\/a>\n\t\t\t<\/div><\/figure><figure class='gallery-item'>\n\t\t\t<div class='gallery-icon portrait'>\n\t\t\t\t<a href='https:\/\/www.team-outdoor.fr\/blog\/2015-09-27-12-18-51\/'><img loading=\"lazy\" decoding=\"async\" width=\"150\" height=\"150\" src=\"https:\/\/www.team-outdoor.fr\/blog\/wp-content\/uploads\/2015\/10\/2015-09-27-12.18.51-150x150.jpg\" class=\"attachment-thumbnail size-thumbnail\" alt=\"\" \/><\/a>\n\t\t\t<\/div><\/figure><figure class='gallery-item'>\n\t\t\t<div class='gallery-icon portrait'>\n\t\t\t\t<a href='https:\/\/www.team-outdoor.fr\/blog\/2015-09-27-12-18-53\/'><img loading=\"lazy\" decoding=\"async\" width=\"150\" height=\"150\" src=\"https:\/\/www.team-outdoor.fr\/blog\/wp-content\/uploads\/2015\/10\/2015-09-27-12.18.53-150x150.jpg\" class=\"attachment-thumbnail size-thumbnail\" alt=\"\" \/><\/a>\n\t\t\t<\/div><\/figure><figure class='gallery-item'>\n\t\t\t<div class='gallery-icon landscape'>\n\t\t\t\t<a href='https:\/\/www.team-outdoor.fr\/blog\/2015-09-27-13-30-03\/'><img loading=\"lazy\" decoding=\"async\" width=\"150\" height=\"150\" src=\"https:\/\/www.team-outdoor.fr\/blog\/wp-content\/uploads\/2015\/10\/2015-09-27-13.30.03-150x150.jpg\" class=\"attachment-thumbnail size-thumbnail\" alt=\"\" \/><\/a>\n\t\t\t<\/div><\/figure>\n\t\t<\/div>\n\n<p style=\"text-align: justify;\"><span style=\"font-size: 12pt; color: #000000;\"><strong>Je coupe la ligne d\u2019arriv\u00e9e en 03:02:03 \u00e0 la 7<sup>\u00e8me<\/sup> place<\/strong>. Je suis vraiment super content de ma course et enti\u00e8rement satisfait avec cette 7<sup>\u00e8me<\/sup> place. Les deux premiers \u00e9taient vraiment intouchables comme pr\u00e9vu\u00a0: FLEURETON et RANCON terminent plus de 15min devant moi. Ensuite BARONIAN finit aussi 12min devant (\u00e0 peu pr\u00e8s comme au Transju\u2019Trail). A partir de la 4<sup>\u00e8me<\/sup> place, les \u00e9carts sont plus raisonnables.<\/span><\/p>\n<p style=\"text-align: justify;\"><span style=\"font-size: 12pt; color: #000000;\"><strong>Laurent VICENTE finit trois minutes derri\u00e8re \u00e0 la 10<sup>\u00e8me<\/sup> position.<\/strong> Geoffroy a donc abandonn\u00e9, et Romuald n\u2019a pas pu faire la course \u00e0 son niveau. Les calculs pour savoir qui est devant au TTN vont donc \u00eatre serr\u00e9s entre Laurent et moi\u00a0!! ;)<\/span><\/p>\n<p style=\"text-align: justify;\"><span style=\"font-size: 12pt; color: #000000;\"><strong><a href=\"http:\/\/www.team-outdoor.fr\/blog\/wp-content\/uploads\/2015\/10\/2015-09-27-13.25.28.jpg\"><img loading=\"lazy\" decoding=\"async\" class=\"alignleft size-medium wp-image-9265\" src=\"http:\/\/www.team-outdoor.fr\/blog\/wp-content\/uploads\/2015\/10\/2015-09-27-13.25.28-225x300.jpg\" alt=\"2015-09-27 13.25.28\" width=\"225\" height=\"300\" srcset=\"https:\/\/www.team-outdoor.fr\/blog\/wp-content\/uploads\/2015\/10\/2015-09-27-13.25.28-225x300.jpg 225w, https:\/\/www.team-outdoor.fr\/blog\/wp-content\/uploads\/2015\/10\/2015-09-27-13.25.28-768x1024.jpg 768w, https:\/\/www.team-outdoor.fr\/blog\/wp-content\/uploads\/2015\/10\/2015-09-27-13.25.28-600x800.jpg 600w\" sizes=\"auto, (max-width: 225px) 100vw, 225px\" \/><\/a>Apr\u00e8s l\u2019arriv\u00e9e, des b\u00e9n\u00e9voles sont l\u00e0 pour contr\u00f4ler les sacs de tout le monde<\/strong>, ce qui est plut\u00f4t pas mal pour \u00e9viter que certains partent sans le matos obligatoire. Je retrouve enfin Agn\u00e8s pour pouvoir la remercier pour son soutien et son assistance que ce soit pendant la course ou dans la vie de tous les jours. En plus, je sais que \u00e7a n\u2019a pas d\u00fb \u00eatre facile d\u2019\u00eatre au volant avec la douleur qu\u2019elle avait dans la fesse.<\/span><\/p>\n<p style=\"text-align: justify;\"><span style=\"font-size: 12pt; color: #000000;\"><strong>J\u2019ai vraiment beaucoup donn\u00e9 sur la fin de course et j\u2019ai besoin de me reposer.<\/strong> Mais ma ch\u00e9rie en a d\u00e9cid\u00e9 autrement pour la fin de journ\u00e9e avec une derni\u00e8re p\u00e9rip\u00e9tie\u00a0: la voiture est bloqu\u00e9e quelque part un peu plus haut, le GPS aurait entrain\u00e9 Agn\u00e8s dans un coin o\u00f9 \u00e7a ne passait pas et en faisant demi-tour, la voiture s\u2019est bloqu\u00e9e. Je n\u2019ai pas trop de d\u00e9tails, mais je sens la gal\u00e8re arriver\u00a0!!<\/span><\/p>\n<p style=\"text-align: justify;\"><span style=\"font-size: 12pt; color: #000000;\"><strong>Apr\u00e8s avoir attendu l\u2019arriv\u00e9e de Romu,<\/strong> discut\u00e9 avec Yann VARIN aux c\u00f4t\u00e9s d\u2019un Laurent VICENTE en train de comptabiliser les points pour le TTN, on part donc en direction de la voiture pour voir ce qu\u2019il en est. D\u00e9j\u00e0, il a fallu la retrouver et \u00e7a n\u2019a pas \u00e9t\u00e9 facile vu qu\u2019Agn\u00e8s l\u2019a laiss\u00e9e sur place et est partie en courant sans se pr\u00e9occuper d\u2019o\u00f9 elle la laissait pour ne pas rater mon arriv\u00e9e\u2026 Tu vois d\u00e9j\u00e0 la gal\u00e8re\u2026<\/span><\/p>\n<p style=\"text-align: justify;\"><span style=\"font-size: 12pt; color: #000000;\"><strong>En arrivant finalement l\u00e0 o\u00f9 elle est \u00ab\u00a0gar\u00e9e\u00a0\u00bb<\/strong>, je vois l\u2019\u00e9tendue des d\u00e9g\u00e2ts\u00a0: le ch\u00e2ssis est pos\u00e9 sur un muret juste devant la roue arri\u00e8re droite. Du coup, la roue arri\u00e8re ne touche pas du tout par terre, et la roue avant tourne dans le vide car elle n\u2019a pas assez de poids dessus\u00a0!! En prenant quelques cailloux aux alentours pour faire un rail et sur\u00e9lever la voiture, on la sort finalement de ce mauvais pas\u00a0: Agn\u00e8s au volant et moi qui pousse\u2026.<br class=\"none\" \/><br class=\"none\" \/><br class=\"none\" \/><\/span><\/p>\n<figure id=\"attachment_9268\" aria-describedby=\"caption-attachment-9268\" style=\"width: 300px\" class=\"wp-caption alignleft\"><a href=\"http:\/\/www.team-outdoor.fr\/blog\/wp-content\/uploads\/2015\/10\/2015-09-27-13.30.28.jpg\"><img loading=\"lazy\" decoding=\"async\" class=\"size-medium wp-image-9268\" src=\"http:\/\/www.team-outdoor.fr\/blog\/wp-content\/uploads\/2015\/10\/2015-09-27-13.30.28-300x225.jpg\" alt=\"mon ch\u00e9ri tr\u00e8s content de sa belle 7\u00e8me place... \u00e7a se voit \u00e0 son sourire non?\" width=\"300\" height=\"225\" srcset=\"https:\/\/www.team-outdoor.fr\/blog\/wp-content\/uploads\/2015\/10\/2015-09-27-13.30.28-300x225.jpg 300w, https:\/\/www.team-outdoor.fr\/blog\/wp-content\/uploads\/2015\/10\/2015-09-27-13.30.28-1024x768.jpg 1024w, https:\/\/www.team-outdoor.fr\/blog\/wp-content\/uploads\/2015\/10\/2015-09-27-13.30.28-600x450.jpg 600w\" sizes=\"auto, (max-width: 300px) 100vw, 300px\" \/><\/a><figcaption id=\"caption-attachment-9268\" class=\"wp-caption-text\"><em>mon ch\u00e9ri tr\u00e8s content de sa belle 7\u00e8me place&#8230; \u00e7a se voit \u00e0 son sourire non?<\/em><\/figcaption><\/figure>\n<p style=\"text-align: justify;\"><span style=\"font-size: 12pt; color: #000000;\"><em><strong>[A] la journ\u00e9e gal\u00e8re de la suiveuse dans toute sa splendeur<\/strong>\u2026. Je suis \u00e9puis\u00e9e mais si heureuse pour mon homme\u2026 le voir avec ce grand sourire vaut bien les quelques mis\u00e8res que j\u2019ai eu \u00e0 affronter aujourd\u2019hui\u2026 et puis, cela m\u2019a permis, d\u2019oublier ma d\u00e9ception de la veille. <\/em><\/span><\/p>\n<p style=\"text-align: justify;\"><span style=\"font-size: 12pt; color: #000000;\"><strong>[J] On retourne ensuite sur le village d\u2019arriv\u00e9e pour profiter un peu de l\u2019ambiance,<\/strong> du beau soleil et du repas. On fait un petit pique-nique, quelques photos, et il est d\u00e9j\u00e0 l\u2019heure de rentrer sur Paris.<\/span><\/p>\n<figure id=\"attachment_9270\" aria-describedby=\"caption-attachment-9270\" style=\"width: 300px\" class=\"wp-caption alignright\"><a href=\"http:\/\/www.team-outdoor.fr\/blog\/wp-content\/uploads\/2015\/10\/2015-09-27-13.30.39.jpg\"><img loading=\"lazy\" decoding=\"async\" class=\"wp-image-9270 size-medium\" src=\"http:\/\/www.team-outdoor.fr\/blog\/wp-content\/uploads\/2015\/10\/2015-09-27-13.30.39-300x225.jpg\" alt=\"2015-09-27 13.30.39\" width=\"300\" height=\"225\" srcset=\"https:\/\/www.team-outdoor.fr\/blog\/wp-content\/uploads\/2015\/10\/2015-09-27-13.30.39-300x225.jpg 300w, https:\/\/www.team-outdoor.fr\/blog\/wp-content\/uploads\/2015\/10\/2015-09-27-13.30.39-1024x768.jpg 1024w, https:\/\/www.team-outdoor.fr\/blog\/wp-content\/uploads\/2015\/10\/2015-09-27-13.30.39-600x450.jpg 600w\" sizes=\"auto, (max-width: 300px) 100vw, 300px\" \/><\/a><figcaption id=\"caption-attachment-9270\" class=\"wp-caption-text\">mon ch\u00e9ri tr\u00e8s content de sa belle 7\u00e8me place&#8230; oh, il sourit!<\/figcaption><\/figure>\n<p style=\"text-align: justify;\"><span style=\"font-size: 12pt; color: #000000;\"><strong>Sur le chemin du retour, on repasse quand m\u00eame par le Col de la Croix Morand<\/strong> pour en profiter un peu tous les deux. Puis, on reprend la route et on retrouve les joies de la vie en r\u00e9gion parisienne avec les bouchons du dimanche soir\u00a0!! Ce fut donc un WE contrast\u00e9 avec des joies et des d\u00e9ceptions mais avec de superbes paysages et la joie de les d\u00e9couvrir ensemble.<\/span><\/p>\n<p style=\"text-align: justify;\"><strong><span style=\"color: #000000; font-size: 14pt;\">Jonathan &amp; agn\u00e8s<\/span><\/strong><\/p>\n","protected":false},"excerpt":{"rendered":"<p>Partie II : les championnats de France de Trail court 2015, le 27 septembre 2015, Le Mont Dore (63)par Jonathan DUHAIL et agn\u00e8s HERVE, Team Outdoor Paris \u2026 [suite] [J] Apr\u00e8s 3h de route et quelques pauses pour d\u00e9tendre la fesse et la jambe d\u2019Agn\u00e8s, nous arrivons au Mont Dore. Il est d\u00e9j\u00e0 20h30 et [&hellip;]<\/p>\n","protected":false},"author":1,"featured_media":9255,"comment_status":"open","ping_status":"open","sticky":false,"template":"","format":"standard","meta":{"ngg_post_thumbnail":0,"footnotes":""},"categories":[11],"tags":[],"class_list":["post-9251","post","type-post","status-publish","format-standard","has-post-thumbnail","hentry","category-on-l-a-fait","has-post-title","has-post-date","has-post-category","has-post-tag","has-post-comment","has-post-author",""],"_links":{"self":[{"href":"https:\/\/www.team-outdoor.fr\/blog\/wp-json\/wp\/v2\/posts\/9251","targetHints":{"allow":["GET"]}}],"collection":[{"href":"https:\/\/www.team-outdoor.fr\/blog\/wp-json\/wp\/v2\/posts"}],"about":[{"href":"https:\/\/www.team-outdoor.fr\/blog\/wp-json\/wp\/v2\/types\/post"}],"author":[{"embeddable":true,"href":"https:\/\/www.team-outdoor.fr\/blog\/wp-json\/wp\/v2\/users\/1"}],"replies":[{"embeddable":true,"href":"https:\/\/www.team-outdoor.fr\/blog\/wp-json\/wp\/v2\/comments?post=9251"}],"version-history":[{"count":10,"href":"https:\/\/www.team-outdoor.fr\/blog\/wp-json\/wp\/v2\/posts\/9251\/revisions"}],"predecessor-version":[{"id":9302,"href":"https:\/\/www.team-outdoor.fr\/blog\/wp-json\/wp\/v2\/posts\/9251\/revisions\/9302"}],"wp:featuredmedia":[{"embeddable":true,"href":"https:\/\/www.team-outdoor.fr\/blog\/wp-json\/wp\/v2\/media\/9255"}],"wp:attachment":[{"href":"https:\/\/www.team-outdoor.fr\/blog\/wp-json\/wp\/v2\/media?parent=9251"}],"wp:term":[{"taxonomy":"category","embeddable":true,"href":"https:\/\/www.team-outdoor.fr\/blog\/wp-json\/wp\/v2\/categories?post=9251"},{"taxonomy":"post_tag","embeddable":true,"href":"https:\/\/www.team-outdoor.fr\/blog\/wp-json\/wp\/v2\/tags?post=9251"}],"curies":[{"name":"wp","href":"https:\/\/api.w.org\/{rel}","templated":true}]}}