{"id":9718,"date":"2015-11-13T13:22:54","date_gmt":"2015-11-13T12:22:54","guid":{"rendered":"http:\/\/www.team-outdoor.fr\/blog\/?p=9718"},"modified":"2015-11-13T13:24:22","modified_gmt":"2015-11-13T12:24:22","slug":"le-plan-marathon-de-benoit-gandelot-pour-son-rp-au-marathon-de-francfort","status":"publish","type":"post","link":"https:\/\/www.team-outdoor.fr\/blog\/le-plan-marathon-de-benoit-gandelot-pour-son-rp-au-marathon-de-francfort\/","title":{"rendered":"Le plan marathon de Benoit GANDELOT pour son RP au marathon de Francfort"},"content":{"rendered":"<p style=\"text-align: justify;\"><br class=\"none\" \/><br class=\"none\" \/><br class=\"none\" \/><a href=\"http:\/\/www.team-outdoor.fr\/blog\/wp-content\/uploads\/2015\/10\/102.jpg\"><img loading=\"lazy\" decoding=\"async\" class=\"alignleft size-medium wp-image-9518\" src=\"http:\/\/www.team-outdoor.fr\/blog\/wp-content\/uploads\/2015\/10\/102-200x300.jpg\" alt=\"102\" width=\"200\" height=\"300\" srcset=\"https:\/\/www.team-outdoor.fr\/blog\/wp-content\/uploads\/2015\/10\/102-200x300.jpg 200w, https:\/\/www.team-outdoor.fr\/blog\/wp-content\/uploads\/2015\/10\/102-600x900.jpg 600w, https:\/\/www.team-outdoor.fr\/blog\/wp-content\/uploads\/2015\/10\/102.jpg 640w\" sizes=\"auto, (max-width: 200px) 100vw, 200px\" \/><\/a><br class=\"none\" \/><span style=\"font-size: 12pt; color: #000000;\"><strong>En octobre dernier, Benoit \u00e9tait au d\u00e9part du <a href=\"http:\/\/www.team-outdoor.fr\/blog\/record-personnel-battu-sur-le-marathon-de-francfort-pour-benoit-gandelot\/\" target=\"_blank\">marathon de Francfort<\/a>.<\/strong> Il franchit la ligne 42.195 kms plus tard avec un grand sourire et un record personnel en poche! Ci-dessous, l&rsquo;athl\u00e8te du Team Outdoor Paris nous am\u00e8ne au c\u0153ur de sa pr\u00e9paration en nous d\u00e9taillant son entrainement. <\/span><\/p>\n<p style=\"text-align: justify;\"><span style=\"font-size: 12pt; color: #000000;\">En vert les jours de repos, en bleu les comp\u00e9titions.En rouge mes impressions et remarques<\/span><br class=\"none\" \/><br class=\"none\" \/><br class=\"none\" \/><strong><span style=\"font-size: 12pt; color: #000000;\"><span style=\"font-size: 14pt;\">Phase 1 : 7 semaines de remise en condition physique<\/span><br class=\"none\" \/><br class=\"none\" \/><a href=\"http:\/\/www.team-outdoor.fr\/blog\/wp-content\/uploads\/2015\/11\/S1-S2.jpg\"><img loading=\"lazy\" decoding=\"async\" class=\"aligncenter wp-image-9715 size-full\" src=\"http:\/\/www.team-outdoor.fr\/blog\/wp-content\/uploads\/2015\/11\/S1-S2.jpg\" alt=\"S1 S2\" width=\"1371\" height=\"849\" srcset=\"https:\/\/www.team-outdoor.fr\/blog\/wp-content\/uploads\/2015\/11\/S1-S2.jpg 1371w, https:\/\/www.team-outdoor.fr\/blog\/wp-content\/uploads\/2015\/11\/S1-S2-300x186.jpg 300w, https:\/\/www.team-outdoor.fr\/blog\/wp-content\/uploads\/2015\/11\/S1-S2-1024x634.jpg 1024w, https:\/\/www.team-outdoor.fr\/blog\/wp-content\/uploads\/2015\/11\/S1-S2-600x372.jpg 600w\" sizes=\"auto, (max-width: 1371px) 100vw, 1371px\" \/><\/a><br class=\"none\" \/><a href=\"http:\/\/www.team-outdoor.fr\/blog\/wp-content\/uploads\/2015\/11\/S3-S.jpg\"><img loading=\"lazy\" decoding=\"async\" class=\"aligncenter wp-image-9716 size-full\" src=\"http:\/\/www.team-outdoor.fr\/blog\/wp-content\/uploads\/2015\/11\/S3-S.jpg\" alt=\"S3 S'\" width=\"1371\" height=\"847\" srcset=\"https:\/\/www.team-outdoor.fr\/blog\/wp-content\/uploads\/2015\/11\/S3-S.jpg 1371w, https:\/\/www.team-outdoor.fr\/blog\/wp-content\/uploads\/2015\/11\/S3-S-300x185.jpg 300w, https:\/\/www.team-outdoor.fr\/blog\/wp-content\/uploads\/2015\/11\/S3-S-1024x633.jpg 1024w, https:\/\/www.team-outdoor.fr\/blog\/wp-content\/uploads\/2015\/11\/S3-S-600x371.jpg 600w\" sizes=\"auto, (max-width: 1371px) 100vw, 1371px\" \/><\/a><a href=\"http:\/\/www.team-outdoor.fr\/blog\/wp-content\/uploads\/2015\/11\/S5.jpg\"><img loading=\"lazy\" decoding=\"async\" class=\"aligncenter size-full wp-image-9717\" src=\"http:\/\/www.team-outdoor.fr\/blog\/wp-content\/uploads\/2015\/11\/S5.jpg\" alt=\"S5\" width=\"1369\" height=\"468\" srcset=\"https:\/\/www.team-outdoor.fr\/blog\/wp-content\/uploads\/2015\/11\/S5.jpg 1369w, https:\/\/www.team-outdoor.fr\/blog\/wp-content\/uploads\/2015\/11\/S5-300x103.jpg 300w, https:\/\/www.team-outdoor.fr\/blog\/wp-content\/uploads\/2015\/11\/S5-1024x350.jpg 1024w, https:\/\/www.team-outdoor.fr\/blog\/wp-content\/uploads\/2015\/11\/S5-600x205.jpg 600w\" sizes=\"auto, (max-width: 1369px) 100vw, 1369px\" \/><\/a><br class=\"none\" \/><\/span><\/strong><span style=\"color: #ff0000;\"><span style=\"font-size: 12pt;\">Semaine sans piste et sans allure rapide qui fait beaucoup de bien pour acqu\u00e9rir de la \u201ccaisse\u201d, les effets ne sont pas imm\u00e9diats toutefois.<\/span><strong><span style=\"font-size: 12pt;\"><br class=\"none\" \/><br class=\"none\" \/><a href=\"http:\/\/www.team-outdoor.fr\/blog\/wp-content\/uploads\/2015\/11\/S6.jpg\"><img loading=\"lazy\" decoding=\"async\" class=\"aligncenter size-full wp-image-9705\" src=\"http:\/\/www.team-outdoor.fr\/blog\/wp-content\/uploads\/2015\/11\/S6.jpg\" alt=\"S6\" width=\"1367\" height=\"517\" srcset=\"https:\/\/www.team-outdoor.fr\/blog\/wp-content\/uploads\/2015\/11\/S6.jpg 1367w, https:\/\/www.team-outdoor.fr\/blog\/wp-content\/uploads\/2015\/11\/S6-300x113.jpg 300w, https:\/\/www.team-outdoor.fr\/blog\/wp-content\/uploads\/2015\/11\/S6-1024x387.jpg 1024w, https:\/\/www.team-outdoor.fr\/blog\/wp-content\/uploads\/2015\/11\/S6-600x227.jpg 600w\" sizes=\"auto, (max-width: 1367px) 100vw, 1367px\" \/><\/a><a href=\"http:\/\/www.team-outdoor.fr\/blog\/wp-content\/uploads\/2015\/11\/S7.jpg\"><img loading=\"lazy\" decoding=\"async\" class=\"aligncenter size-full wp-image-9706\" src=\"http:\/\/www.team-outdoor.fr\/blog\/wp-content\/uploads\/2015\/11\/S7.jpg\" alt=\"S7\" width=\"1373\" height=\"403\" srcset=\"https:\/\/www.team-outdoor.fr\/blog\/wp-content\/uploads\/2015\/11\/S7.jpg 1373w, https:\/\/www.team-outdoor.fr\/blog\/wp-content\/uploads\/2015\/11\/S7-300x88.jpg 300w, https:\/\/www.team-outdoor.fr\/blog\/wp-content\/uploads\/2015\/11\/S7-1024x301.jpg 1024w, https:\/\/www.team-outdoor.fr\/blog\/wp-content\/uploads\/2015\/11\/S7-600x176.jpg 600w\" sizes=\"auto, (max-width: 1373px) 100vw, 1373px\" \/><\/a><\/span><span style=\"font-size: 12pt;\"><span style=\"color: #000000;\"><br class=\"none\" \/><span style=\"font-size: 14pt;\">Phase 2 : 8 semaines de pr\u00e9paration marathon en deux blocs, le chrono vis\u00e9 est 2h35 ou moins soit 3\u201940\/km.<\/span> <br class=\"none\" \/><br class=\"none\" \/>Plan r\u00e9alis\u00e9 par Mohammed El Yamani (Momo), champion de France de marathon V2.<\/span><\/span><span style=\"font-size: 12pt;\"><br \/>\n<\/span><\/strong><span style=\"font-size: 12pt;\"><span style=\"color: #000000;\">Les s\u00e9ances longues au seuil du mercredi montent crescendo : les distances augmentent mais l\u2019allure reste la m\u00eame (entre rythme semi et 10). Idem pour les s\u00e9ances d\u2019allure du samedi.<\/span><\/span><span style=\"font-size: 12pt;\"><br \/>\n<span style=\"color: #000000;\">Les s\u00e9ances de c\u00f4tes remplacent les s\u00e9ances de VMA, moins traumatisantes elles permettent tout autant de travailler la puissance.<\/span><br \/>\n<span style=\"color: #000000;\">Le gros du travail se focalise sur les week-ends avec un encha\u00eenement c\u00f4tes \/ allures \/ sorties longues.<\/span><\/span> <strong><span style=\"font-size: 12pt;\"><br class=\"none\" \/><br class=\"none\" \/><span style=\"color: #000000; font-size: 14pt;\">Bloc 1 : 4 semaines dont 3 intenses et 1 d\u2019assimilation avec un semi-marathon test<\/span><br class=\"none\" \/><br class=\"none\" \/><a href=\"http:\/\/www.team-outdoor.fr\/blog\/wp-content\/uploads\/2015\/11\/S8.jpg\"><img loading=\"lazy\" decoding=\"async\" class=\"aligncenter size-full wp-image-9707\" src=\"http:\/\/www.team-outdoor.fr\/blog\/wp-content\/uploads\/2015\/11\/S8.jpg\" alt=\"S8\" width=\"1376\" height=\"473\" srcset=\"https:\/\/www.team-outdoor.fr\/blog\/wp-content\/uploads\/2015\/11\/S8.jpg 1376w, https:\/\/www.team-outdoor.fr\/blog\/wp-content\/uploads\/2015\/11\/S8-300x103.jpg 300w, https:\/\/www.team-outdoor.fr\/blog\/wp-content\/uploads\/2015\/11\/S8-1024x352.jpg 1024w, https:\/\/www.team-outdoor.fr\/blog\/wp-content\/uploads\/2015\/11\/S8-600x206.jpg 600w\" sizes=\"auto, (max-width: 1376px) 100vw, 1376px\" \/><\/a><\/span><\/strong><span style=\"font-size: 12pt;\"><strong>Inversion des s\u00e9ances du mercredi et du vendredi<\/strong> : la s\u00e9ance de 400m du mercredi se veut \u00ab dynamique \u00bb, elle permet de se remettre dans le bain apr\u00e8s la course de dimanche. De fait la s\u00e9ance de 2000 s\u2019est tr\u00e8s bien pass\u00e9e. \u00a0<\/span><strong><span style=\"font-size: 12pt;\"><br \/>\n<br class=\"none\" \/><a href=\"http:\/\/www.team-outdoor.fr\/blog\/wp-content\/uploads\/2015\/11\/S9.jpg\"><img loading=\"lazy\" decoding=\"async\" class=\"aligncenter size-full wp-image-9708\" src=\"http:\/\/www.team-outdoor.fr\/blog\/wp-content\/uploads\/2015\/11\/S9.jpg\" alt=\"S9\" width=\"1384\" height=\"471\" srcset=\"https:\/\/www.team-outdoor.fr\/blog\/wp-content\/uploads\/2015\/11\/S9.jpg 1384w, https:\/\/www.team-outdoor.fr\/blog\/wp-content\/uploads\/2015\/11\/S9-300x102.jpg 300w, https:\/\/www.team-outdoor.fr\/blog\/wp-content\/uploads\/2015\/11\/S9-1024x348.jpg 1024w, https:\/\/www.team-outdoor.fr\/blog\/wp-content\/uploads\/2015\/11\/S9-600x204.jpg 600w\" sizes=\"auto, (max-width: 1384px) 100vw, 1384px\" \/><\/a><a href=\"http:\/\/www.team-outdoor.fr\/blog\/wp-content\/uploads\/2015\/11\/S10.jpg\"><img loading=\"lazy\" decoding=\"async\" class=\"aligncenter size-full wp-image-9709\" src=\"http:\/\/www.team-outdoor.fr\/blog\/wp-content\/uploads\/2015\/11\/S10.jpg\" alt=\"S10\" width=\"1367\" height=\"486\" srcset=\"https:\/\/www.team-outdoor.fr\/blog\/wp-content\/uploads\/2015\/11\/S10.jpg 1367w, https:\/\/www.team-outdoor.fr\/blog\/wp-content\/uploads\/2015\/11\/S10-300x107.jpg 300w, https:\/\/www.team-outdoor.fr\/blog\/wp-content\/uploads\/2015\/11\/S10-1024x364.jpg 1024w, https:\/\/www.team-outdoor.fr\/blog\/wp-content\/uploads\/2015\/11\/S10-600x213.jpg 600w\" sizes=\"auto, (max-width: 1367px) 100vw, 1367px\" \/><\/a><a href=\"http:\/\/www.team-outdoor.fr\/blog\/wp-content\/uploads\/2015\/11\/S11.jpg\"><img loading=\"lazy\" decoding=\"async\" class=\"aligncenter size-full wp-image-9710\" src=\"http:\/\/www.team-outdoor.fr\/blog\/wp-content\/uploads\/2015\/11\/S11.jpg\" alt=\"S11\" width=\"1375\" height=\"492\" srcset=\"https:\/\/www.team-outdoor.fr\/blog\/wp-content\/uploads\/2015\/11\/S11.jpg 1375w, https:\/\/www.team-outdoor.fr\/blog\/wp-content\/uploads\/2015\/11\/S11-300x107.jpg 300w, https:\/\/www.team-outdoor.fr\/blog\/wp-content\/uploads\/2015\/11\/S11-1024x366.jpg 1024w, https:\/\/www.team-outdoor.fr\/blog\/wp-content\/uploads\/2015\/11\/S11-600x215.jpg 600w\" sizes=\"auto, (max-width: 1375px) 100vw, 1375px\" \/><\/a><span style=\"color: #000000; font-size: 14pt;\"><br class=\"none\" \/>Bloc 2 : 4 semaines dont 2 charg\u00e9e et 2 d\u2019affutage\/assimilation\/repos<\/span><br class=\"none\" \/><br class=\"none\" \/><a href=\"http:\/\/www.team-outdoor.fr\/blog\/wp-content\/uploads\/2015\/11\/S12.jpg\"><img loading=\"lazy\" decoding=\"async\" class=\"aligncenter size-full wp-image-9711\" src=\"http:\/\/www.team-outdoor.fr\/blog\/wp-content\/uploads\/2015\/11\/S12.jpg\" alt=\"S12\" width=\"1372\" height=\"522\" srcset=\"https:\/\/www.team-outdoor.fr\/blog\/wp-content\/uploads\/2015\/11\/S12.jpg 1372w, https:\/\/www.team-outdoor.fr\/blog\/wp-content\/uploads\/2015\/11\/S12-300x114.jpg 300w, https:\/\/www.team-outdoor.fr\/blog\/wp-content\/uploads\/2015\/11\/S12-1024x390.jpg 1024w, https:\/\/www.team-outdoor.fr\/blog\/wp-content\/uploads\/2015\/11\/S12-600x228.jpg 600w\" sizes=\"auto, (max-width: 1372px) 100vw, 1372px\" \/><\/a><\/span><\/strong><span style=\"font-size: 12pt;\"><br class=\"none\" \/><\/span><span style=\"font-size: 12pt;\"><strong>Inversion des s\u00e9ances du mercredi et du vendredi<\/strong> : la s\u00e9ance de 400m du mercredi se veut \u00ab dynamique \u00bb, elle permet de se remettre dans le bain apr\u00e8s la course de dimanche. Plus grosse semaine de la pr\u00e9paration (et de l\u2019ann\u00e9e).<\/span><strong><span style=\"font-size: 12pt;\"><br class=\"none\" \/><br class=\"none\" \/><a href=\"http:\/\/www.team-outdoor.fr\/blog\/wp-content\/uploads\/2015\/11\/S13.jpg\"><img loading=\"lazy\" decoding=\"async\" class=\"aligncenter size-full wp-image-9712\" src=\"http:\/\/www.team-outdoor.fr\/blog\/wp-content\/uploads\/2015\/11\/S13.jpg\" alt=\"S13\" width=\"1375\" height=\"478\" srcset=\"https:\/\/www.team-outdoor.fr\/blog\/wp-content\/uploads\/2015\/11\/S13.jpg 1375w, https:\/\/www.team-outdoor.fr\/blog\/wp-content\/uploads\/2015\/11\/S13-300x104.jpg 300w, https:\/\/www.team-outdoor.fr\/blog\/wp-content\/uploads\/2015\/11\/S13-1024x356.jpg 1024w, https:\/\/www.team-outdoor.fr\/blog\/wp-content\/uploads\/2015\/11\/S13-600x209.jpg 600w\" sizes=\"auto, (max-width: 1375px) 100vw, 1375px\" \/><\/a><\/span><\/strong><span style=\"font-size: 12pt;\">A quinze jours de l\u2019\u00e9ch\u00e9ance les 20km de Paris sont un bon test sans se rentrer dedans<\/span><strong><span style=\"font-size: 12pt;\"><br class=\"none\" \/><br class=\"none\" \/><a href=\"http:\/\/www.team-outdoor.fr\/blog\/wp-content\/uploads\/2015\/11\/S14.jpg\"><img loading=\"lazy\" decoding=\"async\" class=\"aligncenter size-full wp-image-9713\" src=\"http:\/\/www.team-outdoor.fr\/blog\/wp-content\/uploads\/2015\/11\/S14.jpg\" alt=\"S14\" width=\"1374\" height=\"486\" srcset=\"https:\/\/www.team-outdoor.fr\/blog\/wp-content\/uploads\/2015\/11\/S14.jpg 1374w, https:\/\/www.team-outdoor.fr\/blog\/wp-content\/uploads\/2015\/11\/S14-300x106.jpg 300w, https:\/\/www.team-outdoor.fr\/blog\/wp-content\/uploads\/2015\/11\/S14-1024x362.jpg 1024w, https:\/\/www.team-outdoor.fr\/blog\/wp-content\/uploads\/2015\/11\/S14-600x212.jpg 600w\" sizes=\"auto, (max-width: 1374px) 100vw, 1374px\" \/><\/a><a href=\"http:\/\/www.team-outdoor.fr\/blog\/wp-content\/uploads\/2015\/11\/S15.jpg\"><img loading=\"lazy\" decoding=\"async\" class=\"aligncenter size-full wp-image-9714\" src=\"http:\/\/www.team-outdoor.fr\/blog\/wp-content\/uploads\/2015\/11\/S15.jpg\" alt=\"S15\" width=\"1376\" height=\"401\" srcset=\"https:\/\/www.team-outdoor.fr\/blog\/wp-content\/uploads\/2015\/11\/S15.jpg 1376w, https:\/\/www.team-outdoor.fr\/blog\/wp-content\/uploads\/2015\/11\/S15-300x87.jpg 300w, https:\/\/www.team-outdoor.fr\/blog\/wp-content\/uploads\/2015\/11\/S15-1024x298.jpg 1024w, https:\/\/www.team-outdoor.fr\/blog\/wp-content\/uploads\/2015\/11\/S15-600x175.jpg 600w\" sizes=\"auto, (max-width: 1376px) 100vw, 1376px\" \/><\/a><a href=\"http:\/\/www.team-outdoor.fr\/blog\/wp-content\/uploads\/2015\/10\/104.jpg\"><img loading=\"lazy\" decoding=\"async\" class=\"aligncenter size-full wp-image-9519\" src=\"http:\/\/www.team-outdoor.fr\/blog\/wp-content\/uploads\/2015\/10\/104.jpg\" alt=\"104\" width=\"960\" height=\"640\" srcset=\"https:\/\/www.team-outdoor.fr\/blog\/wp-content\/uploads\/2015\/10\/104.jpg 960w, https:\/\/www.team-outdoor.fr\/blog\/wp-content\/uploads\/2015\/10\/104-300x200.jpg 300w, https:\/\/www.team-outdoor.fr\/blog\/wp-content\/uploads\/2015\/10\/104-600x400.jpg 600w, https:\/\/www.team-outdoor.fr\/blog\/wp-content\/uploads\/2015\/10\/104-200x133.jpg 200w\" sizes=\"auto, (max-width: 960px) 100vw, 960px\" \/><\/a><br class=\"none\" \/><br class=\"none\" \/><span style=\"color: #000000; font-size: 14pt;\">Ben<\/span><br class=\"none\" \/><\/span><\/strong><\/span><\/p>\n","protected":false},"excerpt":{"rendered":"<p>En octobre dernier, Benoit \u00e9tait au d\u00e9part du marathon de Francfort. Il franchit la ligne 42.195 kms plus tard avec un grand sourire et un record personnel en poche! Ci-dessous, l&rsquo;athl\u00e8te du Team Outdoor Paris nous am\u00e8ne au c\u0153ur de sa pr\u00e9paration en nous d\u00e9taillant son entrainement. En vert les jours de repos, en bleu [&hellip;]<\/p>\n","protected":false},"author":1,"featured_media":9521,"comment_status":"open","ping_status":"open","sticky":false,"template":"","format":"standard","meta":{"ngg_post_thumbnail":0,"footnotes":""},"categories":[11],"tags":[],"class_list":["post-9718","post","type-post","status-publish","format-standard","has-post-thumbnail","hentry","category-on-l-a-fait","has-post-title","has-post-date","has-post-category","has-post-tag","has-post-comment","has-post-author",""],"_links":{"self":[{"href":"https:\/\/www.team-outdoor.fr\/blog\/wp-json\/wp\/v2\/posts\/9718","targetHints":{"allow":["GET"]}}],"collection":[{"href":"https:\/\/www.team-outdoor.fr\/blog\/wp-json\/wp\/v2\/posts"}],"about":[{"href":"https:\/\/www.team-outdoor.fr\/blog\/wp-json\/wp\/v2\/types\/post"}],"author":[{"embeddable":true,"href":"https:\/\/www.team-outdoor.fr\/blog\/wp-json\/wp\/v2\/users\/1"}],"replies":[{"embeddable":true,"href":"https:\/\/www.team-outdoor.fr\/blog\/wp-json\/wp\/v2\/comments?post=9718"}],"version-history":[{"count":3,"href":"https:\/\/www.team-outdoor.fr\/blog\/wp-json\/wp\/v2\/posts\/9718\/revisions"}],"predecessor-version":[{"id":9721,"href":"https:\/\/www.team-outdoor.fr\/blog\/wp-json\/wp\/v2\/posts\/9718\/revisions\/9721"}],"wp:featuredmedia":[{"embeddable":true,"href":"https:\/\/www.team-outdoor.fr\/blog\/wp-json\/wp\/v2\/media\/9521"}],"wp:attachment":[{"href":"https:\/\/www.team-outdoor.fr\/blog\/wp-json\/wp\/v2\/media?parent=9718"}],"wp:term":[{"taxonomy":"category","embeddable":true,"href":"https:\/\/www.team-outdoor.fr\/blog\/wp-json\/wp\/v2\/categories?post=9718"},{"taxonomy":"post_tag","embeddable":true,"href":"https:\/\/www.team-outdoor.fr\/blog\/wp-json\/wp\/v2\/tags?post=9718"}],"curies":[{"name":"wp","href":"https:\/\/api.w.org\/{rel}","templated":true}]}}